{"id":380609,"date":"2025-09-10T16:00:18","date_gmt":"2025-09-10T16:00:18","guid":{"rendered":"https:\/\/www.europesays.com\/fr\/380609\/"},"modified":"2025-09-10T16:00:18","modified_gmt":"2025-09-10T16:00:18","slug":"plus-de-5-000-personnes-dans-la-rue-des-perturbations-en-cours","status":"publish","type":"post","link":"https:\/\/www.europesays.com\/fr\/380609\/","title":{"rendered":"plus de 5 000 personnes dans la rue, des perturbations en cours"},"content":{"rendered":"<p>            Par<br \/>\n        <strong><br \/>\n            <a href=\"https:\/\/actu.fr\/auteur\/julien-sournies\" title=\"Consulter tous les articles de Julien Sournies\" target=\"_blank\" rel=\"noopener\">Julien Sournies<\/a><br \/>\n        <\/strong><\/p>\n<p>        Publi\u00e9 le<\/p>\n<p>            10 sept. 2025 \u00e0 17h44        <\/p>\n<p>C\u2019\u00e9tait le plus grand <a href=\"https:\/\/actu.fr\/auvergne-rhone-alpes\/saint-etienne_42218\/bloquons-tout-le-10-septembre-voici-a-quoi-s-attendre-a-saint-etienne-et-dans-la-loire_63129940.html\" target=\"_blank\" rel=\"noopener\">point de rassemblement<\/a> de <a href=\"https:\/\/actu.fr\/saint-etienne\/\" target=\"_blank\" rel=\"noopener\">Saint-\u00c9tienne<\/a>. Dans le cadre du mouvement \u00ab\u2009Bloquons tout\u2009\u00bb du 10\u00a0septembre, visant \u00e0 paralyser le pays tout entier, un cort\u00e8ge s\u2019est \u00e9lanc\u00e9 peu apr\u00e8s 15\u00a0heures depuis la Bourse du travail.<\/p>\n<p class=\" wall-content\">Selon les informations du <a href=\"https:\/\/www.leprogres.fr\/social\/2025\/09\/10\/bloquons-tout-saint-etienne-roanne-le-puy-en-velay-suivez-la-mobilisation-de-ce-10-septembre\" target=\"_blank\" rel=\"noopener\">Progr\u00e8s<\/a>, <strong>plus de 5\u2009000\u00a0personnes<\/strong> se sont rassembl\u00e9es pour arpenter les rues de la capitale de la Loire, o\u00f9 elles ont pu rallier l\u2019h\u00f4tel de ville peu avant 17 heures. La marche se poursuivra ensuite jusqu\u2019\u00e0 la gare Saint-\u00c9tienne-Ch\u00e2teaucreux \u00ab\u2009pour d\u00e9cider ensemble de la suite de la lutte\u2009\u00bb.<\/p>\n<p>Des perturbations sur le r\u00e9seau STAS<\/p>\n<p class=\" wall-content\">Forc\u00e9ment, des perturbations sont en cours au niveau des transports en commun, \u00e0 l\u2019instar de ce mercredi matin. Dans son dernier point trafic, le r\u00e9seau STAS indique que la ligne de tramway T1 circule uniquement entre les Stations H\u00f4pital Nord et Cit\u00e9 du Design.<\/p>\n<p>    <img   decoding=\"async\" loading=\"lazy\" src=\"https:\/\/www.europesays.com\/fr\/wp-content\/uploads\/2025\/09\/sainte-manif-960x640.jpg\" alt=\"Les forces de l'ordre ont \u00e9t\u00e9 mobilis\u00e9s en nombre ce mercredi-apr\u00e8s-midi \u00e0 Saint-Etienne.\" width=\"960\" height=\"640\"\/><br \/>\n    Les forces de l\u2019ordre ont \u00e9t\u00e9 mobilis\u00e9es en nombre ce mercredi-apr\u00e8s-midi \u00e0 Saint-Etienne. (\u00a9Photo Telegram)<\/p>\n<p class=\" wall-content\">Les lignes T2 et T3 sont, quant \u00e0 elles, totalement <strong>immobilis\u00e9es<\/strong>. Des bus de remplacements ont donc \u00e9t\u00e9 mis en place\u2009:<\/p>\n<ul class=\" wall-content\">\n<li>La ligne T1B assure la liaison Rue de la Tour de Varan (face \u00e0 la station Bourse du Travail) \u00a0Bellevue<\/li>\n<li>La ligne de bus T2B assure la liaison Cit\u00e9 du Design \u00a0Place Carnot \u00a0Ch\u00e2teaucreux (via le boulevard Jules Janin)<\/li>\n<\/ul>\n<p class=\" wall-content\">\u00c0 cela, les lignes de bus M2, M3, M7, 12, 13, 16 font actuellement l\u2019objet d\u2019une d\u00e9viation (plus d\u2019informations sur le <a href=\"https:\/\/www.reseau-stas.fr\/fr\/infos-trafic\/17\/Disrupt\/m2-m3-m7-12-13-16-deviees-buc-montat-21-24-interro\/details\/00000000-0000-0000-0000-000000098061\" target=\"_blank\" rel=\"noopener\">site internet de STAS<\/a>). Les lignes 21 et 24 sont \u00ab\u2009progressivement interrompues\u2009\u00bb, pr\u00e9cise le r\u00e9seau STAS.<\/p>\n<p class=\" wall-content\">Pour l\u2019heure, la pr\u00e9fecture lig\u00e9rienne n\u2019a pas encore communiqu\u00e9 les chiffres des interpellations.<\/p>\n<p>Votre r\u00e9gion, votre actu !<\/p>\n<p>Recevez chaque jour les infos qui comptent pour vous.<\/p>\n<p>\t<a href=\"https:\/\/actu.fr\/newsletter\" class=\"ac-btn ac-btn--corner ac-btn--medium ac-btn--blue800\" target=\"_blank\" rel=\"noopener\">S&rsquo;incrire<\/a><br \/>\nUn magasin Carrefour City d\u00e9grad\u00e9<\/p>\n<p class=\" wall-content\">Pour rappel, d\u00e8s 6h, une premi\u00e8re manifestation s\u2019est form\u00e9e devant la gare de Saint-Etienne-Chateaucreux. En parall\u00e8le, un <a href=\"https:\/\/actu.fr\/auvergne-rhone-alpes\/la-grand-croix_42103\/bloquons-tout-le-10-septembre-pagaille-sur-l-a47-pres-de-saint-etienne-ce-qu-il-s-est-passe_63138952.html\" target=\"_blank\" rel=\"noopener\">incendie volontaire a aussi \u00e9t\u00e9 allum\u00e9 sur l\u2019A47<\/a> \u00e0 hauteur de La Grand-Croix en direction de Lyon, paralysant la circulation une trentaine de minutes.<\/p>\n<p class=\" wall-content\">Des rassemblements ont ensuite eu lieu devant les lyc\u00e9es Etienne Mimard, Claude Fauriel et Honor\u00e9 d\u2019Urf\u00e9 ainsi que le campus Tr\u00e9filerie.<\/p>\n<p class=\" wall-content\">Le cort\u00e8ge de manifestants \u00e0 Saint-Etienne s\u2019est par la suite d\u00e9plac\u00e9 de la gare vers le campus d\u00e9gradant du mobilier urbain et incendiant divers d\u00e9tritus et poubelles, indique les services de l\u2019\u00c9tat.<\/p>\n<p class=\" wall-content\">Par ailleurs, sur le passage du cort\u00e8ge de ce matin, des commerces ont \u00e9t\u00e9 pris pour cible et notamment le magasin Carrefour City de la place Anatole France.<\/p>\n<p class=\" wall-content\">\n<p class=\" wall-content\">Pour l\u2019heure, la pr\u00e9fecture lig\u00e9rienne n\u2019a pas encore communiqu\u00e9 les chiffres des interpellations.<\/p>\n<p>Plus d\u2019informations \u00e0 venir\u2026<\/p>\n<p class=\" wall-content\">Personnalisez votre actualit\u00e9 en ajoutant vos villes et m\u00e9dias en favori avec <a href=\"https:\/\/moncompte.actu.fr\" title=\"D\u00e9couvez Mon Actu\" rel=\"nofollow noopener\" data-trk=\"{&quot;cta&quot;:{&quot;action&quot;:&quot;https:\\\/\\\/moncompte.actu.fr&quot;,&quot;category&quot;:&quot;mon compte&quot;,&quot;from&quot;:&quot;article footer&quot;,&quot;name&quot;:&quot;Mon actu&quot;,&quot;type&quot;:&quot;cta&quot;}}\" target=\"_blank\">Mon Actu<\/a>.<\/p>\n","protected":false},"excerpt":{"rendered":"Par Julien Sournies Publi\u00e9 le 10 sept. 2025 \u00e0 17h44 C\u2019\u00e9tait le plus grand point de rassemblement de&hellip;\n","protected":false},"author":2,"featured_media":380610,"comment_status":"","ping_status":"","sticky":false,"template":"","format":"standard","meta":{"footnotes":""},"categories":[9653],"tags":[1111,11,2430,47212,1777,674,1011,27,1272,50957,12,25,4001,104],"class_list":{"0":"post-380609","1":"post","2":"type-post","3":"status-publish","4":"format-standard","5":"has-post-thumbnail","7":"category-saint-etienne","8":"tag-actu","9":"tag-actualites","10":"tag-auvergne-rhone-alpes","11":"tag-bloquons-tout","12":"tag-eu","13":"tag-europe","14":"tag-fr","15":"tag-france","16":"tag-manifestations","17":"tag-mouvement-du-10-septembre","18":"tag-news","19":"tag-republique-francaise","20":"tag-saint-etienne","21":"tag-societe"},"share_on_mastodon":{"url":"https:\/\/pubeurope.com\/@fr\/115180838939974690","error":""},"_links":{"self":[{"href":"https:\/\/www.europesays.com\/fr\/wp-json\/wp\/v2\/posts\/380609","targetHints":{"allow":["GET"]}}],"collection":[{"href":"https:\/\/www.europesays.com\/fr\/wp-json\/wp\/v2\/posts"}],"about":[{"href":"https:\/\/www.europesays.com\/fr\/wp-json\/wp\/v2\/types\/post"}],"author":[{"embeddable":true,"href":"https:\/\/www.europesays.com\/fr\/wp-json\/wp\/v2\/users\/2"}],"replies":[{"embeddable":true,"href":"https:\/\/www.europesays.com\/fr\/wp-json\/wp\/v2\/comments?post=380609"}],"version-history":[{"count":0,"href":"https:\/\/www.europesays.com\/fr\/wp-json\/wp\/v2\/posts\/380609\/revisions"}],"wp:featuredmedia":[{"embeddable":true,"href":"https:\/\/www.europesays.com\/fr\/wp-json\/wp\/v2\/media\/380610"}],"wp:attachment":[{"href":"https:\/\/www.europesays.com\/fr\/wp-json\/wp\/v2\/media?parent=380609"}],"wp:term":[{"taxonomy":"category","embeddable":true,"href":"https:\/\/www.europesays.com\/fr\/wp-json\/wp\/v2\/categories?post=380609"},{"taxonomy":"post_tag","embeddable":true,"href":"https:\/\/www.europesays.com\/fr\/wp-json\/wp\/v2\/tags?post=380609"}],"curies":[{"name":"wp","href":"https:\/\/api.w.org\/{rel}","templated":true}]}}