{"id":380615,"date":"2025-09-10T16:03:10","date_gmt":"2025-09-10T16:03:10","guid":{"rendered":"https:\/\/www.europesays.com\/fr\/380615\/"},"modified":"2025-09-10T16:03:10","modified_gmt":"2025-09-10T16:03:10","slug":"les-causes-du-chaos-au-moyen-orient-en-debat-a-la-fmes-de-toulon-ce-jeudi","status":"publish","type":"post","link":"https:\/\/www.europesays.com\/fr\/380615\/","title":{"rendered":"Les causes du chaos au Moyen-Orient en d\u00e9bat \u00e0 la FMES de Toulon ce jeudi"},"content":{"rendered":"<p>Auteur du livre La d\u00e9composition du Moyen-Orient paru le 8 mai dernier aux \u00c9ditions Tallandier, Adel Bakawan, directeur de l\u2019European Institute for Studies on the Middle East and North Africa, sera \u00e0 Toulon ce jeudi 11 septembre (1). Invit\u00e9 par la Fondation m\u00e9diterran\u00e9enne d\u2019\u00e9tudes strat\u00e9giques, il reviendra sur les \u00e9v\u00e9nements qui, au cours de ces 25 derni\u00e8res ann\u00e9es, ont conduit au chaos au Moyen-Orient. Et notamment sur trois dates &#8211; le 11 septembre 2001, les printemps arabes de 2010-2011 et le 7 octobre 2023 &#8211; qu\u2019il qualifie de \u00ab\u00a0ruptures qui ont fait basculer l\u2019histoire\u00a0\u00bb.<\/p>\n<p><strong>En quoi l\u2019attentat suicide contre les Twin Towers de New York, le 11 septembre 2001, a-t-il contribu\u00e9 \u00e0 la lente d\u00e9composition du Moyen-Orient?<\/strong><\/p>\n<p>Pour le pr\u00e9sident am\u00e9ricain de l\u2019\u00e9poque, George W. Bush, les \u00c9tats-Unis avaient \u00e9t\u00e9 pris pour cible parce qu\u2019ils portaient la d\u00e9mocratie. De ce constat est n\u00e9e l\u2019id\u00e9e de d\u00e9mocratiser le grand Moyen-Orient (qui s\u2019\u00e9tend du Maroc \u00e0 l\u2019Afghanistan).<\/p>\n<p>Pour mener \u00e0 bien leur projet, les \u00c9tats-Unis ont d\u00e9cid\u00e9 qu\u2019il leur fallait cr\u00e9er un mod\u00e8le d\u2019\u00c9tat d\u00e9mocratique et lib\u00e9ral au Moyen-Orient et ont choisi l\u2019Irak de Saddam Hussein qui, avec la Syrie et l\u2019\u00c9gypte, constituait le centre de gravit\u00e9 du monde arabe. Pour ce faire, ils ont d\u00e9capit\u00e9 l\u2019Irak, notamment en s\u2019attaquant \u00e0 l\u2019\u00e9lite sunnite qui dirigeait le pays depuis plus de 300 ans. Ils ont voulu d\u00e9mocratiser le pays par le haut, mais le bas n\u2019\u00e9tait pas pr\u00eat.<\/p>\n<p><strong>Si l\u2019on s\u2019en tient \u00e0 la date du 7 octobre 2023, vous vous attendiez au \u00ab\u00a0jusqu\u2019au-boutisme\u00a0\u00bb isra\u00e9lien en r\u00e9action \u00e0 l\u2019attaque du Hamas?<\/strong><\/p>\n<p>Oui, parce que c\u2019est la premi\u00e8re fois dans l\u2019histoire d\u2019Isra\u00ebl qu\u2019une arm\u00e9e arabe, en l\u2019occurrence la Hamas, r\u00e9ussit \u00e0 p\u00e9n\u00e9trer en territoire isra\u00e9lien et \u00e0 assassiner pr\u00e8s de 1.200 personnes. Pour un pays comme Isra\u00ebl, qui a construit sa mythologie sur la s\u00e9curit\u00e9 de son territoire, l\u2019invincibilit\u00e9 de son arm\u00e9e Tsahal et l\u2019efficacit\u00e9 de ses services de renseignements, l\u2019attaque terroriste du 7 octobre est un \u00e9norme \u00e9chec. Les Isra\u00e9liens ont vraiment eu l\u2019impression que leur pays pouvait dispara\u00eetre. Et \u00e0 partir de cette date, Isra\u00ebl, bless\u00e9 dans son arrogance, a d\u00e9cid\u00e9 de changer la totalit\u00e9 du Moyen-Orient en d\u00e9capitant l\u2019ordre milicien instaur\u00e9 par l\u2019Iran. \u00c0 Gaza bien s\u00fbr, mais aussi en Cisjordanie, au Liban, en Syrie, au Y\u00e9men, et en Irak. En deux ans, Isra\u00ebl s\u2019est impos\u00e9 comme le centre de gravit\u00e9 du Moyen-Orient, ce qui n\u2019\u00e9tait pas le cas avant.<\/p>\n<p><strong>C\u2019est l\u2019enterrement de la solution \u00e0 deux \u00c9tats pour r\u00e9gler le conflit isra\u00e9lo-palestinien?<\/strong><\/p>\n<p>Absolument pas. Pour la s\u00e9curit\u00e9 d\u2019Isra\u00ebl dans un environnement hostile, la solution \u00e0 deux \u00c9tats est la seule voie envisageable. Les Isra\u00e9liens n\u2019ont pas d\u2019autre choix que d\u2019aider \u00e0 la cr\u00e9ation d\u2019un \u00c9tat palestinien ami, d\u00e9sarm\u00e9 et alli\u00e9. Les autres solutions \u00e9voqu\u00e9es n\u2019ont aucun avenir. Rester dans la situation actuelle ne fera que favoriser la radicalisation de g\u00e9n\u00e9rations. D\u00e9porter les six millions de Palestiniens, vers o\u00f9? Ni l\u2019\u00c9gypte, ni la Jordanie ne veulent les accueillir. Quant \u00e0 la solution d\u2019un \u00c9tat binational, ce serait la fin d\u2019Isra\u00ebl en tant qu\u2019\u00c9tat juif.<\/p>\n<p><strong>Emmanuel Macron a-t-il raison de reconna\u00eetre l\u2019\u00c9tat de Palestine?<\/strong><\/p>\n<p>Sur cette question, je soutiens totalement Emmanuel Macron. Quand on se rappelle que, au lendemain de l\u2019attaque du 7 octobre 2023, le pr\u00e9sident de la R\u00e9publique avait propos\u00e9 de b\u00e2tir une coalition r\u00e9gionale et internationale pour lutter contre le Hamas, cette d\u00e9cision de reconna\u00eetre la Palestine n\u2019a pas d\u00fb \u00eatre facile. Mais en regardant ce qu\u2019il se passe depuis pr\u00e8s de deux ans, Emmanuel Macron, qui a des exigences tr\u00e8s claires en excluant notamment toute participation du Hamas \u00e0 un gouvernement palestinien, a compris que c\u2019\u00e9tait la voie de la raison.<\/p>\n<p><strong>Combien de temps sera-t-il n\u00e9cessaire pour retrouver de la stabilit\u00e9 au Moyen-Orient?<\/strong><\/p>\n<p>Vingt ans en l\u2019\u00e9tat actuel, si la d\u00e9composition se limite aux institutions. Mais peut-\u00eatre cinquante ans si jamais des pays comme l\u2019Irak, la Syrie ou encore le Liban entrent dans la d\u00e9composition territoriale et se scindent en \u00c9tats sunnite, chiite, kurde, druze, alaouite\u2026<\/p>\n<p>1. La conf\u00e9rence d\u2019Adel Bakawan aura lieu \u00e0 la Facult\u00e9 de droit de Toulon, le jeudi 11 septembre \u00e0 partir de 18h30. S\u2019inscrire sur le site internet de la FMES (www.fmes-france.org).<\/p>\n","protected":false},"excerpt":{"rendered":"Auteur du livre La d\u00e9composition du Moyen-Orient paru le 8 mai dernier aux \u00c9ditions Tallandier, Adel Bakawan, directeur&hellip;\n","protected":false},"author":2,"featured_media":380616,"comment_status":"","ping_status":"","sticky":false,"template":"","format":"standard","meta":{"footnotes":""},"categories":[9619],"tags":[1111,11,10411,1777,674,1011,27,12,882,25,2310],"class_list":{"0":"post-380615","1":"post","2":"type-post","3":"status-publish","4":"format-standard","5":"has-post-thumbnail","7":"category-toulon","8":"tag-actu","9":"tag-actualites","10":"tag-conflits","11":"tag-eu","12":"tag-europe","13":"tag-fr","14":"tag-france","15":"tag-news","16":"tag-provence-alpes-cote-dazur","17":"tag-republique-francaise","18":"tag-toulon"},"share_on_mastodon":{"url":"https:\/\/pubeurope.com\/@fr\/115180850610266672","error":""},"_links":{"self":[{"href":"https:\/\/www.europesays.com\/fr\/wp-json\/wp\/v2\/posts\/380615","targetHints":{"allow":["GET"]}}],"collection":[{"href":"https:\/\/www.europesays.com\/fr\/wp-json\/wp\/v2\/posts"}],"about":[{"href":"https:\/\/www.europesays.com\/fr\/wp-json\/wp\/v2\/types\/post"}],"author":[{"embeddable":true,"href":"https:\/\/www.europesays.com\/fr\/wp-json\/wp\/v2\/users\/2"}],"replies":[{"embeddable":true,"href":"https:\/\/www.europesays.com\/fr\/wp-json\/wp\/v2\/comments?post=380615"}],"version-history":[{"count":0,"href":"https:\/\/www.europesays.com\/fr\/wp-json\/wp\/v2\/posts\/380615\/revisions"}],"wp:featuredmedia":[{"embeddable":true,"href":"https:\/\/www.europesays.com\/fr\/wp-json\/wp\/v2\/media\/380616"}],"wp:attachment":[{"href":"https:\/\/www.europesays.com\/fr\/wp-json\/wp\/v2\/media?parent=380615"}],"wp:term":[{"taxonomy":"category","embeddable":true,"href":"https:\/\/www.europesays.com\/fr\/wp-json\/wp\/v2\/categories?post=380615"},{"taxonomy":"post_tag","embeddable":true,"href":"https:\/\/www.europesays.com\/fr\/wp-json\/wp\/v2\/tags?post=380615"}],"curies":[{"name":"wp","href":"https:\/\/api.w.org\/{rel}","templated":true}]}}