{"id":380617,"date":"2025-09-10T16:04:10","date_gmt":"2025-09-10T16:04:10","guid":{"rendered":"https:\/\/www.europesays.com\/fr\/380617\/"},"modified":"2025-09-10T16:04:10","modified_gmt":"2025-09-10T16:04:10","slug":"top-14-teddy-baubigny-toulon-je-dois-viser-lexcellence-avec-le-rct-pour-esperer-retourner-en-bleus","status":"publish","type":"post","link":"https:\/\/www.europesays.com\/fr\/380617\/","title":{"rendered":"Top 14 \u2013 Teddy Baubigny (Toulon)\u00a0: \u00ab\u00a0Je dois viser l\u2019excellence avec le RCT pour esp\u00e9rer retourner en Bleus\u00a0\u00bb"},"content":{"rendered":"<p>\n                Membre de l\u2019effectif varois avec le contrat le plus long (2029), le natif de Meaux vit son aventure toulonnaise avec passion. L\u2019international fran\u00e7ais, \u00e9l\u00e9ment indispensable de Pierre Mignoni lors des trois derni\u00e8res saisons (74 matchs jou\u00e9s), aspire maintenant \u00e0 \u00eatre plus \u00ab\u00a0impactant\u00a0\u00bb et \u00ab\u00a0d\u00e9cisif\u00a0\u00bb pour accrocher le wagon de l&rsquo;\u00e9quipe de France.\n            <\/p>\n<p><strong>On ne vous a pas entendu depuis votre prolongation \u00e0 Toulon. Pourquoi avez-vous d\u00e9cid\u00e9 de prolonger de plusieurs saisons en f\u00e9vrier dernier\u00a0?<\/strong><\/p>\n<p>Il y a un \u00e9l\u00e9ment qui a \u00e9t\u00e9 important. Au bout de ma deuxi\u00e8me ann\u00e9e ici, alors que j\u2019\u00e9tais encore sous contrat pour deux ans, Pierre (Mignoni) m\u2019a soumis l\u2019id\u00e9e de prolonger. Il m\u2019a demand\u00e9 si j\u2019\u00e9tais int\u00e9ress\u00e9 et si je voulais prolonger sur le long terme avec Toulon. Honn\u00eatement, j\u2019ai \u00e9t\u00e9 plut\u00f4t flatt\u00e9, parce que les clubs attendent de plus en plus la derni\u00e8re ann\u00e9e ou les mois juste avant la derni\u00e8re ann\u00e9e pour lancer les n\u00e9gociations. J\u2019ai pris cela comme un bon signal. C\u2019\u00e9tait important, vraiment. La deuxi\u00e8me chose, c\u2019est que le club progresse chaque ann\u00e9e. Il y a une dynamique qui s\u2019est enclench\u00e9e\u00a0: le titre en Challenge Cup, un barrage de Top 14, un quart de finale de Champions Cup, et une demi-finale de championnat. Je vois aussi un recrutement intelligent de la part du club. Tout est au vert\u00a0! Enfin, j\u2019ai toujours dit, depuis mon arriv\u00e9e ici, que je n\u2019avais pas envie de conna\u00eetre beaucoup de clubs dans ma carri\u00e8re. J\u2019ai envie d\u2019\u00eatre important l\u00e0 o\u00f9 je suis. Je m\u2019implique avec l\u2019envie, en \u00e9tant assez humble, de laisser une trace, d\u2019\u00eatre un vrai joueur de club tout en conservant une haute ambition.<\/p>\n<p><strong>L\u2019accord est, selon nos informations, tr\u00e8s vite arriv\u00e9\u2026<\/strong><\/p>\n<p>C\u2019est vrai, il n\u2019y a pas vraiment eu de sujets. Je n\u2019avais pas envie d\u2019ouvrir la concurrence \u00e0 un autre club que Toulon. Je n\u2019avais pas envie d\u2019entamer des n\u00e9gociations, souvent longues, avec tout le monde. Ici, je suis bien dans ma vie de tous les jours, j\u2019ai du temps de jeu, et je suis heureux d\u2019\u00eatre avec ces mecs. J\u2019\u00e9volue aussi dans un club qui joue les premiers r\u00f4les. Ma r\u00e9flexion a \u00e9t\u00e9 vite arr\u00eat\u00e9e. Puis, vous savez, le rugby est un sport magnifique, mais il devient de plus en plus pr\u00e9caire. Il y a des joueurs sans contrat, des blessures\u2026 Tout peut aller vite\u00a0! En m\u2019engageant sur le long terme, j\u2019ai la t\u00eate tranquille pour aller chercher de bonnes performances.<\/p>\n<p><strong>Vous avez \u00e9t\u00e9 mis sur le devant de la sc\u00e8ne, pendant les doublons de la coupe du Monde 2023, en \u00e9tant nomm\u00e9 capitaine de Toulon. Depuis, vous avez retrouv\u00e9 un r\u00f4le de leader de l\u2019ombre. Comment avez-vous v\u00e9cu cette p\u00e9riode et ce changement\u00a0?<\/strong><\/p>\n<p>J\u2019ai beaucoup appris lors de cette saison. C\u2019\u00e9tait une ann\u00e9e o\u00f9 on a eu des hauts et des bas, \u00e7a a \u00e9t\u00e9 un peu les montagnes russes\u2026 Avec le contexte, le fait que des mecs reviennent tardivement de la coupe du Monde, Pierre (Mignoni) m\u2019a expos\u00e9. Je ne le regrette pas. Mais, l\u2019an pass\u00e9, il a estim\u00e9 qu\u2019il fallait que je retrouve un peu mon rugby. Je n\u2019avais pas tout perdu, mais forc\u00e9ment, tu es un peu moins concentr\u00e9 sur toi quand tu es le capitaine d\u2019une \u00e9quipe. Je m\u2019impliquais beaucoup dans la vie de l\u2019\u00e9quipe, de m\u2019assurer que tout aille bien sur le terrain et en dehors du terrain pour les mecs. Maintenant, je suis un peu plus impliqu\u00e9 sur le jeu propre dans le but que j\u2019aille chercher le meilleur niveau possible. On en a un peu parl\u00e9 avec Pierre (Mignoni), lors du d\u00e9but de la pr\u00e9c\u00e9dente saison. Puis, vous savez, j\u2019ai encore un r\u00f4le dans le vestiaire.<\/p>\n<blockquote><p>\nLe capitanat ne m\u2019a pas desservi\n<\/p><\/blockquote>\n<p><strong>Lequel\u00a0?<\/strong><\/p>\n<p>J\u2019encadre du mieux possible David (Ribbans) et Charles (Ollivon). Ce sont des mecs charismatiques, qui sont respect\u00e9s du vestiaire. Ils sont importants pour le club, l\u2019\u00e9quipe, les supporters. Moi, je me concentre d\u2019\u00eatre un leader dans le combat, dans la conqu\u00eate. David et Charles ne peuvent pas tout dire ou tout faire, moi, je m\u2019inscris comme un relais de ces mecs.<\/p>\n<p><strong>Est-ce que vous avez pu souffrir de cette plus grande exposition\u00a0?<\/strong><\/p>\n<p>Je ne sais pas, mais je pense que, l\u2019an pass\u00e9, j\u2019ai su bien progresser en \u00e9tant plus concentr\u00e9 sur le c\u00f4t\u00e9 terrain. Je me suis reconcentr\u00e9 sur les basiques, sur mon style de jeu, dans le but d\u2019apporter \u00e0 l\u2019\u00e9quipe, d\u2019\u00eatre le plus utile possible pour mes partenaires et Pierre (Mignoni). Je pense que je peux encore mieux faire. Je suis encore jeune. Mais, au contraire, le capitanat ne m\u2019a pas desservi. Chaque exp\u00e9rience permet de s\u2019enrichir.<\/p>\n<p><strong>Vous n\u2019avez pas \u00e9t\u00e9 appel\u00e9 par le XV de France pour la tourn\u00e9e d\u2019\u00e9t\u00e9, contrairement \u00e0 l\u2019an pass\u00e9. Les Bleus vous paraissent-ils loin\u00a0?<\/strong><\/p>\n<p>J\u2019ai 27 ans, cela fait \u00e0 peu pr\u00e8s sept ans que je suis dans le circuit professionnel. J\u2019ai eu trois s\u00e9lections, je sais aussi qu\u2019il y a une hi\u00e9rarchie, des mecs qui sont bons \u00e0 mon poste. Maintenant, je dois viser l\u2019excellence avec le RCT pour esp\u00e9rer retourner en Bleus. J\u2019ai envie d\u2019y retourner. Pour aspirer plus haut, je dois \u00eatre meilleur, sortir plus du lot dans les actes, le leadership, dans mon efficacit\u00e9 au poste. Tout simplement, je dois devenir plus efficace dans tous les secteurs et \u00eatre plus d\u00e9cisif quand je suis sur le terrain. Je pense que ma marge de progression est l\u00e0\u00a0: \u00eatre plus d\u00e9terminant pour mon \u00e9quipe.<\/p>\n","protected":false},"excerpt":{"rendered":"Membre de l\u2019effectif varois avec le contrat le plus long (2029), le natif de Meaux vit son aventure&hellip;\n","protected":false},"author":2,"featured_media":380618,"comment_status":"","ping_status":"","sticky":false,"template":"","format":"standard","meta":{"footnotes":""},"categories":[9619],"tags":[1111,11,1777,674,1011,27,12,882,25,2310],"class_list":{"0":"post-380617","1":"post","2":"type-post","3":"status-publish","4":"format-standard","5":"has-post-thumbnail","7":"category-toulon","8":"tag-actu","9":"tag-actualites","10":"tag-eu","11":"tag-europe","12":"tag-fr","13":"tag-france","14":"tag-news","15":"tag-provence-alpes-cote-dazur","16":"tag-republique-francaise","17":"tag-toulon"},"share_on_mastodon":{"url":"https:\/\/pubeurope.com\/@fr\/115180854535326959","error":""},"_links":{"self":[{"href":"https:\/\/www.europesays.com\/fr\/wp-json\/wp\/v2\/posts\/380617","targetHints":{"allow":["GET"]}}],"collection":[{"href":"https:\/\/www.europesays.com\/fr\/wp-json\/wp\/v2\/posts"}],"about":[{"href":"https:\/\/www.europesays.com\/fr\/wp-json\/wp\/v2\/types\/post"}],"author":[{"embeddable":true,"href":"https:\/\/www.europesays.com\/fr\/wp-json\/wp\/v2\/users\/2"}],"replies":[{"embeddable":true,"href":"https:\/\/www.europesays.com\/fr\/wp-json\/wp\/v2\/comments?post=380617"}],"version-history":[{"count":0,"href":"https:\/\/www.europesays.com\/fr\/wp-json\/wp\/v2\/posts\/380617\/revisions"}],"wp:featuredmedia":[{"embeddable":true,"href":"https:\/\/www.europesays.com\/fr\/wp-json\/wp\/v2\/media\/380618"}],"wp:attachment":[{"href":"https:\/\/www.europesays.com\/fr\/wp-json\/wp\/v2\/media?parent=380617"}],"wp:term":[{"taxonomy":"category","embeddable":true,"href":"https:\/\/www.europesays.com\/fr\/wp-json\/wp\/v2\/categories?post=380617"},{"taxonomy":"post_tag","embeddable":true,"href":"https:\/\/www.europesays.com\/fr\/wp-json\/wp\/v2\/tags?post=380617"}],"curies":[{"name":"wp","href":"https:\/\/api.w.org\/{rel}","templated":true}]}}