{"id":380621,"date":"2025-09-10T16:06:22","date_gmt":"2025-09-10T16:06:22","guid":{"rendered":"https:\/\/www.europesays.com\/fr\/380621\/"},"modified":"2025-09-10T16:06:22","modified_gmt":"2025-09-10T16:06:22","slug":"direct-bloquons-tout-canon-a-eau-degaine-a-montpellier-encore-des-tensions-a-paris-nantes-et-rennes","status":"publish","type":"post","link":"https:\/\/www.europesays.com\/fr\/380621\/","title":{"rendered":"DIRECT Bloquons tout\u00a0: Canon \u00e0 eau d\u00e9gain\u00e9 \u00e0 Montpellier, encore des tensions \u00e0 Paris, Nantes et Rennes\u2026"},"content":{"rendered":"<p>15h03.Pr\u00e8s de 30 000 manifestants, selon le gouvernement<\/p>\n<p class=\"live-post__amorce\">Selon le dernier bilan du minist\u00e8re de l&rsquo;Int\u00e9rieur : <br \/><strong>295 interpellations<\/strong>  en France dont 183 \u00e0 Paris <br \/><strong>106 actions de d\u00e9blocage<\/strong>  men\u00e9es.\u00a0<br \/><strong>Quatre agents des forces de l&rsquo;ordre \u00ab bless\u00e9s<\/strong>  l\u00e9g\u00e8rement \u00bb.<br \/><strong>430 actions <\/strong> sur le territoire, dont 273 rassemblements et 157 blocages <br \/><strong>105 incendies de voie publique<\/strong>  signal\u00e9s<br \/><strong>Pr\u00e8s de 30 000 participants,<\/strong>  en milieu d&rsquo;apr\u00e8s-midi<br \/><strong>A Rennes<\/strong> , la pr\u00e9fecture a recens\u00e9 10.400 manifestants dans le centre-ville<br \/><strong>A Montpellier<\/strong> , pr\u00e8s de 6.000 personnes d\u00e9filent <br \/><strong>A Lyon et Bordeaux<\/strong> , environ 2.000 manifestants comptabilis\u00e9s par les autorit\u00e9s<\/p>\n<p>17h51.L&rsquo;incendie \u00e0 Paris provoqu\u00e9 par la police ?<\/p>\n<p class=\"live-post__amorce\">L&rsquo;incendie qui a en partie endommag\u00e9 un restaurant et une fa\u00e7ade d&rsquo;immeuble dans le centre de Paris dans le cadre de la mobilisation \u00ab\u00a0Bloquons tout\u00a0\u00bb pourrait avoir \u00e9t\u00e9 provoqu\u00e9 involontairement par une intervention polici\u00e8re, a indiqu\u00e9 mercredi la procureure de Paris.<br \/>\u00ab\u00a0En l&rsquo;\u00e9tat de nos informations, il pourrait s&rsquo;agir d&rsquo;un d\u00e9part de feu involontaire li\u00e9 \u00e0 l&rsquo;intervention des forces de l&rsquo;ordre pour faire face \u00e0 des regroupements denses et particuli\u00e8rement hostiles dans le secteur des Halles\u00a0\u00bb , a d\u00e9taill\u00e9 Laure Beccuau lors d&rsquo;un point-presse, pr\u00e9cisant qu&rsquo;une enqu\u00eate sur ce sinistre avait \u00e9t\u00e9 confi\u00e9e \u00e0 la S\u00fbret\u00e9 territoriale.<\/p>\n<p>17h49.99 gardes \u00e0 vue \u00e0 paris<\/p>\n<p class=\"live-post__amorce\">Le parquet de Paris d\u00e9nombre 199 interpellations dont 99 gardes \u00e0 vue, indique la procureure de Paris Laure Beccuau lors d&rsquo;une conf\u00e9rence de presse. Six mineurs font partie des personnes interpell\u00e9es. <\/p>\n<p>17h47.Le point de la pr\u00e9fecture de l&rsquo;H\u00e9rault<\/p>\n<p class=\"live-post__amorce\">Environ  <strong>500 manifestants encore pr\u00e9sents<\/strong>  dans les rues du centre-ville de Montpellier, dont une cinquantaine mobilis\u00e9s devant le commissariat central de police.<br \/><strong>3 manifestants bless\u00e9s<\/strong>  l\u00e9g\u00e8rement par des jets de projectiles ou par des chutes lors de man\u0153uvres de dispersion. Tous ont \u00e9t\u00e9 pris en charge par les sapeurs-pompiers. Une personne a \u00e9galement \u00e9t\u00e9 bless\u00e9e dans un accident de la circulation, lors d&rsquo;une op\u00e9ration \u00ab\u00a0escargot\u00a0\u00bb sur l&rsquo;A709.  <strong>2 CRS ont \u00e9galement \u00e9t\u00e9 touch\u00e9s<\/strong>  et l\u00e9g\u00e8rement bless\u00e9s \u00e0 la cuisse, ainsi qu&rsquo;un passant bouscul\u00e9 par un manifestant, sans gravit\u00e9.<br \/><strong>22 personnes ont \u00e9t\u00e9 interpell\u00e9es<\/strong>  , principalement pour port de masque, entrave \u00e0 la circulation, r\u00e9bellion ou jets de projectiles contre les policiers.<\/p>\n<p>17h18.Une \u00e9preuve cycliste annul\u00e9e\u00a0<\/p>\n<p class=\"live-post__amorce\">Le mouvement Bloquons tout a entra\u00een\u00e9 ce mercredi l\u2019annulation sur d\u00e9cision pr\u00e9fectorale de la 2e \u00e9tape du Tour de l\u2019Ard\u00e8che f\u00e9minin, ont annonc\u00e9 les organisateurs de la course.  \u00ab\u00a0La s\u00e9curit\u00e9 des coureuses, des suiveurs, du public et de l\u2019ensemble de la caravane de l\u2019\u00e9v\u00e9nement reste la priorit\u00e9 absolue. L\u2019organisation prend acte de cette mesure et remercie l\u2019ensemble des partenaires, collectivit\u00e9s, spectateurs et des b\u00e9n\u00e9voles pour leur compr\u00e9hension\u00a0\u00bb , ont ajout\u00e9 les organisateurs, pr\u00e9cisant que la suite de l\u2019\u00e9preuve pr\u00e9vue jusqu\u2019\u00e0 dimanche \u00e9tait  \u00ab\u00a0maintenue \u00e0 ce stade\u00a0\u00bb .<\/p>\n<p>17h16.4,14% de gr\u00e9vistes dans la fonction publique<\/p>\n<p class=\"live-post__amorce\">Les agents de la Fonction publique d&rsquo;Etat \u00e9taient 4,14% \u00e0 faire gr\u00e8ve mercredi \u00e0 l&rsquo;occasion du mouvement \u00ab\u00a0Bloquons tout\u00a0\u00bb, soit quelque 38.000 agents dont la majorit\u00e9 dans l&rsquo;Education nationale, selon des chiffres du minist\u00e8re de la Fonction publique.<\/p>\n<p>17h14.L&rsquo;incendie de l&rsquo;immeuble \u00e0 Paris est ma\u00eetris\u00e9, selon l&rsquo;AFP<\/p>\n<p class=\"live-post__amorce\">Une enqu\u00eate a \u00e9t\u00e9 ouverte pour \u00ab\u00a0d\u00e9gradation par incendie\u00a0\u00bb, annonce la procureure de Paris Laure Beccuau lors d&rsquo;une conf\u00e9rence de presse.<\/p>\n<p>17h11.C&rsquo;est fini en Gironde (sauf \u00e0 Libourne)<\/p>\n<p class=\"live-post__amorce\">En Gironde, les rassemblements  \u00ab\u00a0sont d\u00e9sormais tous lev\u00e9s \u00e0 l\u2019exception de Libourne o\u00f9 une centaine de personnes restent positionn\u00e9es devant le centre hospitalier\u00a0\u00bb ,  <a href=\"https:\/\/www.gironde.gouv.fr\/Actualites\/Communiques-de-presse\/Communiques-de-presse-2025\/Septembre-2025\/Mouvement-du-10-septembre-en-Gironde-Point-de-situation-a-16h00\" target=\"_blank\" rel=\"noopener noreferrer nofollow\" class=\"\">assure la pr\u00e9fecture dans un communiqu\u00e9<\/a> . A Bordeaux, la manifestation qui  \u00ab\u00a0a rassembl\u00e9 jusqu\u2019\u00e0 6\u00a0000 personnes dans le centre-ville (&#8230;) est d\u00e9sormais termin\u00e9e\u00a0\u00bb .<\/p>\n<p>17h10.A Nantes, \u00e7a chauffe encore<\/p>\n<p class=\"live-post__amorce\">Des manifestants ont mis le feu \u00e0 plusieurs poubelles devant l&rsquo;entr\u00e9e du CHU.<\/p>\n<blockquote data-class=\"twitter-tweet\">\n<p lang=\"fr\" dir=\"ltr\"><a href=\"https:\/\/twitter.com\/hashtag\/S%C3%A9curit%C3%A9?src=hash&amp;ref_src=twsrc%5Etfw\" rel=\"nofollow noopener\" target=\"_blank\">#S\u00e9curit\u00e9<\/a> | Les manifestants ont mis le feu \u00e0 plusieurs poubelles juste devant l&rsquo;entr\u00e9e du CHU. Apr\u00e8s sommations, les forces de l&rsquo;ordre ont dispers\u00e9 les manifestants pour permettre l&rsquo;intervention des pompiers afin d&rsquo;\u00e9teindre le feu et s\u00e9curiser l&rsquo;h\u00f4pital. <a href=\"https:\/\/t.co\/DUQ0PSqhi4\" rel=\"nofollow\">pic.twitter.com\/DUQ0PSqhi4<\/a><\/p>\n<p>\u2014 Pr\u00e9fet des Pays de la Loire et de Loire-Atlantique (@Prefet44) <a href=\"https:\/\/twitter.com\/Prefet44\/status\/1965789826445464013?ref_src=twsrc%5Etfw\" rel=\"nofollow noopener\" target=\"_blank\">September 10, 2025<\/a><\/p><\/blockquote>\n<p>17h08.SNCF R\u00e9seau va d\u00e9poser plainte<\/p>\n<p class=\"live-post__amorce\"> \u00ab\u00a0Pr\u00e9sence de palettes sur les voies entre Rennes et Redon\u00a0\u00bb,  c\u00e2bles \u00e9lectriques ont \u00e9t\u00e9 sectionn\u00e9s entre Marmande et Agen&#8230; Des enqu\u00eates sont en cours sur les actes de malveillance et SNCF R\u00e9seau a indiqu\u00e9 qu&rsquo;elle allait d\u00e9poser plainte.<\/p>\n<p>16h51.Des heurts en cours \u00e0 Rennes<\/p>\n<p class=\"live-post__amorce\">Sur la place Sainte-Anne, selon nos confr\u00e8res de  <a href=\"https:\/\/www.20minutes.fr\/societe\/greve\/4172191-20250910-direct-bloquons-tout-10-septembre-premier-ministre-lecornu-deja-epreuve-feu-colere-sociale\" target=\"_blank\" rel=\"noopener noreferrer nofollow\" class=\"\">20 Minutes<\/a> , les forces de l&rsquo;ordre essuient des jets de projectiles.  \u00ab\u00a0Un canon \u00e0 eau a \u00e9t\u00e9 utilis\u00e9 dans le courant de l&rsquo;apr\u00e8s-midi pour disperser les manifestants qui ont r\u00e9ussi \u00e0 revenir sur la place.\u00a0\u00bb <\/p>\n<p>16h47.Les images les plus fortes de la journ\u00e9e d\u2019actions<\/p>\n<p class=\"live-post__amorce\">De nombreuses actions, mais sans perturbation majeure, ont lieu  <a href=\"https:\/\/www.midilibre.fr\/actu\/societe\/social\/tout-bloquer-le-10-septembre\/\" target=\"_self\" rel=\"noopener noreferrer nofollow\" class=\"\">ce mercredi 10\u00a0septembre 2025 \u00e0 l\u2019occasion d\u2019un appel Bloquons tout<\/a> , lanc\u00e9 sur les r\u00e9seaux sociaux durant l\u2019\u00e9t\u00e9 avec de multiples revendications, dont l\u2019abandon du  <a href=\"https:\/\/www.midilibre.fr\/actu\/politique\/francois-bayrou\/\" target=\"_self\" rel=\"noopener noreferrer nofollow\" class=\"\">projet de budget de Fran\u00e7ois Bayrou<\/a> . Cette journ\u00e9e semblait celle de l\u2019\u00e9valuation de la col\u00e8re sociale dans un contexte d\u2019incertitude politique en attendant la d\u00e9signation d\u2019un nouveau gouvernement. Tour d\u2019horizon en images.<\/p>\n<p class=\"std-elt__inline\">\n        <strong>\u00c0 lire aussi :<\/strong><br \/>\n        <a href=\"https:\/\/www.midilibre.fr\/2025\/09\/10\/en-images-bloquons-tout-manifs-jets-de-pierres-pancartes-et-blocages-les-images-les-plus-fortes-de-la-journee-dactions-12921551.php\" rel=\"nofollow noopener\" target=\"_blank\">EN IMAGES Bloquons tout\u00a0: Manifs, jets de pierres, pancartes et blocages\u2026 Les images les plus fortes de la journ\u00e9e d\u2019actions<\/a>\n    <\/p>\n<p>16h24.La police sort le lanceur d&rsquo;eau \u00e0 Montpellier<\/p>\n<p class=\"live-post__amorce\">Un milliers de personnes continuent de d\u00e9fier les forces de l&rsquo;ordre dans le centre-ville de Montpellier. Il y a quelques minutes, les CRS ont repris le contr\u00f4le de la place de la Com\u00e9die \u00e0 grand renfort de gaz lacrymog\u00e8nes. Les manifestants se sont alors d\u00e9plac\u00e9s vers la gare Saint-Roch, o\u00f9 des d\u00e9gradations ont \u00e9t\u00e9 commises, notamment sur le fast-food McDonald&rsquo;s. La police a proc\u00e9d\u00e9 \u00e0 une interpellation. La police est intervenue au niveau de la gare avec le lanceur d&rsquo;eau pour disperser les manifestants qui ont fait br\u00fbler des containers devant la gare<\/p>\n<blockquote data-instgrm-captioned=\"\" data-instgrm-permalink=\"https:\/\/www.instagram.com\/reel\/DObGCJUDHvM\/?utm_source=ig_embed&amp;utm_campaign=loading\" data-instgrm-version=\"14\" style=\" background:#FFF; border:0; border-radius:3px; box-shadow:0 0 1px 0 rgba(0,0,0,0.5),0 1px 10px 0 rgba(0,0,0,0.15); margin: 1px; max-width:540px; min-width:326px; padding:0; width:99.375%; width:-webkit-calc(100% - 2px); width:calc(100% - 2px);\" data-class=\"instagram-media\"\/>\n<p>15h20.Un immeuble incendi\u00e9 dans le centre de Paris, selon l&rsquo;AFP<\/p>\n<p class=\"live-post__amorce\">la police tente de contenir le feu dans un restaurant parisien, \u00e0 Ch\u00e2telet, et sur la fa\u00e7ade de l&rsquo;immeuble au-dessus du restaurant. \u00ab\u00a0Le feu est aliment\u00e9 par une v\u00e9g\u00e9talisation synth\u00e9tique\u00a0\u00bb, selon nos confr\u00e8res du  Parisien.  <\/p>\n<p>15h17.Fermeture des Halles \u00e0 Paris<\/p>\n<p class=\"live-post__amorce\">Le centre commercial du Forum des Halles, un des plus importants d&rsquo;Europe (134 boutiques sur 75.900 m\u00b2 et pr\u00e8s de 62,5 millions de visiteurs en 2024), a ferm\u00e9 ses portes mercredi apr\u00e8s-midi, alors que des manifestants du mouvement \u00ab\u00a0Bloquons tout\u00a0\u00bb se sont rassembl\u00e9s dans le quartier, a constat\u00e9 une journaliste de l&rsquo;AFP. Les acc\u00e8s \u00e0 ce centre commercial situ\u00e9 en plein coeur de Paris, et qui comporte aussi un cin\u00e9ma, une piscine et des restaurants, ont \u00e9t\u00e9 ferm\u00e9s aux alentours de 15 heures, selon cette m\u00eame source.<br \/>Les stations de m\u00e9tro et de RER Ch\u00e2telet-les-Halles \u00e9taient aussi inaccessibles mercredi apr\u00e8s-midi.<br \/>La pr\u00e9fecture de police a indiqu\u00e9 avoir recommand\u00e9 mardi aux commer\u00e7ants des Halles de renforcer leurs mesures de s\u00e9curit\u00e9 et leur a conseill\u00e9 de fermer les boutiques apr\u00e8s des appels aux pillages circulant sur les r\u00e9seaux sociaux.<\/p>\n<p>14h51.Mais pourquoi Pavel Durov est-il \u00ab\u00a0fier\u00a0\u00bb ?<\/p>\n<p class=\"live-post__amorce\">Pavel Durov, fondateur de Telegram, s&rsquo;est dit \u00ab\u00a0fier\u00a0\u00bb mercredi que son r\u00e9seau social soit utilis\u00e9 en France par les manifestants du mouvement \u00ab\u00a0Bloquons tout\u00a0\u00bb.<\/p>\n<p>14h26.Lecornu promet des \u00ab\u00a0ruptures\u00a0\u00bb\u00a0<\/p>\n<p class=\"live-post__amorce\">Le nouveau Premier ministre fran\u00e7ais S\u00e9bastien Lecornu a promis mercredi des  \u00ab\u00a0ruptures\u00a0\u00bb , avant de s&rsquo;atteler \u00e0 la lourde t\u00e2che de constituer une coalition gouvernementale pour sortir le pays de l&rsquo;impasse politique, en pleine journ\u00e9e de mobilisation sociale. Pour en savoir plus, il vous suffit de suivre notre live politique, anim\u00e9 par notre journaliste Elise Do Marcolino :<\/p>\n<p class=\"std-elt__inline\">\n        <strong>\u00c0 lire aussi :<\/strong><br \/>\n        <a href=\"https:\/\/www.midilibre.fr\/2025\/09\/10\/direct-sebastien-lecornu-nomme-premier-ministre-la-passation-de-pouvoir-avec-francois-bayrou-se-fera-a-midi-suivez-les-dernieres-infos-12921348.php\" rel=\"nofollow noopener\" target=\"_blank\">DIRECT S\u00e9bastien Lecornu Premier ministre\u00a0: le nouveau chef du gouvernement va-t-il parler de la mobilisation \u00ab\u00a0Bloquons tout\u00a0\u00bb\u00a0?<\/a>\n    <\/p>\n<p>14h13.241 actions, 10.000 manifestants<\/p>\n<p class=\"live-post__amorce\">En fin de matin\u00e9e, pr\u00e8s de 200 personnes avaient \u00e9t\u00e9 arr\u00eat\u00e9es dont 159 en agglom\u00e9ration parisienne. Les gendarmes d\u00e9comptaient 241 actions dans leur zone, rassemblant environ 10.000 manifestants.<\/p>\n<p>14h05.Tension \u00e0 la gare du Nord<\/p>\n<p class=\"live-post__amorce\">A la gare du Nord \u00e0 Paris, la situation \u00e9tait tendue en fin de matin\u00e9e avec les forces de l&rsquo;ordre qui filtraient les entr\u00e9es. Des manifestants assez jeunes arboraient des pancartes comme \u00ab\u00a0le m\u00e9pris d\u00e9clenche la col\u00e8re\u00a0\u00bb tout en reprenant l&rsquo;hymne des gilets jaunes \u00ab\u00a0on est l\u00e0, on est l\u00e0, m\u00eame si Macron ne veut pas nous, on est l\u00e0 !\u00a0\u00bb, a constat\u00e9 l&rsquo;AFP.<\/p>\n<p>14h02.\u00a0\u00bbLes manifs, \u00e7a sert \u00e0 rien alors il faut bloquer\u00a0\u00bb\u00a0<\/p>\n<p class=\"live-post__amorce\"> \u00ab\u00a0Les manifs, \u00e7a sert \u00e0 rien alors il faut bloquer. Contre les milliards donn\u00e9s aux riches, le budget de la guerre qui double, et pour la retraite \u00e0 60 ans\u00a0\u00bb , a d\u00e9clar\u00e9 \u00e0 nos coll\u00e8gues de l&rsquo;AFP une jeune militante qui se fait appeler Camille, sur un barrage filtrant \u00e0 l&rsquo;entr\u00e9e de Dijon, qui a provoqu\u00e9 un embouteillage monstre sous les yeux impuissants des policiers municipaux.<\/p>\n<p>13h44.Gaz lacrymog\u00e8nes et jets de pierres \u00e0 Montpellier<\/p>\n<p class=\"live-post__amorce\">Pour tout savoir, c&rsquo;est dans notre live sp\u00e9cial Montpellier, ci-dessous :<\/p>\n<p class=\"std-elt__inline\">\n        <strong>\u00c0 lire aussi :<\/strong><br \/>\n        <a href=\"https:\/\/www.midilibre.fr\/2025\/09\/10\/direct-bloquons-tout-a-montpellier-retrouvez-les-points-chauds-de-la-mobilisation-entre-les-pres-darenes-les-facs-la-sncf-la-comedie-12919451.php\" rel=\"nofollow noopener\" target=\"_blank\">DIRECT Bloquons tout\u00a0: \u00e0 Montpellier, pr\u00e8s de 7\u00a0000 manifestants, des CRS et des manifestants bless\u00e9s, 22 interpellations\u2026 La situation en temps r\u00e9el<\/a>\n    <\/p>\n<p>13h00.Et le point \u00e0 la mi-journ\u00e9e<\/p>\n<p class=\"live-post__amorce\">A  <strong>B\u00e9ziers<\/strong> , 300 personnes sont rassembl\u00e9es Place de la Bourse.<br \/>A  <strong>S\u00e8te<\/strong> , des manifestants sont encore pr\u00e9sents sur les ronds-points de la Peyrade, la Pointe Courte et des Arts. Les conditions de circulation restent perturb\u00e9es dans les secteurs.<br \/>Sur la commune d\u2019 <strong>Agde<\/strong> , 12 personnes sont positionn\u00e9es sur le rond-point C\u00e9sarion.<br \/>A  <strong>Lod\u00e8ve<\/strong> , 20 personnes sont entr\u00e9es dans le magasin Super U de Lod\u00e8ve avant d\u2019\u00eatre expuls\u00e9s par les gendarmes.<br \/>A  <strong>Gignac<\/strong> , les 30 manifestants sont sur le parking de l\u2019Intermarch\u00e9 pour distribuer des tracts.<br \/>A  <strong>Ganges<\/strong> , 10 personnes sont positionn\u00e9es sur un rond-point.<br \/>A  <strong>B\u00e9darieux<\/strong> , 20 personnes sont r\u00e9unies, avec distribution de tracts.<br \/>A  <strong>St-Pons-de-Thomi\u00e8res<\/strong> , 60 personnes manifestent devant la mairie.<br \/>Sur <strong> l\u2019A75, commune du Bosc<\/strong> , une op\u00e9ration escargot men\u00e9e par 3 v\u00e9hicules a g\u00e9n\u00e9r\u00e9 un accident de la circulation routi\u00e8re. Le bilan fait \u00e9tat de 6 victimes : 5 impliqu\u00e9s et 1 bless\u00e9 l\u00e9ger.<\/p>\n<p class=\"std-elt__inline\">\n        <strong>\u00c0 lire aussi :<\/strong><br \/>\n        <a href=\"https:\/\/www.midilibre.fr\/2025\/09\/10\/bloquons-tout-une-operation-chariot-gratuit-interrompue-par-les-gendarmes-au-magasin-super-u-12921786.php\" rel=\"nofollow noopener\" target=\"_blank\">\u00ab\u00a0Bloquons tout\u00a0\u00bb\u00a0: une op\u00e9ration \u00ab\u00a0chariot gratuit\u00a0\u00bb interrompue par les gendarmes au magasin Super U de Lod\u00e8ve<\/a>\n    <\/p>\n<p>12h51.\u00c7a se calme \u00e0 Gignac<\/p>\n<p class=\"live-post__amorce\">Apparemment le lyc\u00e9e Simone-Veil avait conseill\u00e9 aux parents de ne pas y envoyer leurs enfants. R\u00e9sultat, il n\u2019y aurait que 30 \u00e9l\u00e8ves sur 900 au lyc\u00e9e.<\/p>\n<p>12h42.Pr\u00e8s de 8 000 personnes rassembl\u00e9es \u00e0 Marseille<\/p>\n<p class=\"live-post__amorce\">Selon le journaliste du    <a href=\"https:\/\/www.leparisien.fr\/economie\/direct-mouvement-bloquons-tout-du-10-septembre-perturbations-et-blocages-attendus-partout-en-france-10-09-2025-DZLWQDEKWNBBTOUKDSTZFULHB4.php\" target=\"_blank\" rel=\"noopener noreferrer nofollow\" class=\"\">Parisien<\/a>  <a href=\"https:\/\/www.leparisien.fr\/economie\/direct-mouvement-bloquons-tout-du-10-septembre-perturbations-et-blocages-attendus-partout-en-france-10-09-2025-DZLWQDEKWNBBTOUKDSTZFULHB4.php\" target=\"_blank\" rel=\"noopener noreferrer nofollow\" class=\"\"> \u00e0 Marseille<\/a>  (Bouches-du-Rh\u00f4ne), Marc Leras, pr\u00e8s de 8 000 personnes \u00e9taient rassembl\u00e9es ce matin. Quelques d\u00e9gradations ont \u00e9t\u00e9 constat\u00e9es et les forces de l&rsquo;ordre ont fait usage \u00e0 trois reprises de gaz lacrymog\u00e8ne pour disperser des tentatives de blocage.\u00a0<\/p>\n<p> 12h37.27 lyc\u00e9es bloqu\u00e9s en France<\/p>\n<p class=\"live-post__amorce\">Une centaine de lyc\u00e9es ont \u00e9t\u00e9 perturb\u00e9s et 27 bloqu\u00e9s en France mercredi matin dans le cadre de la mobilisation citoyenne Bloquons tout.<\/p>\n<p>12h33.Au moins 6 500 manifestants \u00e0 Bordeaux<\/p>\n<p class=\"live-post__amorce\">Il y avait au moins 6 500 manifestants \u00e0 Bordeaux dans le cort\u00e8ge, parti de la place des Quinconces vers 12h15. Selon la pr\u00e9fecture de Gironde, plusieurs ronds-points sont occup\u00e9s depuis ce matin \u00e0 Fargues-Saint-Hilaire, La R\u00e9ole, Libourne, Biganos et Langon. Chaque fois, ce sont une quinzaine de personnes qui sont sur place.<\/p>\n<p>12h19.6% des professeurs en gr\u00e8ve\u00a0<\/p>\n<p class=\"live-post__amorce\">Voici le taux de gr\u00e9vistes national communiqu\u00e9 par l&rsquo;Education nationale \u00e0 la mi-journ\u00e9e : 6% des professeurs coll\u00e8ges et lyc\u00e9es (\u00e9coles ferm\u00e9es aujourd&rsquo;hui) et 10,7% chez les personnels de vie scolaire. <\/p>\n<p>12h15.Barrage lev\u00e9 \u00e0 midi \u00e0 Frontignan\u00a0<\/p>\n<p class=\"live-post__amorce\">La circulation est en train de reprendre normalement<\/p>\n<p>11h55.Rassemblement \u00e0 N\u00eemes \u00e0 14 heures<\/p>\n<p class=\"live-post__amorce\">Un rassemblement est pr\u00e9vu \u00e0 N\u00eemes \u00e0 14 h \u00e0 l\u2019appel des syndicats. Rendez-vous est donn\u00e9 au taureau, boulevard Jean-Jaur\u00e8s.<\/p>\n<p>11h43.Sept interpellations \u00e0 Montpellier, accident sur l\u2019A75<\/p>\n<p class=\"live-post__amorce\"> \u00ab\u00a0Une centaine de personnes hostiles et cagoul\u00e9es\u00a0\u00bb  au rond-point des Pr\u00e9s-d\u2019Ar\u00e8nes, sept interpellations, deux rames de tramway d\u00e9grad\u00e9es dans le secteur de Rondelet&#8230; Fabien Arnaud, notre journaliste \u00e0 Montpellier, fait le point sur l&rsquo;\u00e9volution des actions.<\/p>\n<p class=\"std-elt__inline\">\n        <strong>\u00c0 lire aussi :<\/strong><br \/>\n        <a href=\"https:\/\/www.midilibre.fr\/2025\/09\/10\/bloquons-tout-sept-interpellations-tramways-degrades-et-tractopelle-incendiee-a-montpellier-selon-un-nouveau-bilan-de-la-prefecture-12921894.php\" rel=\"nofollow noopener\" target=\"_blank\">\u00ab\u00a0Bloquons tout\u00a0\u00bb\u00a0: sept interpellations, tramways d\u00e9grad\u00e9s et tractopelle incendi\u00e9e \u00e0 Montpellier, selon un nouveau bilan de la pr\u00e9fecture<\/a>\n    <\/p>\n<blockquote data-class=\"twitter-tweet\">\n<p lang=\"fr\" dir=\"ltr\">Point de situation num\u00e9ro 3 \u00e0 11h15<\/p>\n<p>\\u2757\\ufe0fManifestation en cours dans l\u2019H\u00e9rault<\/p>\n<p>Retrouvez le communiqu\u00e9 de presse \\u2935\\ufe0f <a href=\"https:\/\/t.co\/3dK1JQaM6T\" rel=\"nofollow\">pic.twitter.com\/3dK1JQaM6T<\/a><\/p>\n<p>\u2014 Pr\u00e9fet de l&rsquo;H\u00e9rault \\ud83c\\uddeb\\ud83c\\uddf7 (@Prefet34) <a href=\"https:\/\/twitter.com\/Prefet34\/status\/1965712114942980292?ref_src=twsrc%5Etfw\" rel=\"nofollow noopener\" target=\"_blank\">September 10, 2025<\/a><\/p><\/blockquote>\n<p>11h39.Pedro Pascal, l&rsquo;homme de toutes les situations<\/p>\n<p class=\"live-post__amorce\">Un floril\u00e8ge des pancartes aper\u00e7ues ce midi sur la place de la Com\u00e9die \u00e0 Montpellier.<\/p>\n<p>        <img decoding=\"async\" class=\"std-img__img responsive-img\" src=\"https:\/\/www.europesays.com\/fr\/wp-content\/uploads\/2025\/09\/1757520374_979_image.jpg\" alt=\"MONTPELLIER \/ MOUVEMENT DE BLOCAGE DU 10\u00a0SEPTEMBRE\"\/><\/p>\n<p>                MONTPELLIER \/ MOUVEMENT DE BLOCAGE DU 10\u00a0SEPTEMBRE<br \/>\n                                    MAXPPP &#8211; JEAN-MICHEL MART<\/p>\n<p>        <img decoding=\"async\" class=\"std-img__img responsive-img\" src=\"https:\/\/www.europesays.com\/fr\/wp-content\/uploads\/2025\/09\/1757520375_814_image.jpg\" alt=\"Pedro Pascal s\u2019invite m\u00eame dans la manifestation place de la Com\u00e9die, \u00e0 Montpellier.\"\/><\/p>\n<p>                Pedro Pascal s\u2019invite m\u00eame dans la manifestation place de la Com\u00e9die, \u00e0 Montpellier.<br \/>\n                                    Val\u00e9rie Marco<\/p>\n<p>        <img decoding=\"async\" class=\"std-img__img responsive-img\" src=\"https:\/\/www.europesays.com\/fr\/wp-content\/uploads\/2025\/09\/1757520375_817_image.jpg\" alt=\"Les pancartes, place de la Com\u00e9die, \u00e0 Montpellier, lors de la manifestation Bloquons tout, ce mercredi 10\u00a0septembre 2025.\"\/><\/p>\n<p>                Les pancartes, place de la Com\u00e9die, \u00e0 Montpellier, lors de la manifestation Bloquons tout, ce mercredi 10\u00a0septembre 2025.<br \/>\n                                    Val\u00e9rie Marco &#8211; Midi Libre<\/p>\n<p>11h33.Les lyc\u00e9ens de Cl\u00e9menceau motiv\u00e9s, \u00e0 Montpellier<\/p>\n<p class=\"live-post__amorce\">Manque de profs, classes surcharg\u00e9es, la s\u00e9curit\u00e9 des infrastructures&#8230; sont autant de revendications de la centaine de lyc\u00e9ens qui a fait \u00ab\u00a0blocus\u00a0\u00bb ce matin, soutenue par leurs professeurs.<\/p>\n<p>11h26.Blocage de rond-point et du lyc\u00e9e Chaptal \u00e0 Mende\u00a0<\/p>\n<p class=\"live-post__amorce\">Environ une cinquantaine de manifestants sont pr\u00e9sents sur le rond point qui bloque les diff\u00e9rents axes durant plusieurs minutes. Les automobilistes d\u00e9montrent des signes de compr\u00e9hension pour certains, de col\u00e8re pour d\u2019autres, essayant de braver le blocage. La mobilisation regroupe des jeunes, et des retrait\u00e9s avec des revendications sur le climat, la Palestine, les retraites, ou la nomination du nouveau ministre. Le lyc\u00e9e Chaptal est \u00e9galement bloqu\u00e9.<\/p>\n<p>11h24.C&rsquo;est calme \u00e0 B\u00e9ziers\u00a0<\/p>\n<p class=\"live-post__amorce\">Vers 9 heures, une douzaine de personnes se sont rassembl\u00e9es au rond-point de La M\u00e9ridienne \u00e0 B\u00e9ziers, esp\u00e9rant venir grossir les rangs des militants gilets jaunes&#8230; qui ne sont pas venus. Vingt minutes apr\u00e8s leur arriv\u00e9e, les manifestants ont lev\u00e9 le camp, annon\u00e7ant qu\u2019ils se joindraient au rassemblement pr\u00e9vu \u00e0 11 h en ville.<\/p>\n<blockquote data-class=\"twitter-tweet\">\n<p lang=\"fr\" dir=\"ltr\">Bloquons tout : une douzaine de manifestants au rond-point de La M\u00e9ridienne \u00e0 B\u00e9ziers ce mercredi matin. Aucune perturbation de la circulation <a href=\"https:\/\/t.co\/gXBrYBZ6oz\" rel=\"nofollow\">pic.twitter.com\/gXBrYBZ6oz<\/a><\/p>\n<p>\u2014 Midi Libre B\u00e9ziers (@MLBeziers) <a href=\"https:\/\/twitter.com\/MLBeziers\/status\/1965676971930571172?ref_src=twsrc%5Etfw\" rel=\"nofollow noopener\" target=\"_blank\">September 10, 2025<\/a><\/p><\/blockquote>\n<p>11h24.\u00a0\u00bbVous \u00eates frappadingues, vous emp\u00eachez les gens d&rsquo;aller travailler !\u00a0\u00bb<\/p>\n<p class=\"live-post__amorce\">A Bagnols-sur-C\u00e8ze, alors que le rond-point de l&rsquo;Europe est bloqu\u00e9 par les manifestants, certains citoyens s&rsquo;insurgent depuis leur v\u00e9hicule : \u00ab\u00a0Vous \u00eates frappadingues, vous emp\u00eachez les gens d&rsquo;aller travailler\u00a0\u00bb, intervient ainsi une dame. Les militants ont finalement d\u00e9cid\u00e9 de se d\u00e9placer aux Ombri\u00e8res.<\/p>\n<p>10h52.Des op\u00e9rations escargot sur l&rsquo;A10, l&rsquo;A9 et les rocades<\/p>\n<p class=\"live-post__amorce\">Plusieurs op\u00e9rations escargots et barrages aux giratoires sont signal\u00e9es au niveau de Rennes\/Nantes (rocades), A10 au niveau de Poitiers Sud mais aussi sur l\u2019A9 \u00e0 Aix-en-Provence et sur la rocade de Toulouse.<\/p>\n<p>10h49.Le bilan du c\u00f4t\u00e9 des transports<\/p>\n<p class=\"live-post__amorce\">Les niveaux de gr\u00e9vistes et les trafics sont globalement conformes aux pr\u00e9visions : TGV : plan de transport normal ; TER : 7 trains sur 10 (h\u00e9t\u00e9rog\u00e8ne selon les r\u00e9gions) ; Intercit\u00e9s : 1 train sur 2. <br \/><strong>Des incendies volontaires d\u2019art\u00e8res de c\u00e2bles<\/strong>  ont \u00e9t\u00e9 commis cette nuit et perturbent  certaines circulations, et notamment : \u00e0 Colomiers, sur la ligne Toulouse \u2013 Auch, avec pour cons\u00e9quence une interruption du trafic pour la journ\u00e9e. Entre Marmande et Agen : le trafic est fortement perturb\u00e9. <br \/><strong>Des exactions ont \u00e9t\u00e9 constat\u00e9es : <\/strong> cadenassage d\u2019une grille d\u2019acc\u00e8s \u00e0 une gare en \u00cele-de- France, jets des p\u00e9tards sur la voie entre Angers et Ancenis, pr\u00e9sence de palettes sur les voies entre Rennes et Redon, d\u00e9p\u00f4t d\u2019un arbre sur la voie entre Roanne \u00e0 Saint-Germain-au-Mont-d\u2019Or.<br \/><strong>Sur le plan de la navigation a\u00e9rienne<\/strong> , une mont\u00e9e progressive des retards est attendue au cours de la matin\u00e9e. Le Centre en route de la navigation a\u00e9rienne \u2013 Sud-Est, sera plac\u00e9 en service minimum \u00e0 compter de 18 heures avec fort impact attendu pour les vols \u00e0 destination de Nice, Marseille, Lyon et de la Corse dans la soir\u00e9e.<\/p>\n<p>10h39.Aucune perturbation \u00e0 la REF \u00e0 Mauguio<\/p>\n<p class=\"live-post__amorce\">Il avait \u00e9t\u00e9 annonc\u00e9 une grosse mobilisation de Bloquons tout et notamment avec le Soul\u00e8vement de la Terre pour emp\u00eacher la tenue de la Rencontre des entrepreneurs de France (REF) \u00e0 Mauguio. Mais ce matin, l&rsquo;\u00e9v\u00e9nement a \u00e9t\u00e9 maintenu sans manifestant. Un important dispositif de s\u00e9curit\u00e9 priv\u00e9 et de gendarmerie \u00e9tait sur place.<\/p>\n<p>        <img decoding=\"async\" class=\"std-img__img responsive-img\" src=\"https:\/\/www.europesays.com\/fr\/wp-content\/uploads\/2025\/09\/1757520376_394_image.jpg\" alt=\"Important dispositif de s\u00e9curit\u00e9 pour la REF \u00e0 Mauguio.\"\/><\/p>\n<p>                Important dispositif de s\u00e9curit\u00e9 pour la REF \u00e0 Mauguio.<br \/>\n                                    Mickael Esdourrubailh<\/p>\n<p>10h24.Pr\u00e8s de 200 personnes interpell\u00e9es en France<\/p>\n<p class=\"live-post__amorce\">Selon le ministre de l&rsquo;Int\u00e9rieur, pr\u00e8s de 200 personnes ont d\u00e9j\u00e0 \u00e9t\u00e9 interpell\u00e9es en France.<\/p>\n<p>10h15.Le point presse de Bruno Retailleau (qui condamne tout et tacle LFI)<\/p>\n<p class=\"live-post__amorce\">Selon le ministre de l&rsquo;Int\u00e9rieur d\u00e9missionnaire qui vient de clore un premier point presse, une cinquantaine  \u00ab\u00a0d&rsquo;actions de d\u00e9blocage\u00a0\u00bb  ont \u00e9t\u00e9 men\u00e9es en France depuis ce matin. Selon lui,  \u00ab\u00a0la journ\u00e9e a commenc\u00e9 tr\u00e8s t\u00f4t\u00a0\u00bb , les actions de la matin\u00e9e ont  \u00ab\u00a0confirm\u00e9 ce que nous pressentions sur la nature de cette mobilisation\u00a0\u00bb . Soit une mobilisation qui  \u00ab\u00a0n&rsquo;a rien d&rsquo;une mobilisation citoyenne\u00a0\u00bb , mais a \u00e9t\u00e9  \u00ab\u00a0d\u00e9tourn\u00e9e, capt\u00e9e par la mouvance de l&rsquo;ultragauche, appuy\u00e9e par le mouvement des Insoumis\u00a0\u00bb .\u00a0<br \/>Bruno Retailleau a \u00e9galement fait \u00e9tat de la pr\u00e9sence de  \u00ab\u00a0groupuscules aguerris, mobiles, souvent masqu\u00e9s, cagoul\u00e9s, v\u00eatus de noirs\u00a0\u00bb , pour lui c&rsquo;est  \u00ab\u00a0la marque ADN des mouvances de l&rsquo;extr\u00eame gauche\u00a0\u00bb. <\/p>\n<p>10h02.Intervention violente de la BRAV-M pr\u00e8s d&rsquo;un lyc\u00e9e parisien<\/p>\n<p class=\"live-post__amorce\">La situation est tendue devant des \u00e9tablissements scolaires parisiens, notamment au lyc\u00e9e H\u00e9l\u00e8ne-Boucher (20e arrondissement de Paris) o\u00f9 a demarr\u00e9 une manifestation spontan\u00e9e et des barricades ont \u00e9t\u00e9 install\u00e9es. Des heurts ont \u00e9clat\u00e9 entre des jeunes manifestants et les forces de l&rsquo;ordre. qui ont fait usage de gaz lacrymog\u00e8nes. Des policiers de la BRAV-M ont \u00e9t\u00e9 d\u00e9ploy\u00e9s sur place, selon nos confr\u00e8res du  <a href=\"https:\/\/www.leparisien.fr\/economie\/direct-mouvement-bloquons-tout-du-10-septembre-perturbations-et-blocages-attendus-partout-en-france-10-09-2025-DZLWQDEKWNBBTOUKDSTZFULHB4.php\" target=\"_blank\" rel=\"noopener noreferrer nofollow\" class=\"\">Parisien<\/a> .<\/p>\n<p>10h01.Un bus en feu \u00e0 Rennes<\/p>\n<p class=\"live-post__amorce\">La circulation est toujours bloqu\u00e9e sur la rocade sud \u00e0 Rennes au niveau de la porte de l&rsquo;Alma o\u00f9 un bus a \u00e9t\u00e9 incendi\u00e9, selon la pr\u00e9fecture.<\/p>\n<p>09h53.Manif&rsquo; sur les autoroutes<\/p>\n<p class=\"live-post__amorce\">Vinci indique sur le r\u00e9seau social X qu&rsquo;une manifestation est en cours sur l&rsquo;A10 et que l&rsquo;autoroute est coup\u00e9e dans les deux sens de circulation au niveau de Poitiers. Puis, plus t\u00f4t de matin, des manifestants s&rsquo;\u00e9taient regroup\u00e9s pour perturber le trafic sur l&rsquo;A7 \u00e0 Lyon en direction de Marseille.<\/p>\n<blockquote data-class=\"twitter-tweet\">\n<p lang=\"fr\" dir=\"ltr\">07h00 : sur <a href=\"https:\/\/twitter.com\/hashtag\/A10?src=hash&amp;ref_src=twsrc%5Etfw\" rel=\"nofollow noopener\" target=\"_blank\">#A10<\/a>, .Manifestation, pi\u00e9tons sur les voies. L&rsquo;autoroute est coup\u00e9e dans les 2 sens de circulation <br \/>\\u26d4 Entr\u00e9es interdite et sorties interdite \u00e0 Poitiers Sud n\u00b030 <br \/>\\u2705 Depuis <a href=\"https:\/\/twitter.com\/hashtag\/Tours?src=hash&amp;ref_src=twsrc%5Etfw\" rel=\"nofollow noopener\" target=\"_blank\">#Tours<\/a> sortie obligatoire \u00e0 Poitiers nord n\u00b029<br \/>\u00c9coutez <a href=\"https:\/\/twitter.com\/hashtag\/Radio1077?src=hash&amp;ref_src=twsrc%5Etfw\" rel=\"nofollow noopener\" target=\"_blank\">#Radio1077<\/a> <a href=\"https:\/\/twitter.com\/hashtag\/InfoTrafic?src=hash&amp;ref_src=twsrc%5Etfw\" rel=\"nofollow noopener\" target=\"_blank\">#InfoTrafic<\/a><\/p>\n<p>\u2014 Autoroute A10 (@A10Trafic) <a href=\"https:\/\/twitter.com\/A10Trafic\/status\/1965642030475808996?ref_src=twsrc%5Etfw\" rel=\"nofollow noopener\" target=\"_blank\">September 10, 2025<\/a><\/p><\/blockquote>\n<p>09h51.Le bilan des interpellations grimpe<\/p>\n<p class=\"live-post__amorce\">Nous sommes pass\u00e9s de 50 \u00e0 75 interpellations en Ile-de-France. <\/p>\n<p class=\"std-elt__inline\">\n        <strong>\u00c0 lire aussi :<\/strong><br \/>\n        <a href=\"https:\/\/www.midilibre.fr\/2025\/09\/10\/bloquons-tout-depot-de-bus-bloque-echauffourees-deja-une-cinquantaine-dinterpellations-en-ile-de-france-12921469.php\" rel=\"nofollow noopener\" target=\"_blank\">Bloquons tout\u00a0: D\u00e9p\u00f4t de bus et ronds-points bloqu\u00e9s, \u00e9chauffour\u00e9es\u2026 D\u00e9j\u00e0 105 d\u2019interpellations en France, selon un premier bilan<\/a>\n    <\/p>\n<p>09h48.Un barrage \u00e0 Saint-Affrique<\/p>\n<p class=\"live-post__amorce\">Un barrage filtrant est en place \u00e0 Saint-Affrique place de la Libert\u00e9, 160 personnes sont mobilis\u00e9es depuis 8 heures ce matin. <\/p>\n<p>09h40.Midi Libre vous informe partout en direct<\/p>\n<p class=\"live-post__amorce\">Toute la journ\u00e9e baptis\u00e9e Bloquons Tout, la r\u00e9daction de  Midi Libre  vous informera en direct de l&rsquo;\u00e9volution du mouvement. Avec ce live g\u00e9n\u00e9ral, bien \u00e9videmment, mais aussi gr\u00e2ce \u00e0 nos lives dans nos bureaux qui couvrent tout le territoire, de S\u00e8te \u00e0 Montpellier en passant par B\u00e9ziers, N\u00eemes, Al\u00e8s ou Millau : <\/p>\n<p class=\"std-elt__inline\">\n        <strong>\u00c0 lire aussi :<\/strong><br \/>\n        <a href=\"https:\/\/www.midilibre.fr\/2025\/09\/10\/direct-bloquons-tout-a-sete-suivez-la-journee-de-blocage-sur-la-ville-et-le-bassin-de-thau-12920019.php\" rel=\"nofollow noopener\" target=\"_blank\">REPLAY Bloquons tout \u00e0 S\u00e8te\u00a0: revivez la grosse matin\u00e9e de blocage sur la ville et le bassin de Thau<\/a>\n    <\/p>\n<p class=\"std-elt__inline\">\n        <strong>\u00c0 lire aussi :<\/strong><br \/>\n        <a href=\"https:\/\/www.midilibre.fr\/2025\/09\/10\/direct-bloquons-tout-a-montpellier-retrouvez-les-points-chauds-de-la-mobilisation-entre-les-pres-darenes-les-facs-la-sncf-la-comedie-12919451.php\" rel=\"nofollow noopener\" target=\"_blank\">DIRECT Bloquons tout\u00a0: \u00e0 Montpellier, pr\u00e8s de 7\u00a0000 manifestants, des CRS et des manifestants bless\u00e9s, 22 interpellations\u2026 La situation en temps r\u00e9el<\/a>\n    <\/p>\n<p class=\"std-elt__inline\">\n        <strong>\u00c0 lire aussi :<\/strong><br \/>\n        <a href=\"https:\/\/www.midilibre.fr\/2025\/09\/10\/direct-bloquons-tout-rassemblement-blocages-suivez-la-journee-de-mobilisation-dans-le-biterrois-12920330.php\" rel=\"nofollow noopener\" target=\"_blank\">DIRECT Bloquons tout\u00a0: rassemblement, blocages\u2026 Suivez la journ\u00e9e de mobilisation dans le Biterrois<\/a>\n    <\/p>\n<p class=\"std-elt__inline\">\n        <strong>\u00c0 lire aussi :<\/strong><br \/>\n        <a href=\"https:\/\/www.midilibre.fr\/2025\/09\/10\/direct-bloquons-tout-dans-le-gard-premiers-rassemblements-blocages-annonces-suivez-la-situation-12920397.php\" rel=\"nofollow noopener\" target=\"_blank\">REPLAY Bloquons tout dans le Gard\u00a0: de N\u00eemes \u00e0 Al\u00e8s en passant par Uz\u00e8s et Bagnols, revivez cette journ\u00e9e de manifestations dans le d\u00e9partement<\/a>\n    <\/p>\n<p class=\"std-elt__inline\">\n        <strong>\u00c0 lire aussi :<\/strong><br \/>\n        <a href=\"https:\/\/www.midilibre.fr\/2025\/09\/10\/direct-bloquons-tout-un-barrage-filtrant-se-met-en-place-a-florac-12921347.php\" rel=\"nofollow noopener\" target=\"_blank\">DIRECT\u00a0: \u00ab\u00a0Bloquons tout\u00a0\u00bb, un barrage filtrant et op\u00e9ration escargot \u00e0 Florac, blocage de rond-point et du lyc\u00e9e Chaptal \u00e0 Mende<\/a>\n    <\/p>\n<p>09h39.Un centre op\u00e9rationnel dans le Gard<\/p>\n<p class=\"live-post__amorce\">J\u00e9r\u00f4me Bonet, pr\u00e9fet du Gard, a ouvert un centre op\u00e9rationnel d\u00e9partemental et pris la direction des op\u00e9rations. La cellule de crise des services de l\u2019\u00c9tat est ainsi mobilis\u00e9e pour assurer le suivi op\u00e9rationnel de l\u2019\u00e9v\u00e9nement de ce 10 septembre. Il est demand\u00e9 \u00e0 la population de ne pas g\u00eaner la progression des secours ; ne pas surcharger inutilement les num\u00e9ros d\u2019appels des secours ; ne pas propager de fausses rumeurs, ne pas de r\u00e9unir en dehors de toutes manifestations d\u00e9clar\u00e9es et de respecter les consignes des services de secours et des forces de l\u2019ordre  <a href=\"http:\/\/www.gard.gouv.fr\/\" target=\"_blank\" rel=\"noopener noreferrer nofollow\" class=\"\"><strong>.<\/strong><\/a> <\/p>\n<p>09h37.\u00c7a s&rsquo;active dans le Gard, de N\u00eemes \u00e0 Bagnols<\/p>\n<p class=\"live-post__amorce\">La mobilisation se poursuit au rond-point du Colis\u00e9e, devant le b\u00e2timent de N\u00eemes M\u00e9tropole. Une quarantaine de manifestants bloquent les voitures. Les slogans commencent \u00e0 faire leur apparition au m\u00e9gaphone.<br \/><strong>A Bagnols-sur-C\u00e8ze, place Auguste-Mallet<\/strong> , les premiers \u00e9taliers s&rsquo;installent, de m\u00eame que les premiers manifestants. \u00ab\u00a0On a un peu tract\u00e9\u00a0\u00bb, annonce un des cofondateurs du collectif Travail social, montrant un papier intitul\u00e9 \u00ab\u00a0Non a l&rsquo;aust\u00e9rit\u00e9 du gouvernement \u00ab\u00a0. Vers 9 h, une cinquantaine de personnes \u00e9taient devant la mairie.<br \/>Pas de blocage du lyc\u00e9e mais un mouvement de protestation devant Jean-Baptiste Dumas  <strong>ce mercredi matin \u00e0 Al\u00e8s.<\/strong> <br \/><strong>Au lyc\u00e9e Daudet de N\u00eemes, les policiers veillent. <\/strong> Selon nos journalistes pr\u00e9sents sur place, ils sont arriv\u00e9s tr\u00e8s t\u00f4t pour veiller \u00e0 ce que les lyc\u00e9ens souhaitant acc\u00e9der \u00e0 l&rsquo;\u00e9tablissement puissent le faire. Au lyc\u00e9e Daudet de N\u00eemes, qui devait \u00eatre l&rsquo;un des points majeurs du rassemblement des lyc\u00e9ens \u00e0 N\u00eemes, les policiers veillent. Une cinquantaine de lyc\u00e9ens qui manifestent sont soutenus par des militants tandis que la Ligue des Droits de l&rsquo;Hommes est pr\u00e9sente pour veiller \u00e0 ce que les droits de chacun soit respect\u00e9.<\/p>\n<p>09h29.Qui sont ceux qui se mobilisent ce 10 septembre ?<\/p>\n<p class=\"live-post__amorce\">Des \u00ab\u00a0profils h\u00e9t\u00e9roclites\u00a0\u00bb, venus des rangs souverainistes ou de l\u2019extr\u00eame gauche\u2026 Les personnes mobilis\u00e9es ce mercredi 10 septembre dans le cadre du mouvement \u00ab\u00a0Bloquons tout\u00a0\u00bb viennent d\u2019horizons tr\u00e8s vari\u00e9s selon deux sociologues interrog\u00e9s par  Midi Libre . Un article de notre journaliste  <a href=\"https:\/\/www.midilibre.fr\/auteur\/karim-maoudj\" target=\"_blank\" rel=\"noopener noreferrer nofollow\" class=\"\">Karim Maoudj<\/a> .<\/p>\n<p class=\"std-elt__inline\">\n        <strong>\u00c0 lire aussi :<\/strong><br \/>\n        <a href=\"https:\/\/www.midilibre.fr\/2025\/09\/09\/bloquons-tout-un-mouvement-de-grand-refus-qui-sont-ceux-qui-se-mobilisent-ce-10-septembre-12919897.php\" rel=\"nofollow noopener\" target=\"_blank\">Bloquons tout\u00a0: \u00ab\u00a0Un mouvement de grand refus\u00a0\u00bb, qui sont ceux qui se mobilisent ce 10\u00a0septembre\u00a0?<\/a>\n    <\/p>\n<p>09h14.Boris Vallaud en soutien<\/p>\n<p class=\"live-post__amorce\">Boris Vallaud \u00e9tait l&rsquo;invit\u00e9 de RTL ce matin. Selon le pr\u00e9sident du groupe socialiste \u00e0 l&rsquo;Assembl\u00e9e nationale,  Bloquons tout est un  \u00ab\u00a0mouvement citoyen\u00a0\u00bb. \u00ab\u00a0Je comprends l&rsquo;exasp\u00e9ration des Fran\u00e7aises et des Fran\u00e7ais , a-t-il ajout\u00e9.  Je vais soutenir un certain nombre des revendications de ce mouvement.\u00a0\u00bb  Boris Vallaud a assur\u00e9 qu&rsquo;il soutenait les mesures demand\u00e9es  \u00ab\u00a0sur le pouvoir d&rsquo;achat, sur les services publics, sur la mise \u00e0 contribution des hauts patrimoines\u00a0\u00bb .\u00a0 <\/p>\n<p>09h10.\u00c7a bouchonne \u00e0 S\u00e8te<\/p>\n<p class=\"live-post__amorce\">A cette heure, selon notre journaliste pr\u00e9sente sur place, H\u00e9l\u00e8ne Amiraux, il y a un bouchon de plusieurs kilom\u00e8tres sur la D612 \u00e0 entr\u00e9e de S\u00e8te. Quatre ronds points sont bloqu\u00e9s : la Peyrade, celui du port sur la D612, celui de la Pointe Courte, celui des Quatre chansons c\u00f4t\u00e9 Marseillan, et d\u00e9but de blocage de celui du Pont des Arts. Entre 40 et 50 personnes par rond-point et la police est sur place. <\/p>\n<p>09h09.A Montpellier, des AED en gr\u00e8ve<\/p>\n<p class=\"live-post__amorce\">A la cit\u00e9 scolaire Fran\u00e7ois-Combes, tous les assistant d&rsquo;\u00e9ducation (AED) sont en gr\u00e8ve. Les parents sont pri\u00e9s de garder les \u00e9l\u00e8ves \u00e0 la maison&#8230;<\/p>\n<p>09h01.Une banderole\u00a0\u00ab\u00a0Macron explosion\u00a0\u00bb \u00e0 Toulouse<\/p>\n<p class=\"live-post__amorce\">A Toulouse (sud-ouest), environ 200 manifestants ont bloqu\u00e9 moins d&rsquo;une heure un rond-point \u00e0 l&rsquo;aide de barri\u00e8res et de pneus. Une banderole noire portant l&rsquo;inscription \u00ab\u00a0Macron explosion\u00a0\u00bb avait \u00e9t\u00e9 tendue.<\/p>\n<p>08h50.D\u00e9j\u00e0 une\u00a0cinquantaine d&rsquo;interpellations \u00e0 Paris<\/p>\n<p class=\"live-post__amorce\">Une cinquantaine d&rsquo;interpellations ont eu lieu dans la r\u00e9gion parisienne apr\u00e8s cet appel au blocage lanc\u00e9 sur les r\u00e9seaux sociaux dans notre pays en pleine crise politique. Quelque 6.000 policiers et gendarmes sont mobilis\u00e9s \u00e0 Paris, o\u00f9 diff\u00e9rentes actions ont \u00e9t\u00e9 constat\u00e9es par des journalistes de l&rsquo;AFP.\u00a0A l&rsquo;aube, une centaine de jeunes militants de la mouvance autonome a, par exemple, bloqu\u00e9 un d\u00e9p\u00f4t de bus dans le nord de Paris, avant l&rsquo;intervention des forces de l&rsquo;ordre.<\/p>\n<p>08h45.Pour conna\u00eetre l&rsquo;\u00e9tat des routes en direct&#8230;<\/p>\n<p class=\"live-post__amorce\">&#8230; c&rsquo;est sur  <a href=\"https:\/\/inforoute.herault.fr\/\" target=\"_blank\" rel=\"noopener noreferrer nofollow\" class=\"\">https:\/\/inforoute.herault.fr\/<\/a> <\/p>\n<p>08h39.A Montpellier,\u00a0l\u2019universit\u00e9 Paul-Val\u00e9ry bloqu\u00e9e<\/p>\n<p class=\"live-post__amorce\">Selon notre journaliste pr\u00e9sente sur place, Val\u00e9rie Marco, et le communiqu\u00e9 de la pr\u00e9fecture de l&rsquo;H\u00e9rault, l\u2019universit\u00e9 Paul-Val\u00e9ry Montpellier 3 est bloqu\u00e9e par une cinquantaine de personnes. Les lyc\u00e9es Jules-Guesde, Jean-Monnet et Georges-Cl\u00e9menceau sont aussi bloqu\u00e9s ce matin (totalement ou partiellement). En coordination avec la direction acad\u00e9mique des services de l\u2019\u00e9ducation nationale, les acc\u00e8s aux \u00e9tablissements scolaires seront r\u00e9tablis dans la matin\u00e9e.<\/p>\n<p>        <img decoding=\"async\" class=\"std-img__img responsive-img\" src=\"https:\/\/www.europesays.com\/fr\/wp-content\/uploads\/2025\/09\/1757520377_407_image.jpg\" alt=\"L\u2019universit\u00e9 Paul-Val\u00e9ry bloqu\u00e9e, ce 10\u00a0septembre 2025.\"\/><\/p>\n<p>                L\u2019universit\u00e9 Paul-Val\u00e9ry bloqu\u00e9e, ce 10\u00a0septembre 2025.<br \/>\n                                    Val\u00e9rie Marco<\/p>\n<p>08h37.Plus de 750 policiers et gendarmes mobilis\u00e9s dans l\u2019H\u00e9rault<\/p>\n<p class=\"live-post__amorce\">Selon un communiqu\u00e9 de la pr\u00e9fecture de l&rsquo;H\u00e9rault, le pr\u00e9fet a activ\u00e9 le centre op\u00e9rationnel d\u00e9partemental \u00e0 la pr\u00e9fecture depuis 7 heures ce matin. Le pr\u00e9fet de l\u2019H\u00e9rault a d\u00e9ploy\u00e9 d\u2019importants moyens dans le d\u00e9partement, notamment \u00e0 Montpellier, pour  \u00ab\u00a0pr\u00e9venir les troubles \u00e0 l\u2019ordre public et emp\u00eacher toute situation de blocage\u00a0\u00bb . Les policiers nationaux de la DIPN 34 sont renforc\u00e9s par l\u2019engagement de deux compagnies de CRS, un engin lanceur d\u2019eau, un h\u00e9licopt\u00e8re de la gendarmerie. Au global plus de 750 policiers et gendarmes seront mobilis\u00e9s aujourd\u2019hui dans l\u2019H\u00e9rault, ainsi qu\u2019une centaine de sapeurs-pompiers du SDIS 34.<\/p>\n<blockquote data-class=\"twitter-tweet\">\n<p lang=\"fr\" dir=\"ltr\">Point de situation num\u00e9ro 1<\/p>\n<p>\\u274cManifestation non d\u00e9clar\u00e9e en cours dans l\u2019H\u00e9rault \u00e0 8h15 \\u2935\\ufe0f<\/p>\n<p>Retrouvez le communiqu\u00e9 de presse <a href=\"https:\/\/t.co\/djKKHCmIpn\" rel=\"nofollow\">pic.twitter.com\/djKKHCmIpn<\/a><\/p>\n<p>\u2014 Pr\u00e9fet de l&rsquo;H\u00e9rault \\ud83c\\uddeb\\ud83c\\uddf7 (@Prefet34) <a href=\"https:\/\/twitter.com\/Prefet34\/status\/1965664970236174442?ref_src=twsrc%5Etfw\" rel=\"nofollow noopener\" target=\"_blank\">September 10, 2025<\/a><\/p><\/blockquote>\n<p class=\"live-post__amorce\">Le pr\u00e9fet de l\u2019H\u00e9rault a donn\u00e9 aux forces de l\u2019ordre des instructions strictes d\u2019intervention et d\u2019interpellation des fauteurs de troubles.<\/p>\n<p>08h21.Le point de la pr\u00e9f&rsquo; sur les tensions \u00e0 Montpellier<\/p>\n<p class=\"live-post__amorce\">Dans un communiqu\u00e9, la pr\u00e9fecture de l&rsquo;H\u00e9rault a fait un point de la situation.  \u00ab\u00a0A Montpellier, une centaine de personnes, dont certaines hostiles et cagoul\u00e9es, ont tent\u00e9 de bloquer le rond de Pr\u00e8s d\u2019Ar\u00e8ne \u00e0 Montpellier. Ces derni\u00e8res ont rapidement \u00e9t\u00e9 d\u00e9log\u00e9es par les forces de l\u2019ordre avec usage de moyens lacrymog\u00e8nes. Les manifestants sont toujours pr\u00e9sents \u00e0 proximit\u00e9 du site sans occasionner de g\u00eane \u00e0 la circulation.\u00a0\u00bb  <br \/>Pour suivre en direct les tensions, c&rsquo;est par ici, avec le live de notre locale de Montpellier anim\u00e9 par notre journaliste  <a href=\"https:\/\/www.midilibre.fr\/auteur\/laure-ducos\" target=\"_blank\" rel=\"noopener noreferrer nofollow\" class=\"\">Laure Ducos<\/a> <\/p>\n<p> 08h13.Le point sur les blocages \u00e0 S\u00e8te<\/p>\n<p class=\"live-post__amorce\">Selon notre journaliste pr\u00e9sent sur place, un dispositif de police (une petite dizaine d\u2019hommes) emp\u00eache tout blocage du d\u00e9p\u00f4t p\u00e9trolier de Frontignan. La police y fait ouvrir les coffres pour v\u00e9rifier qu\u2019il n\u2019y ait rien de susceptible pour cr\u00e9er un barrage<br \/>C\u00f4t\u00e9 RD2, le barrage est filtrant. L\u2019acc\u00e8s \u00e0 S\u00e8te par la route de Montpellier est bloqu\u00e9 au niveau du port.<br \/>Une trentaine de personnes qui bloquaient l\u2019acc\u00e8s au port. Ils ont \u00e9t\u00e9 d\u00e9gag\u00e9s par les dockers. Les bloqueurs descendent vers le centre-ville pendant que d\u2019autres se dirigent vers le rond-point de Frontignan.<br \/>Un rond-point a \u00e9t\u00e9 bloqu\u00e9 sur la RD600, \u00e0 Frontignan.<\/p>\n<p>        <img decoding=\"async\" class=\"std-img__img responsive-img\" src=\"https:\/\/www.europesays.com\/fr\/wp-content\/uploads\/2025\/09\/1757520378_27_image.jpg\" alt=\"Une vingtaine de personnes bloquent l\u2019entr\u00e9e de S\u00e8te c\u00f4t\u00e9 RD2.\"\/><\/p>\n<p>                Une vingtaine de personnes bloquent l\u2019entr\u00e9e de S\u00e8te c\u00f4t\u00e9 RD2.<br \/>\n                                    Philippe Malric<\/p>\n<p>        <img decoding=\"async\" class=\"std-img__img responsive-img\" src=\"https:\/\/www.europesays.com\/fr\/wp-content\/uploads\/2025\/09\/1757520378_774_image.jpg\" alt=\"A l\u2019embranchement du d\u00e9p\u00f4t p\u00e9trolier de Frontignan, la police fait ouvrir les coffres.\"\/><\/p>\n<p>                A l\u2019embranchement du d\u00e9p\u00f4t p\u00e9trolier de Frontignan, la police fait ouvrir les coffres.<br \/>\n                                    Philippe Malric<\/p>\n<p>07h37.Des affrontements \u00e0 Montpellier<\/p>\n<p class=\"live-post__amorce\">Des manifestants ont affront\u00e9 les forces de l&rsquo;ordre ce matin d\u00e8s 6 heures \u00e0 Montpellier, au rond-point de Pr\u00e8s d&rsquo;Ar\u00e8nes alors qu&rsquo;ils le bloquaient. A 7h22, les forces de l&rsquo;ordre \u00e9taient sur place mais les manifestants arrivaient quand m\u00eame \u00e0 bloquer \u00e0 certains moments la circulation impactant fortement le trafic avec d&rsquo;importants embouteillages.<\/p>\n<p>        <img decoding=\"async\" class=\"std-img__img responsive-img\" src=\"https:\/\/www.europesays.com\/fr\/wp-content\/uploads\/2025\/09\/1757503549_897_image.jpg\" alt=\"Les forces de l\u2019ordre interviennent pour \u00e9viter le blocage et l\u2019impact du mouvement sur la circulation.\"\/><\/p>\n<p>                Les forces de l\u2019ordre interviennent pour \u00e9viter le blocage et l\u2019impact du mouvement sur la circulation.<br \/>\n                                    Jean-Michel Mart<\/p>\n<p>        <img decoding=\"async\" class=\"std-img__img responsive-img\" src=\"https:\/\/www.europesays.com\/fr\/wp-content\/uploads\/2025\/09\/1757520382_823_image.jpg\" alt=\"Des affrontements entre manifestants et policiers \u00e0 Montpellier.\"\/><\/p>\n<p>                Des affrontements entre manifestants et policiers \u00e0 Montpellier.<br \/>\n                                    GUILLAUME HORCAJUELO &#8211; GUILLAUME HORCAJUELO<\/p>\n<p>07h31.A l&rsquo;Ouest, \u00e7a se corse<\/p>\n<p class=\"live-post__amorce\"> <strong>L&rsquo;a\u00e9roport de Nantes est bloqu\u00e9 depuis 4 heures<\/strong>  ce matin par plusieurs dizaines de militants. Des manifestants ont tent\u00e9 de bloquer des ronds-points proches du p\u00e9riph\u00e9rique \u00e0 hauteur du viaduc de Chevir\u00e9 qui enjambe la Loire. Les forces de l&rsquo;ordre ont fait usage de gaz lacrymog\u00e8nes, ont constat\u00e9 des journalistes de l\u2019AFP.<br \/>A  <strong>Caen<\/strong>  (Calvados), des manifestants ont \u00e9rig\u00e9 et embras\u00e9  <strong>des barricades sur le viaduc de Calix<\/strong> <br \/><strong>A Bordeaux<\/strong> , des personnes encagoul\u00e9es ont bloqu\u00e9 dans la nuit l&rsquo;un d <strong>es d\u00e9p\u00f4ts du r\u00e9seau de tramways<\/strong> , avec une barricade de palettes et de poubelles<\/p>\n<p>07h26.Des ronds-points occup\u00e9s \u00e0 Montpellier<\/p>\n<p class=\"live-post__amorce\">Notamment celui de Pr\u00e8s d&rsquo;Ar\u00e8nes o\u00f9 une vingtaine de personnes, selon nos informations, perturbaient la circulation ce matin, d\u00e8s 7 heures.<\/p>\n<p>07h19.Une vingtaine de personnes bloquent l\u2019entr\u00e9e de S\u00e8te, c\u00f4t\u00e9 RD2<\/p>\n<p class=\"live-post__amorce\">Selon  <a href=\"https:\/\/www.midilibre.fr\/auteur\/philippe-malric\" target=\"_blank\" rel=\"noopener noreferrer nofollow\" class=\"\">Philippe Malric<\/a> , notre journaliste pr\u00e9sent sur place, l&rsquo;Est de la ville est \u00e9galement bloqu\u00e9.<\/p>\n<p>07h19.Plus de trains entre Toulouse et Auch<\/p>\n<p class=\"live-post__amorce\">Lors de son d\u00e9placement \u00e0 Rungis, Bruno Retailleau a \u00e9galement indiqu\u00e9 qu&rsquo;un  \u00ab\u00a0incendie de c\u00e2bles a interrompu la circulation des trains entre Toulouse et Auch\u00a0\u00bb , en Occitanie. La reprise du trafic n&rsquo;est pas attendu avant  \u00ab\u00a0demain 5 heures\u00a0\u00bb , indique la SNCF sur son compte X.<\/p>\n<blockquote data-class=\"twitter-tweet\">\n<p lang=\"fr\" dir=\"ltr\">\\ud83d\\udd34 06h37 [Toulouse\\u2194\\ufe0fAuch ]<\/p>\n<p>Un incendie survenu aux abords des voies entra\u00eene l&rsquo;interruption des circulations sur cet axe. \\u274c<\/p>\n<p>Nos \u00e9quipes font le maximum sur place.<\/p>\n<p>Heure de reprise estim\u00e9e : demain 5h<\/p>\n<p>Une question \\u2753\\u2935\\ufe0f <a href=\"https:\/\/t.co\/g1GY8C2bJ2\" rel=\"nofollow\">pic.twitter.com\/g1GY8C2bJ2<\/a><\/p>\n<p>\u2014 liO Train SNCF Occitanie (@lio_train_sncf) <a href=\"https:\/\/twitter.com\/lio_train_sncf\/status\/1965635804891636020?ref_src=twsrc%5Etfw\" rel=\"nofollow noopener\" target=\"_blank\">September 10, 2025<\/a><\/p><\/blockquote>\n<p>07h05.Des \u00ab\u00a0tentatives d\u00e9jou\u00e9es\u00a0\u00bb<\/p>\n<p class=\"live-post__amorce\">Selon  <a href=\"https:\/\/www.bfmtv.com\/societe\/manifestations\/direct-10-septembre-blocages-transports-manifestations-suivez-le-mouvement-bloquons-tout-a-paris-lyon-marseille_LN-202509100070.html\" target=\"_blank\" rel=\"noopener noreferrer nofollow\" class=\"\">BFMTV<\/a> , des \u00ab\u00a0tentatives de blocages\u00a0\u00bb ont \u00e9t\u00e9 d\u00e9jou\u00e9es \u00e0 Paris mais aussi \u00e0 Bordeaux, a d\u00e9clar\u00e9 le ministre de l&rsquo;Int\u00e9rieur d\u00e9missionnaire lors d&rsquo;un d\u00e9placement au march\u00e9 de Rungis ce mercredi matin.<\/p>\n<p>06h59.\u00a0\u00bbJe veux rendre hommage aux forces de s\u00e9curit\u00e9 int\u00e9rieure\u00a0\u00bb<\/p>\n<p class=\"live-post__amorce\">Alors que des rassemblements sont attendus un peu partout en France, le ministre de l&rsquo;Int\u00e9rieur d\u00e9missionnaire Bruno Retailleau a salu\u00e9 la mobilisation des forces de l&rsquo;ordre ce mercredi 10 septembre.<\/p>\n<blockquote data-class=\"twitter-tweet\">\n<p lang=\"fr\" dir=\"ltr\">Pr\u00e9sent ce matin au march\u00e9 international de Rungis. Ici et partout en France, je veux rendre hommage aux forces de s\u00e9curit\u00e9 int\u00e9rieure, engag\u00e9es sur le terrain pour garantir la s\u00e9curit\u00e9 de nos infrastructures essentielles et celle de nos concitoyens. <a href=\"https:\/\/t.co\/QIKkPjl062\" rel=\"nofollow\">pic.twitter.com\/QIKkPjl062<\/a><\/p>\n<p>\u2014 Bruno Retailleau (@BrunoRetailleau) <a href=\"https:\/\/twitter.com\/BrunoRetailleau\/status\/1965626637636227513?ref_src=twsrc%5Etfw\" rel=\"nofollow noopener\" target=\"_blank\">September 10, 2025<\/a><\/p><\/blockquote>\n<p class=\"live-post__amorce\"> \u00ab\u00a0Pr\u00e9sent ce matin au march\u00e9 international de Rungis. Ici et partout en France, je veux rendre hommage aux forces de s\u00e9curit\u00e9 int\u00e9rieure, engag\u00e9es sur le terrain pour garantir la s\u00e9curit\u00e9 de nos infrastructures essentielles et celle de nos concitoyens\u00a0\u00bb , peut-on lire sur son compte X.<\/p>\n<p>05h51.On rembobine<\/p>\n<p class=\"live-post__amorce\">Si vous avez loup\u00e9 des infos et que vous n&rsquo;avez pas eu le temps de lire votre live pr\u00e9f\u00e9r\u00e9 (oui, celui de  <a href=\"http:\/\/midilibre.fr\" target=\"_blank\" rel=\"noopener noreferrer nofollow\" class=\"\">midilibre.fr<\/a> ), voici de quoi assouvir votre soif d&rsquo;infos, dans notre direct d&rsquo;hier :<\/p>\n<p> 05h21.Mais, au fait, qui sont ces \u00ab\u00a0bloquistes\u00a0\u00bb ?<\/p>\n<p class=\"live-post__amorce\">Depuis quelques jours, les services de renseignements soulignent la difficult\u00e9 \u00e0 anticiper ce que sera ce mouvement Bloquons tout,  \u00ab\u00a0horizontal\u00a0\u00bb  et  \u00ab\u00a0sans chef\u00a0\u00bb. \u00ab\u00a0Chacun fait ce qu\u2019il veut\u00a0\u00bb  dans un contexte de  \u00ab\u00a0grogne et de col\u00e8re\u00a0\u00bb  , a not\u00e9 aupr\u00e8s de l\u2019AFP une source s\u00e9curitaire en fin de semaine derni\u00e8re.  <a href=\"https:\/\/www.franceinfo.fr\/societe\/on-est-tres-prudents-l-appel-a-la-mobilisation-le-10-septembre-intrigue-les-services-de-renseignement-sans-encore-inquieter_7406146.html\" target=\"_blank\" rel=\"external nofollow noopener\" class=\"IciLink ici-link IciArticleLink g-ici-body-regular-1 underline brand svelte-lu7k6w\"><strong>Interrog\u00e9s par France Info<\/strong><\/a>  , les renseignements signalent toutefois\u00a0  <a href=\"https:\/\/www.midilibre.fr\/2025\/08\/26\/tout-bloquer-le-10-septembre-comment-est-ne-ce-mouvement-sans-leader-qui-compte-mettre-la-france-a-larret-pour-se-faire-entendre-12892237.php\" target=\"_blank\" rel=\"noopener noreferrer nofollow\" class=\"\"><strong>\u00ab\u00a0l\u2019absence de coordination structur\u00e9e et de\u00a0leadership<\/strong><\/a>   clairement identifi\u00e9\u00a0\u00bb  et craignent\u00a0  \u00ab\u00a0des initiatives d\u00e9sorganis\u00e9es et difficilement anticipable  s.\u00a0  L\u2019absence\u00a0de canalisation majore le risque d\u2019actions par des groupes radicaux et violents\u00a0\u00bb.  Toujours selon la m\u00eame source, le mouvement est surtout\u00a0repris par des militants  \u00a0\u00ab\u00a0issus de la mouvance d\u2019ultragauche\u00a0\u00bb,  tandis que le degr\u00e9 d\u2019implication de la soci\u00e9t\u00e9 civile reste incertain. Elle ajoute qu&rsquo;il s&rsquo;agit \u00a0\u00bb  d&rsquo;une frange qui para\u00eet plut\u00f4t d&rsquo;extr\u00eame droite, d&rsquo;autres plus d&rsquo;extr\u00eame gauche, des anciens gilets jaunes, et des personnes sans aucune id\u00e9ologie.\u00a0\u00bb <br \/>Sur France Info toujours,  <a href=\"https:\/\/france3-regions.franceinfo.fr\/pays-de-la-loire\/loire-atlantique\/nantes\/bloquons-tout-le-10-septembre-les-syndicats-et-les-partis-de-gauche-soutiennent-le-mouvement-ca-c-est-nouveau-par-rapport-aux-gilets-jaunes-analyse-ce-sociologue-historien-des-greves-3213488.html\" target=\"_blank\" rel=\"noopener noreferrer nofollow\" class=\"\"><strong>l&rsquo;historien St\u00e9phane Sirot, sp\u00e9cialiste des conflits sociaux<\/strong><\/a>  , a, lui, d\u00e9crit\u00a0un mouvement \u00a0\u00bb  tr\u00e8s disparate \u00e0 tout point de vue  \u00ab\u00a0, que ce soit dans les \u00a0\u00bb  modalit\u00e9s d&rsquo;action  \u00a0\u00bb que dans les \u00a0\u00bb  points de vue politiques  \u00ab\u00a0, m\u00eame si la \u00a0\u00bb  revendication cristallisatrice  \u00a0\u00bb est celle du \u00a0\u00bb  budget Bayrou  \u00ab\u00a0.\u00a0<br \/>Pr\u00e8s de sept ans apr\u00e8s les \u00ab\u00a0gilets jaunes\u00a0\u00bb, \u00a0\u00bb  les ingr\u00e9dients de la col\u00e8re (sentiment de d\u00e9classement du bas de la classe moyenne, fin de mois difficiles pour les cat\u00e9gories populaires et ras-le-bol fiscal g\u00e9n\u00e9ralis\u00e9) n&rsquo;ont pas disparu  \u00ab\u00a0, a analys\u00e9  <a href=\"https:\/\/www.lepoint.fr\/societe\/le-gouvernement-a-verse-un-bidon-d-essence-sur-des-braises-fourquet-decrypte-nicolas-qui-paie-et-bloquons-tout-07-08-2025-2595899_23.php\" target=\"_blank\" rel=\"nofollow noopener noreferrer\" class=\"IciLink ici-link IciArticleLink g-ici-body-regular-1 underline brand svelte-lu7k6w\"><strong>dans <\/strong><\/a>  <a href=\"https:\/\/www.lepoint.fr\/societe\/le-gouvernement-a-verse-un-bidon-d-essence-sur-des-braises-fourquet-decrypte-nicolas-qui-paie-et-bloquons-tout-07-08-2025-2595899_23.php\" target=\"_blank\" rel=\"nofollow noopener noreferrer\" class=\"IciLink ici-link IciArticleLink g-ici-body-regular-1 underline brand svelte-lu7k6w\"><strong>Le Point,<\/strong><\/a>  J\u00e9r\u00f4me Fourquet, directeur du d\u00e9partement Opinion \u00e0 l&rsquo;Ifop. \u00a0\u00bb  Et c&rsquo;est sur ces braises encore rougeoyantes que le gouvernement a vers\u00e9 un bidon d&rsquo;essence avec son plan de rigueur (&#8230;), l&rsquo;allume-feu \u00e9tant la suppression de deux jours f\u00e9ri\u00e9s.\u00a0\u00bb <\/p>\n<p> 05h14.La carte interactive des actions<\/p>\n<p class=\"live-post__amorce\"> <a href=\"https:\/\/cartedesagbfc.gogocarto.fr\/map#\/carte\/@45.94,3.20,8z?cat=all\" target=\"_blank\" rel=\"noopener noreferrer nofollow\" class=\"\"><strong>Par ici la carte des actions <\/strong><\/a> qui seront men\u00e9es, demain, mercredi 10 septembre.<\/p>\n<p> 05h07.100 000 personnes mobilis\u00e9es\u00a0en France ?<\/p>\n<p class=\"live-post__amorce\"> <a href=\"https:\/\/www.leparisien.fr\/faits-divers\/mouvement-du-10-septembre-greves-blocages-sabotages-la-note-dalerte-des-services-de-renseignement-02-09-2025-2EUT4PQTFNHGTKWTYAH53WBANQ.php\" target=\"_blank\" rel=\"noopener noreferrer nofollow\" class=\"\"><strong>D\u2019apr\u00e8s<\/strong><\/a>   <a href=\"https:\/\/www.leparisien.fr\/faits-divers\/mouvement-du-10-septembre-greves-blocages-sabotages-la-note-dalerte-des-services-de-renseignement-02-09-2025-2EUT4PQTFNHGTKWTYAH53WBANQ.php\" target=\"_blank\" rel=\"noopener noreferrer nofollow\" class=\"\"><strong>Le Parisien<\/strong><\/a>   <a href=\"https:\/\/www.leparisien.fr\/faits-divers\/mouvement-du-10-septembre-greves-blocages-sabotages-la-note-dalerte-des-services-de-renseignement-02-09-2025-2EUT4PQTFNHGTKWTYAH53WBANQ.php\" target=\"_blank\" rel=\"noopener noreferrer nofollow\" class=\"\"><strong>, <\/strong><\/a> les renseignements territoriaux et la direction du renseignement de la pr\u00e9fecture de police de Paris ont fait passer une note lundi 1er\u00a0septembre. Nos confr\u00e8res ont pu lire que  \u00ab\u00a0l\u2019effervescence relev\u00e9e sur les r\u00e9seaux sociaux et dans certaines boucles crypt\u00e9es commence \u00e0 se traduire concr\u00e8tement sur le terrain\u00a0\u00bb  . R\u00e9unions de pr\u00e9paration, sabotages de radars\u00a0: les forces de s\u00e9curit\u00e9 recensent plusieurs actions qui pr\u00e9disent d\u00e9j\u00e0 que l\u2019action sera intense.  \u00ab\u00a0100\u00a0000 personnes pourraient se mobiliser partout en France\u00a0\u00bb  , estiment\u00a0les r\u00e9dacteurs de la note. Une quarantaine de manifestations de rue sont attendues,  <a href=\"https:\/\/www.bfmtv.com\/police-justice\/blocages-100-000-personnes-mobilisees-l-inquietude-du-renseignement-territorial-avant-le-10-septembre_AN-202509030309.html\" target=\"_blank\" rel=\"noopener noreferrer nofollow\" class=\"\"><strong>pr\u00e9cise<\/strong><\/a>   <a href=\"https:\/\/www.bfmtv.com\/police-justice\/blocages-100-000-personnes-mobilisees-l-inquietude-du-renseignement-territorial-avant-le-10-septembre_AN-202509030309.html\" target=\"_blank\" rel=\"noopener noreferrer nofollow\" class=\"\"><strong>BFM TV.<\/strong><\/a> <\/p>\n<p>05h00.Pr\u00e8s de 100 actions sont recens\u00e9es en \u00cele-de-France et plus de 600 en r\u00e9gions<\/p>\n<p class=\"live-post__amorce\">Des centaines d&rsquo;actions en Ile-de-France et en r\u00e9gions, des m\u00e9tropoles aux petites villes, sont pr\u00e9vues, selon un bilan provisoire s&rsquo;appuyant sur une carte collaborative (  <a href=\"http:\/\/www.cartedesagbfc.gogocarto.fr\/\" target=\"_blank\" rel=\"noopener noreferrer nofollow\" class=\"\"><strong>www.cartedesagbfc.gogocarto.fr<\/strong><\/a>  ). <strong>Les facs et les lyc\u00e9es<\/strong> Pr\u00e8s de 30 universit\u00e9s\u00a0fran\u00e7aises organisaient mardi \u00e0 la mi-journ\u00e9e leurs assembl\u00e9es g\u00e9n\u00e9rales pour d\u00e9cider de leurs actions mercredi. C\u00f4t\u00e9 lyc\u00e9es,  \u00ab\u00a0on doit prendre part \u00e0 ce mouvement social, parce qu&rsquo;on est les premiers et les premi\u00e8res concern\u00e9s par le budget\u00a0\u00bb  , a expliqu\u00e9 Sofia Tizaoui, pr\u00e9sidente de l&rsquo;Union syndicale lyc\u00e9enne, premier syndicat lyc\u00e9en, qui a appel\u00e9 au blocage des lyc\u00e9es. <strong>Les rocades bloqu\u00e9es<\/strong> Dans l&rsquo;Ouest, les citoyens mobilis\u00e9s se donnent rendez-vous d\u00e8s 06H00 mercredi dans la perspective de bloquer les rocades de Rennes et Nantes. A Paris, d\u00e8s minuit dans la nuit de mardi \u00e0 mercredi, des militants pr\u00e9voient de bloquer plusieurs portes du p\u00e9riph\u00e9rique (La Chapelle, Bagnolet, Montreuil, Italie, Orl\u00e9ans notamment) et de poursuivre leurs blocages dans la matin\u00e9e.Dans les  <strong>transports en commun<\/strong>  , les Intercit\u00e9s, RER et Transiliens seront plus affect\u00e9s que les TGV, m\u00e9tros, tramways ou bus parisiens.Commerces, raffineries, h\u00f4pitaux, \u00e9boueurs, usines &#8230; De nombreux salari\u00e9s ont pr\u00e9vu de bloquer des entreprises. Le  <strong>g\u00e9ant Amazon <\/strong> pourrait \u00eatre perturb\u00e9 par un piquet de gr\u00e8ve sur le site de Br\u00e9tigny-sur-Orge (Essonne), \u00e0 partir de 12h. Au sud de Rouen, l&rsquo;usine Amp\u00e8re de Renault, plus gros employeur de la r\u00e9gion, sera en gr\u00e8ve.<\/p>\n<p> <script async src=\"https:\/\/platform.twitter.com\/widgets.js\" charset=\"utf-8\"><\/script><script async src=\"\/\/www.instagram.com\/embed.js\"><\/script><\/p>\n","protected":false},"excerpt":{"rendered":"15h03.Pr\u00e8s de 30 000 manifestants, selon le gouvernement Selon le dernier bilan du minist\u00e8re de l&rsquo;Int\u00e9rieur : 295&hellip;\n","protected":false},"author":2,"featured_media":380622,"comment_status":"","ping_status":"","sticky":false,"template":"","format":"standard","meta":{"footnotes":""},"categories":[9599],"tags":[1111,11,1777,674,1011,27,2208,12,2680,25],"class_list":{"0":"post-380621","1":"post","2":"type-post","3":"status-publish","4":"format-standard","5":"has-post-thumbnail","7":"category-montpellier","8":"tag-actu","9":"tag-actualites","10":"tag-eu","11":"tag-europe","12":"tag-fr","13":"tag-france","14":"tag-montpellier","15":"tag-news","16":"tag-occitanie","17":"tag-republique-francaise"},"share_on_mastodon":{"url":"https:\/\/pubeurope.com\/@fr\/115180862657042977","error":""},"_links":{"self":[{"href":"https:\/\/www.europesays.com\/fr\/wp-json\/wp\/v2\/posts\/380621","targetHints":{"allow":["GET"]}}],"collection":[{"href":"https:\/\/www.europesays.com\/fr\/wp-json\/wp\/v2\/posts"}],"about":[{"href":"https:\/\/www.europesays.com\/fr\/wp-json\/wp\/v2\/types\/post"}],"author":[{"embeddable":true,"href":"https:\/\/www.europesays.com\/fr\/wp-json\/wp\/v2\/users\/2"}],"replies":[{"embeddable":true,"href":"https:\/\/www.europesays.com\/fr\/wp-json\/wp\/v2\/comments?post=380621"}],"version-history":[{"count":0,"href":"https:\/\/www.europesays.com\/fr\/wp-json\/wp\/v2\/posts\/380621\/revisions"}],"wp:featuredmedia":[{"embeddable":true,"href":"https:\/\/www.europesays.com\/fr\/wp-json\/wp\/v2\/media\/380622"}],"wp:attachment":[{"href":"https:\/\/www.europesays.com\/fr\/wp-json\/wp\/v2\/media?parent=380621"}],"wp:term":[{"taxonomy":"category","embeddable":true,"href":"https:\/\/www.europesays.com\/fr\/wp-json\/wp\/v2\/categories?post=380621"},{"taxonomy":"post_tag","embeddable":true,"href":"https:\/\/www.europesays.com\/fr\/wp-json\/wp\/v2\/tags?post=380621"}],"curies":[{"name":"wp","href":"https:\/\/api.w.org\/{rel}","templated":true}]}}