{"id":380623,"date":"2025-09-10T16:07:14","date_gmt":"2025-09-10T16:07:14","guid":{"rendered":"https:\/\/www.europesays.com\/fr\/380623\/"},"modified":"2025-09-10T16:07:14","modified_gmt":"2025-09-10T16:07:14","slug":"en-direct-blocages-du-10-septembre-la-facade-dun-immeuble-en-feu-a-paris-des-tensions-dans-plusieurs-villes","status":"publish","type":"post","link":"https:\/\/www.europesays.com\/fr\/380623\/","title":{"rendered":"EN DIRECT &#8211; Blocages du 10 septembre : la fa\u00e7ade d&rsquo;un immeuble en feu \u00e0 Paris, des tensions dans plusieurs villes"},"content":{"rendered":"<p>                Circulation toujours interrompue entre Toulouse et Auch<\/p>\n<p>                        Alerte<\/p>\n<p>La SNCF a annonc\u00e9 que la circulation restait \u00ab\u00a0interrompue entre Toulouse et Auch en raison d&rsquo;un acte de malveillance ayant d\u00e9grad\u00e9 des c\u00e2bles cette nuit. Elle le restera toute la journ\u00e9e\u00a0\u00bb.<\/p>\n<p>Dans le Sud-Ouest toujours, des c\u00e2bles \u00e9lectriques ont \u00e9t\u00e9 sectionn\u00e9s entre Marmande et Agen mais ces d\u00e9g\u00e2ts ont \u00e9t\u00e9 r\u00e9par\u00e9s et le trafic a pu reprendre.<\/p>\n<p>L&rsquo;entreprise ferroviaire a indiqu\u00e9 que \u00ab\u00a0des tentatives d&rsquo;envahissement de plusieurs gares\u00a0\u00bb, comme la Gare du Nord \u00e0 Paris, celles de Marseille et de Montpellier, avaient \u00e9t\u00e9 \u00ab\u00a0emp\u00each\u00e9es par les forces de l&rsquo;ordre\u00a0\u00bb et que la circulation des trains via les gares de Cherbourg et de Valence-Ville avait pu reprendre apr\u00e8s avoir \u00e9t\u00e9 bri\u00e8vement interrompue en fin de matin\u00e9e en raison d'\u00a0\u00bboccupations de voies\u00a0\u00bb.&#13;<\/p>\n<p>Des enqu\u00eates sont en cours sur les actes de malveillance et SNCF R\u00e9seau va d\u00e9poser plainte, a ajout\u00e9 la SNCF.&#13;<br \/>Le minist\u00e8re des Transports a cit\u00e9 des \u00ab\u00a0exactions\u00a0\u00bb, telles que le \u00ab\u00a0cadenassage d&rsquo;une grille d&rsquo;acc\u00e8s \u00e0 une gare en Ile-de-France, des jets de p\u00e9tards\u00a0\u00bb sur une voie, ou encore la \u00ab\u00a0pr\u00e9sence de palettes sur les voies entre Rennes et Redon\u00a0\u00bb.&#13;&#13;&#13;<\/p>\n<p>    Partager<\/p>\n","protected":false},"excerpt":{"rendered":"Circulation toujours interrompue entre Toulouse et Auch Alerte La SNCF a annonc\u00e9 que la circulation restait \u00ab\u00a0interrompue entre&hellip;\n","protected":false},"author":2,"featured_media":380624,"comment_status":"","ping_status":"","sticky":false,"template":"","format":"standard","meta":{"footnotes":""},"categories":[9587],"tags":[1111,11,898,7551,1777,674,107,1011,27,6151,51302,1272,12,5161,25,9590,800],"class_list":{"0":"post-380623","1":"post","2":"type-post","3":"status-publish","4":"format-standard","5":"has-post-thumbnail","7":"category-rouen","8":"tag-actu","9":"tag-actualites","10":"tag-alerte","11":"tag-blocage","12":"tag-eu","13":"tag-europe","14":"tag-fil-info","15":"tag-fr","16":"tag-france","17":"tag-greve","18":"tag-greve-du-10-septembre-2025","19":"tag-manifestations","20":"tag-news","21":"tag-normandie","22":"tag-republique-francaise","23":"tag-rouen","24":"tag-transports"},"share_on_mastodon":{"url":"https:\/\/pubeurope.com\/@fr\/115180866329008454","error":""},"_links":{"self":[{"href":"https:\/\/www.europesays.com\/fr\/wp-json\/wp\/v2\/posts\/380623","targetHints":{"allow":["GET"]}}],"collection":[{"href":"https:\/\/www.europesays.com\/fr\/wp-json\/wp\/v2\/posts"}],"about":[{"href":"https:\/\/www.europesays.com\/fr\/wp-json\/wp\/v2\/types\/post"}],"author":[{"embeddable":true,"href":"https:\/\/www.europesays.com\/fr\/wp-json\/wp\/v2\/users\/2"}],"replies":[{"embeddable":true,"href":"https:\/\/www.europesays.com\/fr\/wp-json\/wp\/v2\/comments?post=380623"}],"version-history":[{"count":0,"href":"https:\/\/www.europesays.com\/fr\/wp-json\/wp\/v2\/posts\/380623\/revisions"}],"wp:featuredmedia":[{"embeddable":true,"href":"https:\/\/www.europesays.com\/fr\/wp-json\/wp\/v2\/media\/380624"}],"wp:attachment":[{"href":"https:\/\/www.europesays.com\/fr\/wp-json\/wp\/v2\/media?parent=380623"}],"wp:term":[{"taxonomy":"category","embeddable":true,"href":"https:\/\/www.europesays.com\/fr\/wp-json\/wp\/v2\/categories?post=380623"},{"taxonomy":"post_tag","embeddable":true,"href":"https:\/\/www.europesays.com\/fr\/wp-json\/wp\/v2\/tags?post=380623"}],"curies":[{"name":"wp","href":"https:\/\/api.w.org\/{rel}","templated":true}]}}