{"id":380627,"date":"2025-09-10T16:09:12","date_gmt":"2025-09-10T16:09:12","guid":{"rendered":"https:\/\/www.europesays.com\/fr\/380627\/"},"modified":"2025-09-10T16:09:12","modified_gmt":"2025-09-10T16:09:12","slug":"jarrie-theatre-en-exterieur-au-chateau-de-bon-repos","status":"publish","type":"post","link":"https:\/\/www.europesays.com\/fr\/380627\/","title":{"rendered":"Jarrie. Th\u00e9\u00e2tre en ext\u00e9rieur au ch\u00e2teau de Bon Repos"},"content":{"rendered":"<p>Le spectacle Natalia 2025 est pr\u00e9sent\u00e9 au ch\u00e2teau de Bon Repos, \u00e0 Jarrie, pour la quatri\u00e8me ann\u00e9e. Voici sa 26e repr\u00e9sentation. C\u2019est un conte de princesse et de chevaliers pour les enfants \u00e0 partir de 5 ans, mais c\u2019est aussi, \u00e0 un autre niveau, une fable \u00e9cologique pour les jeunes et les adultes, jusqu\u2019\u00e0 95 ans\u00a0! Quelques petites nouvelles de la plan\u00e8te Terre\u00a0sur un parcours de 710 m\u00e8tres dans la nature autour du ch\u00e2teau avec 29 personnages jou\u00e9s par 23 com\u00e9diens et com\u00e9diennes. Tout cela avec de l\u2019humour\u00a0!<\/p>\n<p class=\"note\">Vendredi 12\u00a0septembre \u00e0 18\u00a0h, samedi\u00a013 \u00e0 15\u00a0h et 18\u00a0h. Vendredi\u00a026 \u00e0 18\u00a0h. Samedi\u00a027 \u00e0 15\u00a0h et 18\u00a0h. Tarifs\u00a0: 12\u00a0\u20ac, 10\u00a0\u20ac adh\u00e9rents, jeunes, coll\u00e8ges et lyc\u00e9es, 5\u00a0\u20ac enfants du primaire. R\u00e9servations au 06\u00a088\u00a043\u00a072\u00a021.<\/p>\n","protected":false},"excerpt":{"rendered":"Le spectacle Natalia 2025 est pr\u00e9sent\u00e9 au ch\u00e2teau de Bon Repos, \u00e0 Jarrie, pour la quatri\u00e8me ann\u00e9e. Voici&hellip;\n","protected":false},"author":2,"featured_media":380628,"comment_status":"","ping_status":"","sticky":false,"template":"","format":"standard","meta":{"footnotes":""},"categories":[9566],"tags":[1111,11,2430,1687,113,1777,674,1011,27,2731,17480,12,25,17481,3140],"class_list":{"0":"post-380627","1":"post","2":"type-post","3":"status-publish","4":"format-standard","5":"has-post-thumbnail","7":"category-grenoble","8":"tag-actu","9":"tag-actualites","10":"tag-auvergne-rhone-alpes","11":"tag-culture-loisirs","12":"tag-edition-gresivaudan-oisans","13":"tag-eu","14":"tag-europe","15":"tag-fr","16":"tag-france","17":"tag-grenoble","18":"tag-jarrie","19":"tag-news","20":"tag-republique-francaise","21":"tag-romanche","22":"tag-spectacle"},"share_on_mastodon":{"url":"https:\/\/pubeurope.com\/@fr\/115180874224243037","error":""},"_links":{"self":[{"href":"https:\/\/www.europesays.com\/fr\/wp-json\/wp\/v2\/posts\/380627","targetHints":{"allow":["GET"]}}],"collection":[{"href":"https:\/\/www.europesays.com\/fr\/wp-json\/wp\/v2\/posts"}],"about":[{"href":"https:\/\/www.europesays.com\/fr\/wp-json\/wp\/v2\/types\/post"}],"author":[{"embeddable":true,"href":"https:\/\/www.europesays.com\/fr\/wp-json\/wp\/v2\/users\/2"}],"replies":[{"embeddable":true,"href":"https:\/\/www.europesays.com\/fr\/wp-json\/wp\/v2\/comments?post=380627"}],"version-history":[{"count":0,"href":"https:\/\/www.europesays.com\/fr\/wp-json\/wp\/v2\/posts\/380627\/revisions"}],"wp:featuredmedia":[{"embeddable":true,"href":"https:\/\/www.europesays.com\/fr\/wp-json\/wp\/v2\/media\/380628"}],"wp:attachment":[{"href":"https:\/\/www.europesays.com\/fr\/wp-json\/wp\/v2\/media?parent=380627"}],"wp:term":[{"taxonomy":"category","embeddable":true,"href":"https:\/\/www.europesays.com\/fr\/wp-json\/wp\/v2\/categories?post=380627"},{"taxonomy":"post_tag","embeddable":true,"href":"https:\/\/www.europesays.com\/fr\/wp-json\/wp\/v2\/tags?post=380627"}],"curies":[{"name":"wp","href":"https:\/\/api.w.org\/{rel}","templated":true}]}}