{"id":380629,"date":"2025-09-10T16:10:15","date_gmt":"2025-09-10T16:10:15","guid":{"rendered":"https:\/\/www.europesays.com\/fr\/380629\/"},"modified":"2025-09-10T16:10:15","modified_gmt":"2025-09-10T16:10:15","slug":"10-septembre-les-images-de-la-mobilisation-grenobloise","status":"publish","type":"post","link":"https:\/\/www.europesays.com\/fr\/380629\/","title":{"rendered":"10 septembre : les images de la mobilisation grenobloise"},"content":{"rendered":"<p>Le d\u00e9fil\u00e9 est toujours en cours <strong>\u00e0 Grenoble<\/strong>, <a href=\"https:\/\/mesinfos.fr\/38500-voiron\/10-septembre-2025-en-isere-a-quoi-s-attendre-dans-le-departement-229505.html\" rel=\"noopener\" target=\"_blank\">il devrait arriver aux alentours de 19 heures au parc Paul-Mistral<\/a>. Difficile de chiffrer le nombre de manifestants, mais ils sont <strong>plusieurs milliers<\/strong> &#8211; 6 000 selon certains, 9 000 selon d&rsquo;autres &#8211; \u00e0 avoir r\u00e9pondu \u00e0 l&rsquo;<strong>appel du collectif citoyen Bloquons Tout!, <\/strong>qui appelait \u00e0 la mobilisation g\u00e9n\u00e9rale ce 10 septembre 2025. <\/p>\n<p>10 septembre \u00e0 Grenoble : une nouvelle manifestation annonc\u00e9e samedi 13 septembre 2025 <\/p>\n<p>Les manifestants sont partis de la place Victor-Hugo o\u00f9 ils devaient rejoindre la Porte de France. Mais un barrage policier a emp\u00each\u00e9 l&rsquo;acc\u00e8s \u00e0 cette entr\u00e9e tr\u00e8s fr\u00e9quent\u00e9e de Grenoble et le d\u00e9fil\u00e9 a \u00e9t\u00e9 contraint de suivre les quais de l&rsquo;Is\u00e8re. <\/p>\n<p>Ils doivent rejoindre la place de Verdun o\u00f9 se trouve la pr\u00e9fecture de l&rsquo;Is\u00e8re puis le parc Paul-Mistral en vue d&rsquo;une<strong> nouvelle assembl\u00e9e g\u00e9n\u00e9rale.<\/strong> Il devrait y en avoir une tous les soirs, d&rsquo;ailleurs, au pied de la <a href=\"https:\/\/mesinfos.fr\/38000-grenoble\/tour-perret-a-grenoble-les-prochains-travaux-avant-l-ouverture-au-printemps-2026-225007.html\" rel=\"noopener\" target=\"_blank\">Tour Perret<\/a>, pour d\u00e9cider <strong>des actions \u00e0 mener le lendemain,<\/strong> et ce, jusqu&rsquo;\u00e0 au moins <strong>samedi<\/strong>, o\u00f9 une <strong>nouvelle manifestation est pr\u00e9vue.<\/strong> <\/p>\n<p><a class=\"flex flex-d-c lSButton\" data-order=\"hide-menu\" href=\"#\"><strong>Lancer le diaporama<\/strong>20 photos<\/a><\/p>\n<p> \u00ab\u00a0C&rsquo;est compliqu\u00e9 pour le peuple d&rsquo;accepter que les puissants fassent n&rsquo;importe quoi\u00a0\u00bb <img decoding=\"async\" alt=\"\" class=\"img-align-center\" data-zoomable=\"\" height=\"1501\" loading=\"lazy\" src=\"https:\/\/www.europesays.com\/fr\/wp-content\/uploads\/2025\/09\/img-20250910-160837.jpg\" title=\"\u00a9 Thomas Richardson - F\u00e9lix, professeur d'informatique en lyc\u00e9e, est venu d\u00e9guis\u00e9 en Luigi \u00e0 la manifestation \u00e0 Grenoble.\" width=\"2000\"\/> \u00a9 Thomas Richardson &#8211; F\u00e9lix, professeur d&rsquo;informatique en lyc\u00e9e, est venu d\u00e9guis\u00e9 en Luigi \u00e0 la manifestation \u00e0 Grenoble. <\/p>\n<p>Parmi les manifestants, F\u00e9lix, Grenoblois et professeur d&rsquo;informatique en lyc\u00e9e, venu d\u00e9guis\u00e9 en Luigi de Super Mario Bros, arborant un panneau fait main Danger indignation. Il s&rsquo;explique :\u00a0 <\/p>\n<blockquote>\n<p>\u00ab\u00a0Le probl\u00e8me ce n&rsquo;est pas tant la crise et le fait qu&rsquo;on doit faire des efforts. Le probl\u00e8me est que ceux qui nous demandent de faire des efforts, ils n&rsquo;en font pas. Il y a une \u00e9norme hypocrisie et le costume de Luigi c&rsquo;est beaucoup pour le fun mais aussi pour rappeler l&rsquo;Am\u00e9ricain Luigi Mangione qui est un peu pour moi la repr\u00e9sentation de cette indignation qui me fait peur, dans laquelle je n&rsquo;ai pas envie qu&rsquo;on se retrouve, c\u2019est-\u00e0-dire l&rsquo;indignation o\u00f9 il n&rsquo;y a plus d&rsquo;autre solution que la violence. C&rsquo;est pourquoi j&rsquo;ai ce panneau danger. On est en train d&rsquo;arriver \u00e0 un endroit o\u00f9 c&rsquo;est compliqu\u00e9 pour le peuple d&rsquo;accepter que les puissants fassent n&rsquo;importe quoi.\u00a0\u00bb <\/p>\n<\/blockquote>\n<p>  <img decoding=\"async\" alt=\"\" class=\"img-align-center\" data-zoomable=\"\" height=\"1501\" loading=\"lazy\" src=\"https:\/\/www.europesays.com\/fr\/wp-content\/uploads\/2025\/09\/img-20250910-162320.jpg\" title=\"\u00a9 Thomas Richardson - Gabrielle, retrait\u00e9e, est venue d\u00e9noncer l'injustice sociale.\" width=\"2000\"\/> \u00a9 Thomas Richardson &#8211; Gabrielle, retrait\u00e9e, est venue d\u00e9noncer l&rsquo;injustice sociale. <\/p>\n<p>Un peu plus loin, Gabrielle, de Saint-\u00c9gr\u00e8ve, ancienne psychologue clinicienne \u00e0 la retraite. Elle arbore un panneau avec la mention \u00ab\u00a0Je me r\u00e9volte (contre l&rsquo;injustice sociale) donc nous sommes, indignons-nous !\u00a0\u00bb . Elle s&rsquo;explique : \u00ab\u00a0Je ne supporte plus l&rsquo;ind\u00e9cence de ces ultra riches. Ils n&rsquo;ont aucune pudeur. Je suis pour la justice sociale, pour une vie d\u00e9cente pour chacun. C&rsquo;est pourquoi j&rsquo;ai \u00e9crit cette phrase d&rsquo;Albert Camus : Je me r\u00e9volte, donc nous sommes. Une autre phrase de Camus que j&rsquo;aime bien est un homme, \u00e7a s&#8217;emp\u00eache.\u00a0\u00bb<\/p>\n<p>\u00ab\u00a0Macron d\u00e9mission\u00a0\u00bb, c&rsquo;est le message inscrit sur le panneau port\u00e9 par Cl\u00e9mentine, habitante de Grenoble. Elle d\u00e9nonce la \u00ab\u00a0fachosph\u00e8re avec tous les ultra riches qui se coordonnent \u00e0 travers le monde pour \u00eatre juste plus riches, pour une raison que je ne comprends pas, pendant que tous les autres, c&rsquo;est-\u00e0-dire la majorit\u00e9 de la population mondiale continue d&rsquo;\u00eatre dans la merde. Il n&rsquo;y a pas de justice sociale ni \u00e9cologique. A un moment donn\u00e9 il faut sortir dans la rue et montrer notre m\u00e9contentement\u00a0\u00bb.<\/p>\n","protected":false},"excerpt":{"rendered":"Le d\u00e9fil\u00e9 est toujours en cours \u00e0 Grenoble, il devrait arriver aux alentours de 19 heures au parc&hellip;\n","protected":false},"author":2,"featured_media":380630,"comment_status":"","ping_status":"","sticky":false,"template":"","format":"standard","meta":{"footnotes":""},"categories":[9566],"tags":[48300,1111,11,2430,47212,1777,674,1011,27,2731,1272,12,25],"class_list":{"0":"post-380629","1":"post","2":"type-post","3":"status-publish","4":"format-standard","5":"has-post-thumbnail","7":"category-grenoble","8":"tag-10-septembre","9":"tag-actu","10":"tag-actualites","11":"tag-auvergne-rhone-alpes","12":"tag-bloquons-tout","13":"tag-eu","14":"tag-europe","15":"tag-fr","16":"tag-france","17":"tag-grenoble","18":"tag-manifestations","19":"tag-news","20":"tag-republique-francaise"},"share_on_mastodon":{"url":"https:\/\/pubeurope.com\/@fr\/115180878212656251","error":""},"_links":{"self":[{"href":"https:\/\/www.europesays.com\/fr\/wp-json\/wp\/v2\/posts\/380629","targetHints":{"allow":["GET"]}}],"collection":[{"href":"https:\/\/www.europesays.com\/fr\/wp-json\/wp\/v2\/posts"}],"about":[{"href":"https:\/\/www.europesays.com\/fr\/wp-json\/wp\/v2\/types\/post"}],"author":[{"embeddable":true,"href":"https:\/\/www.europesays.com\/fr\/wp-json\/wp\/v2\/users\/2"}],"replies":[{"embeddable":true,"href":"https:\/\/www.europesays.com\/fr\/wp-json\/wp\/v2\/comments?post=380629"}],"version-history":[{"count":0,"href":"https:\/\/www.europesays.com\/fr\/wp-json\/wp\/v2\/posts\/380629\/revisions"}],"wp:featuredmedia":[{"embeddable":true,"href":"https:\/\/www.europesays.com\/fr\/wp-json\/wp\/v2\/media\/380630"}],"wp:attachment":[{"href":"https:\/\/www.europesays.com\/fr\/wp-json\/wp\/v2\/media?parent=380629"}],"wp:term":[{"taxonomy":"category","embeddable":true,"href":"https:\/\/www.europesays.com\/fr\/wp-json\/wp\/v2\/categories?post=380629"},{"taxonomy":"post_tag","embeddable":true,"href":"https:\/\/www.europesays.com\/fr\/wp-json\/wp\/v2\/tags?post=380629"}],"curies":[{"name":"wp","href":"https:\/\/api.w.org\/{rel}","templated":true}]}}