{"id":380631,"date":"2025-09-10T16:11:23","date_gmt":"2025-09-10T16:11:23","guid":{"rendered":"https:\/\/www.europesays.com\/fr\/380631\/"},"modified":"2025-09-10T16:11:23","modified_gmt":"2025-09-10T16:11:23","slug":"nouveau-premier-ministre-lex-prefet-de-bretagne-philippe-gustin-dirige-le-cabinet-de-sebastien-lecornu","status":"publish","type":"post","link":"https:\/\/www.europesays.com\/fr\/380631\/","title":{"rendered":"Nouveau Premier ministre\u00a0: l\u2019ex-pr\u00e9fet de Bretagne Philippe Gustin dirige le cabinet de S\u00e9bastien Lecornu"},"content":{"rendered":"<p>En posant ses valises \u00e0 Matignon &#8211; pour une p\u00e9riode particuli\u00e8rement ind\u00e9termin\u00e9e au vu du contexte politique &#8211; S\u00e9bastien Lecornu entra\u00eene avec lui, \u00e0 Matignon, un personnage bien connu des Bretons. Car le nouveau Premier ministre vient de faire de Philippe Gustin, ancien pr\u00e9fet de la r\u00e9gion, durant un an, entre 2023 et 2024, son directeur de cabinet. Une courte p\u00e9riode en Bretagne durant laquelle le haut fonctionnaire avait quand m\u00eame eu le temps de bousculer les habitudes dans la capitale r\u00e9gionale &#8211; et de marquer les esprits, en particulier celui de la maire, Nathalie App\u00e9r\u00e9 &#8211; <a href=\"https:\/\/www.letelegramme.fr\/ille-et-vilaine\/rennes-35000\/terroristes-connivence-de-rennes-2-apres-la-casse-le-prefet-sort-la-sulfateuse-6513477.php\" target=\"_blank\" rel=\"nofollow noopener\">en fustigeant les casseurs de l\u2019ultra-gauche<\/a>, n\u2019h\u00e9sitant pas \u00e0 faire le lien entre eux et l\u2019universit\u00e9 Rennes 2. <\/p>\n<p>Hasard du calendrier, sa nomination aupr\u00e8s du Premier ministre intervient le jour m\u00eame du lancement de l\u2019op\u00e9ration \u00ab Bloquons tout \u00bb, o\u00f9 des violences ont justement \u00e9maill\u00e9 une action de blocage \u00e0 Rennes, ce mercredi matin.<\/p>\n<p>Pas l\u00e0 par hasard<\/p>\n<p>\u00c2g\u00e9 de 65 ans, Philippe Gustin n\u2019arrive pas l\u00e0 par hasard. Il est un fid\u00e8le du nouveau chef du gouvernement. L\u2019\u00e9narque, dipl\u00f4m\u00e9 \u00e0 40 ans, apr\u00e8s un d\u00e9but de carri\u00e8re comme professeur puis attach\u00e9 d\u2019ambassades, avait dirig\u00e9 les cabinets de S\u00e9bastien Lecornu lorsqu\u2019il \u00e9tait ministre aux Outre-Mer puis aux Arm\u00e9es. Un compagnonnage qui avait d\u00e9marr\u00e9 d\u00e8s 2014, lorsque le d\u00e9sormais chef du gouvernement \u00e9tait \u00e0 l\u2019UMP, avant qu\u2019il ne rejoigne la Macronie, en 2017. Sous le mandat de Nicolas Sarkozy, Philippe Gustin a, en effet, conseill\u00e9 Christine Lagarde et travaill\u00e9 avec Luc Chatel, qu\u2019il a suivi quand ce dernier a pris la direction du parti de la droite pour redresser ses finances. Plus r\u00e9cemment, il a bri\u00e8vement dirig\u00e9 le cabinet de la ministre de l\u2019Agriculture, Annie Genevard.<\/p>\n<p>Un go\u00fbt pour la diplomatie pas inutile<\/p>\n<p>Le pr\u00e9fet, qui a tent\u00e9 une candidature aux l\u00e9gislatives, sans succ\u00e8s, en 2017, aura fort \u00e0 faire aupr\u00e8s du chef du gouvernement. Dans une p\u00e9riode o\u00f9 la n\u00e9gociation et le compromis, en particulier avec le Parti socialiste, vont \u00eatre \u00e9lev\u00e9s au rang d\u2019art, afin de <a href=\"https:\/\/www.letelegramme.fr\/france\/nouveau-premier-ministre-pourquoi-la-piste-sebastien-lecornu-semble-tenir-la-corde-6886083.php\" target=\"_blank\" rel=\"nofollow noopener\">trouver un accord de non-censure sur le budget 2026<\/a>, son go\u00fbt pour la diplomatie ne sera pas de trop. <\/p>\n<p>Durant sa carri\u00e8re, Philippe Gustin a notamment \u00e9t\u00e9 charg\u00e9 de la reconstruction des \u00eeles de Saint-Barth\u00e9lemy et Saint-Martin, d\u00e9vast\u00e9es par un ouragan, en 2017. Une exp\u00e9rience pas inutile quand on doit b\u00e2tir, et rapidement, une majorit\u00e9 relative dans un paysage politique fran\u00e7ais totalement d\u00e9moli.<\/p>\n","protected":false},"excerpt":{"rendered":"En posant ses valises \u00e0 Matignon &#8211; pour une p\u00e9riode particuli\u00e8rement ind\u00e9termin\u00e9e au vu du contexte politique &#8211;&hellip;\n","protected":false},"author":2,"featured_media":380632,"comment_status":"","ping_status":"","sticky":false,"template":"","format":"standard","meta":{"footnotes":""},"categories":[2821],"tags":[1111,11,829,765,1777,674,1011,27,12,316,584,25],"class_list":{"0":"post-380631","1":"post","2":"type-post","3":"status-publish","4":"format-standard","5":"has-post-thumbnail","7":"category-rennes","8":"tag-actu","9":"tag-actualites","10":"tag-bretagne","11":"tag-en-continu","12":"tag-eu","13":"tag-europe","14":"tag-fr","15":"tag-france","16":"tag-news","17":"tag-politique","18":"tag-rennes","19":"tag-republique-francaise"},"share_on_mastodon":{"url":"https:\/\/pubeurope.com\/@fr\/115180882104393279","error":""},"_links":{"self":[{"href":"https:\/\/www.europesays.com\/fr\/wp-json\/wp\/v2\/posts\/380631","targetHints":{"allow":["GET"]}}],"collection":[{"href":"https:\/\/www.europesays.com\/fr\/wp-json\/wp\/v2\/posts"}],"about":[{"href":"https:\/\/www.europesays.com\/fr\/wp-json\/wp\/v2\/types\/post"}],"author":[{"embeddable":true,"href":"https:\/\/www.europesays.com\/fr\/wp-json\/wp\/v2\/users\/2"}],"replies":[{"embeddable":true,"href":"https:\/\/www.europesays.com\/fr\/wp-json\/wp\/v2\/comments?post=380631"}],"version-history":[{"count":0,"href":"https:\/\/www.europesays.com\/fr\/wp-json\/wp\/v2\/posts\/380631\/revisions"}],"wp:featuredmedia":[{"embeddable":true,"href":"https:\/\/www.europesays.com\/fr\/wp-json\/wp\/v2\/media\/380632"}],"wp:attachment":[{"href":"https:\/\/www.europesays.com\/fr\/wp-json\/wp\/v2\/media?parent=380631"}],"wp:term":[{"taxonomy":"category","embeddable":true,"href":"https:\/\/www.europesays.com\/fr\/wp-json\/wp\/v2\/categories?post=380631"},{"taxonomy":"post_tag","embeddable":true,"href":"https:\/\/www.europesays.com\/fr\/wp-json\/wp\/v2\/tags?post=380631"}],"curies":[{"name":"wp","href":"https:\/\/api.w.org\/{rel}","templated":true}]}}