{"id":380633,"date":"2025-09-10T16:12:24","date_gmt":"2025-09-10T16:12:24","guid":{"rendered":"https:\/\/www.europesays.com\/fr\/380633\/"},"modified":"2025-09-10T16:12:24","modified_gmt":"2025-09-10T16:12:24","slug":"apres-lincendie-plus-aucun-bus-ne-circule-dans-rennes","status":"publish","type":"post","link":"https:\/\/www.europesays.com\/fr\/380633\/","title":{"rendered":"Apr\u00e8s l\u2019incendie, plus aucun bus ne circule dans Rennes"},"content":{"rendered":"<p>L\u2019ambiance est tellement \u00e9trange. D\u2019ordinaire si anim\u00e9e le mercredi, la place de la R\u00e9publique de <a href=\"https:\/\/www.20minutes.fr\/rennes\/\" class=\"c-link c-link--is-underlined\" rel=\"nofollow noopener\" target=\"_blank\">Rennes <\/a>est quasi d\u00e9serte. Et pour cause. Depuis 15h30, plus aucun bus ne circule dans le centre de la capitale bretonne. L\u2019ensemble des bus est rentr\u00e9 au d\u00e9p\u00f4t. Une mesure \u00ab\u00a0de s\u00e9curit\u00e9 pour le mat\u00e9riel et pour le personnel\u00a0\u00bb, explique la direction de Keolis. Une mesure prise en accord avec les syndicats <a href=\"https:\/\/www.20minutes.fr\/societe\/4172250-20250910-bloquons-tout-entres-tout-saccage-sait-bus-brule-rennes\" class=\"c-link c-link--is-underlined\" rel=\"nofollow noopener\" target=\"_blank\">apr\u00e8s l\u2019incendie d\u2019un bus survenu ce mercredi matin<\/a> sur la rocade.<\/p>\n<p>Keolis confirme que l\u2019ensemble des bus concern\u00e9s ne circulera plus de la journ\u00e9e. Toutes les lignes cens\u00e9es circuler dans Rennes sont concern\u00e9es\u00a0: la C1, C2, C3, C4, C5, C6, C7 et les lignes 10, 11, 12, 13, 14, 32, 34, 50, 53, 64, 154, 155 et 156 ne circulent plus. En revanche, toutes les lignes reliant les communes de la m\u00e9tropole sont op\u00e9rationnelles.<\/p>\n<\/p>\n<p>Ce mercredi matin, le d\u00e9p\u00f4t de bus de la plaine de Baud avait \u00e9t\u00e9 bloqu\u00e9 par des manifestants dans le cadre de la mobilisation \u00ab\u00a0Bloquons tout\u00a0\u00bb. Le d\u00e9p\u00f4t avait \u00e9t\u00e9 d\u00e9bloqu\u00e9, permettant de sortir les v\u00e9hicules, avant d\u2019\u00eatre de nouveau paralys\u00e9. La journ\u00e9e a \u00e9t\u00e9 marqu\u00e9e <a href=\"https:\/\/www.20minutes.fr\/societe\/4172222-20250910-bloquons-tout-30-secondes-pres-passais-naufrages-route-bloques-rocade-rennes\" class=\"c-link c-link--is-underlined\" rel=\"nofollow noopener\" target=\"_blank\">par une forte mobilisation dans la capitale bretonne<\/a>. Un peu plus de 10.000 personnes, selon la pr\u00e9fecture, 15.000 selon le syndicat Sud Solidaires, ont d\u00e9fil\u00e9 dans le centre-ville, sans heurts. La situation s\u2019est tendue par la suite. Des affrontements perdurent entre manifestants et forces de l\u2019ordre.<\/p>\n<p><img decoding=\"async\" alt=\"Image impressionnante sur la rocade de Rennes. Un bus a \u00e9t\u00e9 incendi\u00e9 par des manifestants repouss\u00e9s par les forces de l'ordre. Il n'y a eu aucun bless\u00e9.\" class=\"c-img\" loading=\"lazy\" fetchpriority=\"auto\" width=\"718\"  src=\"https:\/\/img.20mn.fr\/eCZnVofGTraFUMlTxTBOcSk\/718x0\" \/>Image impressionnante sur la rocade de Rennes. Un bus a \u00e9t\u00e9 incendi\u00e9 par des manifestants repouss\u00e9s par les forces de l&rsquo;ordre. Il n&rsquo;y a eu aucun bless\u00e9.\u2002-\u00a0Mathieu Pattier\/Sipa<\/p>\n<p>Ce mercredi matin, la rocade sud avait \u00e9t\u00e9 paralys\u00e9e par un barrage \u00e9rig\u00e9 par des manifestants. Un bus a \u00e9t\u00e9 incendi\u00e9 sous le pont de l\u2019Alma. La circulation des engins de plus de 44 tonnes y est d\u00e9sormais interdite. Selon la pr\u00e9fecture, vingt personnes ont \u00e9t\u00e9 interpell\u00e9es au fil de la journ\u00e9e.<\/p>\n","protected":false},"excerpt":{"rendered":"L\u2019ambiance est tellement \u00e9trange. D\u2019ordinaire si anim\u00e9e le mercredi, la place de la R\u00e9publique de Rennes est quasi&hellip;\n","protected":false},"author":2,"featured_media":380634,"comment_status":"","ping_status":"","sticky":false,"template":"","format":"standard","meta":{"footnotes":""},"categories":[2821],"tags":[1111,47,11,829,7048,3733,26825,1777,674,1312,1011,27,848,1310,4999,1272,12771,12,584,25,104,2216],"class_list":{"0":"post-380633","1":"post","2":"type-post","3":"status-publish","4":"format-standard","5":"has-post-thumbnail","7":"category-rennes","8":"tag-actu","9":"tag-actualite","10":"tag-actualites","11":"tag-bretagne","12":"tag-bus","13":"tag-casseurs","14":"tag-droit-de-retrait","15":"tag-eu","16":"tag-europe","17":"tag-feu","18":"tag-fr","19":"tag-france","20":"tag-ille-et-vilaine","21":"tag-incendie","22":"tag-keolis","23":"tag-manifestations","24":"tag-mouvements-sociaux","25":"tag-news","26":"tag-rennes","27":"tag-republique-francaise","28":"tag-societe","29":"tag-transports-en-commun"},"share_on_mastodon":{"url":"https:\/\/pubeurope.com\/@fr\/115180886222733993","error":""},"_links":{"self":[{"href":"https:\/\/www.europesays.com\/fr\/wp-json\/wp\/v2\/posts\/380633","targetHints":{"allow":["GET"]}}],"collection":[{"href":"https:\/\/www.europesays.com\/fr\/wp-json\/wp\/v2\/posts"}],"about":[{"href":"https:\/\/www.europesays.com\/fr\/wp-json\/wp\/v2\/types\/post"}],"author":[{"embeddable":true,"href":"https:\/\/www.europesays.com\/fr\/wp-json\/wp\/v2\/users\/2"}],"replies":[{"embeddable":true,"href":"https:\/\/www.europesays.com\/fr\/wp-json\/wp\/v2\/comments?post=380633"}],"version-history":[{"count":0,"href":"https:\/\/www.europesays.com\/fr\/wp-json\/wp\/v2\/posts\/380633\/revisions"}],"wp:featuredmedia":[{"embeddable":true,"href":"https:\/\/www.europesays.com\/fr\/wp-json\/wp\/v2\/media\/380634"}],"wp:attachment":[{"href":"https:\/\/www.europesays.com\/fr\/wp-json\/wp\/v2\/media?parent=380633"}],"wp:term":[{"taxonomy":"category","embeddable":true,"href":"https:\/\/www.europesays.com\/fr\/wp-json\/wp\/v2\/categories?post=380633"},{"taxonomy":"post_tag","embeddable":true,"href":"https:\/\/www.europesays.com\/fr\/wp-json\/wp\/v2\/tags?post=380633"}],"curies":[{"name":"wp","href":"https:\/\/api.w.org\/{rel}","templated":true}]}}