{"id":380637,"date":"2025-09-10T16:14:14","date_gmt":"2025-09-10T16:14:14","guid":{"rendered":"https:\/\/www.europesays.com\/fr\/380637\/"},"modified":"2025-09-10T16:14:14","modified_gmt":"2025-09-10T16:14:14","slug":"eurometropole-de-strasbourg-le-tram-ouest-entre-dans-sa-phase-dessais","status":"publish","type":"post","link":"https:\/\/www.europesays.com\/fr\/380637\/","title":{"rendered":"Eurom\u00e9tropole de Strasbourg. Le tram Ouest entre dans sa phase d\u2019essais"},"content":{"rendered":"<p>\u00c0 J moins 67 &#8211; comme l\u2019annonce ce mardi soir 9 septembre un panneau tout vert avec un village de campagne en fond, ses champs et sa cigogne &#8211; <a href=\"https:\/\/www.dna.fr\/economie\/2024\/08\/26\/elus-et-publics-soudes-autour-du-premier-rail-du-tram-ouest\" target=\"_blank\" rel=\"nofollow noopener\">l\u2019extension de la ligne F du tram<\/a> ressemble de plus en plus \u00e0 une ligne de tram et, m\u00eame si ce n\u2019est pas tout \u00e0 fait fini, <a href=\"https:\/\/www.dna.fr\/economie\/2025\/07\/03\/avec-la-fin-de-la-pose-des-rails-le-chantier-du-tram-voit-le-bout\" target=\"_blank\" rel=\"nofollow noopener\">de moins en moins \u00e0 un chantier<\/a>. \u00ab\u00a0C\u2019est un moment important, un peu festif, ce d\u00e9but des essais\u00a0\u00bb, se r\u00e9jouit le pr\u00e9sident de la Compagnie des transports strasbourgeois Patrick Maciejewski en accueillant les \u00e9lus et une petite assembl\u00e9e de futurs usagers qui atteindra les 200 personnes durant les discours.<\/p>\n<p>Trois nuits de tests<\/p>\n<p>Ce public venait assister \u00e0 l\u2019ouverture de voie, apr\u00e8s qu\u2019un tram inaugural a pris la courbe depuis la station Poteries de la ligne D, quitt\u00e9 le triangle de jonction des deux lignes et s\u2019est pos\u00e9 sur la station Poteries de la ligne F. Pour les techniciens de la ma\u00eetrise&#8230;<\/p>\n","protected":false},"excerpt":{"rendered":"\u00c0 J moins 67 &#8211; comme l\u2019annonce ce mardi soir 9 septembre un panneau tout vert avec un&hellip;\n","protected":false},"author":2,"featured_media":380638,"comment_status":"","ping_status":"","sticky":false,"template":"","format":"standard","meta":{"footnotes":""},"categories":[2820],"tags":[1111,11,4406,33,2880,1777,674,107,1011,27,775,12,25,640,2879],"class_list":{"0":"post-380637","1":"post","2":"type-post","3":"status-publish","4":"format-standard","5":"has-post-thumbnail","7":"category-strasbourg","8":"tag-actu","9":"tag-actualites","10":"tag-commerce-et-services","11":"tag-economie","12":"tag-edition-strasbourg","13":"tag-eu","14":"tag-europe","15":"tag-fil-info","16":"tag-fr","17":"tag-france","18":"tag-grand-est","19":"tag-news","20":"tag-republique-francaise","21":"tag-strasbourg","22":"tag-strasbourg-ville"},"share_on_mastodon":{"url":"https:\/\/pubeurope.com\/@fr\/115180893871754524","error":""},"_links":{"self":[{"href":"https:\/\/www.europesays.com\/fr\/wp-json\/wp\/v2\/posts\/380637","targetHints":{"allow":["GET"]}}],"collection":[{"href":"https:\/\/www.europesays.com\/fr\/wp-json\/wp\/v2\/posts"}],"about":[{"href":"https:\/\/www.europesays.com\/fr\/wp-json\/wp\/v2\/types\/post"}],"author":[{"embeddable":true,"href":"https:\/\/www.europesays.com\/fr\/wp-json\/wp\/v2\/users\/2"}],"replies":[{"embeddable":true,"href":"https:\/\/www.europesays.com\/fr\/wp-json\/wp\/v2\/comments?post=380637"}],"version-history":[{"count":0,"href":"https:\/\/www.europesays.com\/fr\/wp-json\/wp\/v2\/posts\/380637\/revisions"}],"wp:featuredmedia":[{"embeddable":true,"href":"https:\/\/www.europesays.com\/fr\/wp-json\/wp\/v2\/media\/380638"}],"wp:attachment":[{"href":"https:\/\/www.europesays.com\/fr\/wp-json\/wp\/v2\/media?parent=380637"}],"wp:term":[{"taxonomy":"category","embeddable":true,"href":"https:\/\/www.europesays.com\/fr\/wp-json\/wp\/v2\/categories?post=380637"},{"taxonomy":"post_tag","embeddable":true,"href":"https:\/\/www.europesays.com\/fr\/wp-json\/wp\/v2\/tags?post=380637"}],"curies":[{"name":"wp","href":"https:\/\/api.w.org\/{rel}","templated":true}]}}