{"id":380639,"date":"2025-09-10T16:15:17","date_gmt":"2025-09-10T16:15:17","guid":{"rendered":"https:\/\/www.europesays.com\/fr\/380639\/"},"modified":"2025-09-10T16:15:17","modified_gmt":"2025-09-10T16:15:17","slug":"un-violent-orage-de-grele-tres-localise-sur-nice-decouvrez-les-images","status":"publish","type":"post","link":"https:\/\/www.europesays.com\/fr\/380639\/","title":{"rendered":"Un violent orage de gr\u00eale tr\u00e8s localis\u00e9 sur Nice: d\u00e9couvrez les images"},"content":{"rendered":"<p>Tonnerre, \u00e9clairs et gr\u00eale. Un violent orage, tr\u00e8s localis\u00e9, s&rsquo;est abattu ce mercredi en d\u00e9but d&rsquo;apr\u00e8s-midi sur la commune de Nice.\u00a0<\/p>\n<p>Alors qu&rsquo;il n&rsquo;a pas plus une goutte du c\u00f4t\u00e9 de l&rsquo;a\u00e9roport de Nice, les seceurs de la Conriche Fleurie, Saint-Antoine-de-Ginesti\u00e8re, Pessicart et Nice Nord ont connu un important \u00e9pisode orageux, aussi violent que soudains.\u00a0<\/p>\n<p>              <img ci-src=\"https:\/\/www.nicematin.com\/meteo\/gue%C3%A7ugreuge-34J0V9uj.PNG?vh=4444ac&amp;ci_seal=bdd8c3e789\" alt=\"\"\/><\/p>\n<p>Selon le site de suivi des orages Keraunos, de nombreux impacts de foudre ont \u00e9t\u00e9 recens\u00e9s sur les collines ni\u00e7oises.\u00a0<\/p>\n","protected":false},"excerpt":{"rendered":"Tonnerre, \u00e9clairs et gr\u00eale. Un violent orage, tr\u00e8s localis\u00e9, s&rsquo;est abattu ce mercredi en d\u00e9but d&rsquo;apr\u00e8s-midi sur la&hellip;\n","protected":false},"author":2,"featured_media":380640,"comment_status":"","ping_status":"","sticky":false,"template":"","format":"standard","meta":{"footnotes":""},"categories":[2819],"tags":[1111,11,1777,674,1011,27,2487,12,2401,882,25],"class_list":{"0":"post-380639","1":"post","2":"type-post","3":"status-publish","4":"format-standard","5":"has-post-thumbnail","7":"category-nice","8":"tag-actu","9":"tag-actualites","10":"tag-eu","11":"tag-europe","12":"tag-fr","13":"tag-france","14":"tag-meteo","15":"tag-news","16":"tag-nice","17":"tag-provence-alpes-cote-dazur","18":"tag-republique-francaise"},"share_on_mastodon":{"url":"https:\/\/pubeurope.com\/@fr\/115180897847283747","error":""},"_links":{"self":[{"href":"https:\/\/www.europesays.com\/fr\/wp-json\/wp\/v2\/posts\/380639","targetHints":{"allow":["GET"]}}],"collection":[{"href":"https:\/\/www.europesays.com\/fr\/wp-json\/wp\/v2\/posts"}],"about":[{"href":"https:\/\/www.europesays.com\/fr\/wp-json\/wp\/v2\/types\/post"}],"author":[{"embeddable":true,"href":"https:\/\/www.europesays.com\/fr\/wp-json\/wp\/v2\/users\/2"}],"replies":[{"embeddable":true,"href":"https:\/\/www.europesays.com\/fr\/wp-json\/wp\/v2\/comments?post=380639"}],"version-history":[{"count":0,"href":"https:\/\/www.europesays.com\/fr\/wp-json\/wp\/v2\/posts\/380639\/revisions"}],"wp:featuredmedia":[{"embeddable":true,"href":"https:\/\/www.europesays.com\/fr\/wp-json\/wp\/v2\/media\/380640"}],"wp:attachment":[{"href":"https:\/\/www.europesays.com\/fr\/wp-json\/wp\/v2\/media?parent=380639"}],"wp:term":[{"taxonomy":"category","embeddable":true,"href":"https:\/\/www.europesays.com\/fr\/wp-json\/wp\/v2\/categories?post=380639"},{"taxonomy":"post_tag","embeddable":true,"href":"https:\/\/www.europesays.com\/fr\/wp-json\/wp\/v2\/tags?post=380639"}],"curies":[{"name":"wp","href":"https:\/\/api.w.org\/{rel}","templated":true}]}}