{"id":380641,"date":"2025-09-10T16:16:12","date_gmt":"2025-09-10T16:16:12","guid":{"rendered":"https:\/\/www.europesays.com\/fr\/380641\/"},"modified":"2025-09-10T16:16:12","modified_gmt":"2025-09-10T16:16:12","slug":"spectaculaire-incendie-a-mandelieu-il-avait-fait-incendier-sa-propre-voiture-pour-toucher-lassurance","status":"publish","type":"post","link":"https:\/\/www.europesays.com\/fr\/380641\/","title":{"rendered":"Spectaculaire incendie \u00e0 Mandelieu: il avait fait incendier sa propre voiture pour toucher l\u2019assurance"},"content":{"rendered":"<p>Samedi 30 ao\u00fbt, vers 18h30, un impressionnant incendie s\u2019\u00e9tait d\u00e9clar\u00e9 sur le parking de la r\u00e9sidence Cannes Marina \u00e0 Mandelieu-la-Napoule. Une Mercedes Classe A stationn\u00e9e s\u2019\u00e9tait embras\u00e9e, avant que les flammes ne gagnent les haies voisines et plusieurs v\u00e9hicules \u00e0 proximit\u00e9.<\/p>\n<p>Rapidement alert\u00e9s, une dizaine de sapeurs-pompiers et plusieurs engins \u00e9taient mobilis\u00e9s pour contenir le sinistre, qui a ravag\u00e9 une trentaine de m\u00e8tres de v\u00e9g\u00e9tation. Aucun bless\u00e9 n\u2019avait \u00e9t\u00e9 \u00e0 d\u00e9plorer, mais six victimes s\u2019\u00e9taient signal\u00e9es aupr\u00e8s des gendarmes, d\u00e9posant plainte apr\u00e8s avoir constat\u00e9 des d\u00e9g\u00e2ts.<\/p>\n<p>Le propri\u00e9taire avoue avoir commandit\u00e9 l\u2019acte<\/p>\n<p>Tr\u00e8s vite, les militaires de la communaut\u00e9 de brigades de Mandelieu ont ouvert une enqu\u00eate. L\u2019analyse des images de vid\u00e9oprotection, des donn\u00e9es t\u00e9l\u00e9phoniques et les t\u00e9moignages recueillis ont permis d\u2019\u00e9carter la th\u00e8se de l\u2019accident.<\/p>\n<p>Les investigations ont mis en lumi\u00e8re un sc\u00e9nario bien plus sombre: l\u2019incendie a \u00e9t\u00e9 volontairement d\u00e9clench\u00e9 par le jet d\u2019un objet incendiaire sur une roue du v\u00e9hicule.<\/p>\n<p>Plac\u00e9s en garde \u00e0 vue, les deux protagonistes ont fini par reconna\u00eetre les faits.<\/p>\n<p>Le propri\u00e9taire de la Mercedes, un homme de 25 ans domicili\u00e9 \u00e0 Mandelieu, a admis avoir commandit\u00e9 la destruction de sa voiture pour percevoir une indemnisation de son assurance. Son complice, un homme de 31 ans domicili\u00e9 \u00e0 Grasse, a quant \u00e0 lui reconnu avoir mis le feu au v\u00e9hicule.<\/p>\n<p>Les deux hommes devront r\u00e9pondre de leurs actes devant la justice: ils sont convoqu\u00e9s devant le tribunal de Grasse en mars prochain.<\/p>\n","protected":false},"excerpt":{"rendered":"Samedi 30 ao\u00fbt, vers 18h30, un impressionnant incendie s\u2019\u00e9tait d\u00e9clar\u00e9 sur le parking de la r\u00e9sidence Cannes Marina&hellip;\n","protected":false},"author":2,"featured_media":380642,"comment_status":"","ping_status":"","sticky":false,"template":"","format":"standard","meta":{"footnotes":""},"categories":[2819],"tags":[1111,11,1777,674,118,1011,27,12,2401,882,25],"class_list":{"0":"post-380641","1":"post","2":"type-post","3":"status-publish","4":"format-standard","5":"has-post-thumbnail","7":"category-nice","8":"tag-actu","9":"tag-actualites","10":"tag-eu","11":"tag-europe","12":"tag-faits-divers","13":"tag-fr","14":"tag-france","15":"tag-news","16":"tag-nice","17":"tag-provence-alpes-cote-dazur","18":"tag-republique-francaise"},"share_on_mastodon":{"url":"https:\/\/pubeurope.com\/@fr\/115180901750524336","error":""},"_links":{"self":[{"href":"https:\/\/www.europesays.com\/fr\/wp-json\/wp\/v2\/posts\/380641","targetHints":{"allow":["GET"]}}],"collection":[{"href":"https:\/\/www.europesays.com\/fr\/wp-json\/wp\/v2\/posts"}],"about":[{"href":"https:\/\/www.europesays.com\/fr\/wp-json\/wp\/v2\/types\/post"}],"author":[{"embeddable":true,"href":"https:\/\/www.europesays.com\/fr\/wp-json\/wp\/v2\/users\/2"}],"replies":[{"embeddable":true,"href":"https:\/\/www.europesays.com\/fr\/wp-json\/wp\/v2\/comments?post=380641"}],"version-history":[{"count":0,"href":"https:\/\/www.europesays.com\/fr\/wp-json\/wp\/v2\/posts\/380641\/revisions"}],"wp:featuredmedia":[{"embeddable":true,"href":"https:\/\/www.europesays.com\/fr\/wp-json\/wp\/v2\/media\/380642"}],"wp:attachment":[{"href":"https:\/\/www.europesays.com\/fr\/wp-json\/wp\/v2\/media?parent=380641"}],"wp:term":[{"taxonomy":"category","embeddable":true,"href":"https:\/\/www.europesays.com\/fr\/wp-json\/wp\/v2\/categories?post=380641"},{"taxonomy":"post_tag","embeddable":true,"href":"https:\/\/www.europesays.com\/fr\/wp-json\/wp\/v2\/tags?post=380641"}],"curies":[{"name":"wp","href":"https:\/\/api.w.org\/{rel}","templated":true}]}}