{"id":380643,"date":"2025-09-10T16:17:14","date_gmt":"2025-09-10T16:17:14","guid":{"rendered":"https:\/\/www.europesays.com\/fr\/380643\/"},"modified":"2025-09-10T16:17:14","modified_gmt":"2025-09-10T16:17:14","slug":"a-nantes-embarquez-pour-une-nouvelle-aventure-extraordinaire-a-bord-du-titanic","status":"publish","type":"post","link":"https:\/\/www.europesays.com\/fr\/380643\/","title":{"rendered":"\u00c0 Nantes, embarquez pour une nouvelle aventure extraordinaire \u00e0 bord du Titanic\u00a0!"},"content":{"rendered":"<p>Une immersion au c\u0153ur du mythe&#13;<\/p>\n<p>Casque viss\u00e9 sur la t\u00eate, <strong>vous voil\u00e0 transport\u00e9 \u00e0 plus de 3 800 m\u00e8tres de profondeur<\/strong>, au milieu de l\u2019\u00e9pave l\u00e9gendaire du Titanic. Mais l\u2019exp\u00e9rience ne s\u2019arr\u00eate pas l\u00e0, vous remontez aussi le temps pour d\u00e9couvrir les fastes du navire lors de son voyage inaugural en 1912. Cabines luxueuses, escaliers monumentaux, salons feutr\u00e9s, tout a \u00e9t\u00e9 reconstitu\u00e9 avec une pr\u00e9cision bluffante. Vous pouvez vous d\u00e9placer librement, explorer chaque recoin et m\u00eame revivre les moments tragiques du naufrage. Frissons garantis\u00a0!<\/p>\n<p>&#13;<\/p>\n<blockquote class=\"instagram-media\" data-instgrm-permalink=\"https:\/\/www.instagram.com\/reel\/DNyOcD6YljY\/?utm_source=ig_embed&amp;utm_campaign=loading\" data-instgrm-version=\"14\" style=\"background: #FFF; border: 0; border-radius: 3px; box-shadow: 0 0 1px 0 rgba(0,0,0,0.5),0 1px 10px 0 rgba(0,0,0,0.15); margin: 1px; max-width: 540px; min-width: 326px; padding: 0; width: calc(100% - 2px);\"><p>&#13;<br \/>\n&#13;\n<\/p><\/blockquote>\n<p>&#13;<br \/>\n&#13;<br \/>\n<br \/>Deux ans de recherches pour recr\u00e9er le Titanic&#13;<\/p>\n<p>Derri\u00e8re cette aventure se cache le studio fran\u00e7ais Small Creative, qui a pass\u00e9 deux ans \u00e0 documenter chaque d\u00e9tail du paquebot. Les \u00e9quipes se sont appuy\u00e9es sur les archives de la Cit\u00e9 de la Mer \u00e0 Cherbourg et de la National Oceanic and Atmospheric Administration (NOAA) aux \u00c9tats-Unis. R\u00e9sultat\u00a0: une reconstitution fid\u00e8le, qui m\u00eale rigueur historique et \u00e9motions. Comme l\u2019explique Voyelle Acker, cofondatrice du studio\u00a0: \u00ab\u00a0Gr\u00e2ce \u00e0 la r\u00e9alit\u00e9 virtuelle, les visiteurs peuvent revivre l\u2019histoire du Titanic avec une intensit\u00e9 \u00e9motionnelle in\u00e9dite.\u00a0\u00bb<\/p>\n<p>&#13;<br \/>\nNantes, premi\u00e8re escale fran\u00e7aise&#13;<\/p>\n<p>Apr\u00e8s avoir \u00e9t\u00e9 pr\u00e9sent\u00e9e en Angleterre en f\u00e9vrier, puis avant de s\u2019exporter en Espagne ou en Chine, c\u2019est <strong>Nantes qui a l\u2019honneur d\u2019\u00eatre la premi\u00e8re ville fran\u00e7aise \u00e0 accueillir cette aventure hors du commun.<\/strong> Un choix qui fait sens puisque la ville entretient depuis longtemps un lien fort avec la mer et les grandes aventures maritimes.<\/p>\n<p>&#13;<\/p>\n<p><a href=\"https:\/\/eclipso-entertainment.com\/nantes\/titanic\/\" rel=\"nofollow noopener noreferrer\" target=\"_blank\">Toutes les infos par ici<\/a><\/p>\n<p><script async src=\"\/\/www.instagram.com\/embed.js\"><\/script><\/p>\n","protected":false},"excerpt":{"rendered":"Une immersion au c\u0153ur du mythe&#13; Casque viss\u00e9 sur la t\u00eate, vous voil\u00e0 transport\u00e9 \u00e0 plus de 3&hellip;\n","protected":false},"author":2,"featured_media":380644,"comment_status":"","ping_status":"","sticky":false,"template":"","format":"standard","meta":{"footnotes":""},"categories":[2818],"tags":[1111,11,1777,674,1011,27,766,12,2636,25],"class_list":{"0":"post-380643","1":"post","2":"type-post","3":"status-publish","4":"format-standard","5":"has-post-thumbnail","7":"category-nantes","8":"tag-actu","9":"tag-actualites","10":"tag-eu","11":"tag-europe","12":"tag-fr","13":"tag-france","14":"tag-nantes","15":"tag-news","16":"tag-pays-de-la-loire","17":"tag-republique-francaise"},"share_on_mastodon":{"url":"https:\/\/pubeurope.com\/@fr\/115180905698106413","error":""},"_links":{"self":[{"href":"https:\/\/www.europesays.com\/fr\/wp-json\/wp\/v2\/posts\/380643","targetHints":{"allow":["GET"]}}],"collection":[{"href":"https:\/\/www.europesays.com\/fr\/wp-json\/wp\/v2\/posts"}],"about":[{"href":"https:\/\/www.europesays.com\/fr\/wp-json\/wp\/v2\/types\/post"}],"author":[{"embeddable":true,"href":"https:\/\/www.europesays.com\/fr\/wp-json\/wp\/v2\/users\/2"}],"replies":[{"embeddable":true,"href":"https:\/\/www.europesays.com\/fr\/wp-json\/wp\/v2\/comments?post=380643"}],"version-history":[{"count":0,"href":"https:\/\/www.europesays.com\/fr\/wp-json\/wp\/v2\/posts\/380643\/revisions"}],"wp:featuredmedia":[{"embeddable":true,"href":"https:\/\/www.europesays.com\/fr\/wp-json\/wp\/v2\/media\/380644"}],"wp:attachment":[{"href":"https:\/\/www.europesays.com\/fr\/wp-json\/wp\/v2\/media?parent=380643"}],"wp:term":[{"taxonomy":"category","embeddable":true,"href":"https:\/\/www.europesays.com\/fr\/wp-json\/wp\/v2\/categories?post=380643"},{"taxonomy":"post_tag","embeddable":true,"href":"https:\/\/www.europesays.com\/fr\/wp-json\/wp\/v2\/tags?post=380643"}],"curies":[{"name":"wp","href":"https:\/\/api.w.org\/{rel}","templated":true}]}}