{"id":380645,"date":"2025-09-10T16:18:32","date_gmt":"2025-09-10T16:18:32","guid":{"rendered":"https:\/\/www.europesays.com\/fr\/380645\/"},"modified":"2025-09-10T16:18:32","modified_gmt":"2025-09-10T16:18:32","slug":"un-ancien-joueur-du-fc-nantes-envoye-en-justice-pour-agression-homophobe","status":"publish","type":"post","link":"https:\/\/www.europesays.com\/fr\/380645\/","title":{"rendered":"Un ancien joueur du FC Nantes envoy\u00e9 en justice pour agression homophobe"},"content":{"rendered":"<p><a href=\"https:\/\/www.footmercato.net\/a7297160267246879991-lentraineur-de-nantes-sest-blesse\" rel=\"nofollow noopener\" target=\"_blank\">Un ancien joueur du FC Nantes<\/a>, dont l\u2019identit\u00e9 n\u2019a pas \u00e9t\u00e9 r\u00e9v\u00e9l\u00e9e, doit compara\u00eetre devant la justice pour l\u2019agression d\u2019un homme survenue fin juin dans le parc floral de la Roseraie \u00e0 <a href=\"https:\/\/www.footmercato.net\/club\/fc-nantes\/\" rel=\"nofollow noopener\" target=\"_blank\">Nantes<\/a>. Selon <a href=\"https:\/\/www.ouest-france.fr\/societe\/homophobie\/agression-dans-un-lieu-de-rencontres-homosexuelles-a-nantes-un-joueur-de-foot-juge-plus-tard-2cf423be-8bfc-11f0-9f3f-49e6e42c3bbc\" rel=\"nofollow noopener\" target=\"_blank\">Ouest-France<\/a>, apr\u00e8s avoir \u00e9t\u00e9 d\u00e9f\u00e9r\u00e9 au parquet, il a re\u00e7u une convocation pour une audience ult\u00e9rieure. Le joueur ne fait pas l\u2019objet d\u2019un contr\u00f4le judiciaire, ses garanties de repr\u00e9sentation en tant que professionnel ayant \u00e9t\u00e9 jug\u00e9es suffisantes.<\/p>\n<p>            La suite apr\u00e8s cette publicit\u00e9<\/p>\n<p>L\u2019agression s\u2019est produite dans un lieu de rencontres homosexuelles bien connu des Nantais, o\u00f9 la victime se trouvait de mani\u00e8re fortuite. Malgr\u00e9 les d\u00e9n\u00e9gations du suspect, il a \u00e9t\u00e9 renvoy\u00e9 devant le tribunal correctionnel. Cette affaire n\u2019a aucun lien avec un autre joueur r\u00e9cemment \u00e9voqu\u00e9 \u00e0 V\u00e9rone, en Italie, dont le nom a \u00e9t\u00e9 formellement \u00e9cart\u00e9 par le parquet.<\/p>\n<p>\n    Pub. le 10\/09\/2025 17:03<br \/>\n            &#8211; MAJ le 10\/09\/2025 17:56\n    <\/p>\n","protected":false},"excerpt":{"rendered":"Un ancien joueur du FC Nantes, dont l\u2019identit\u00e9 n\u2019a pas \u00e9t\u00e9 r\u00e9v\u00e9l\u00e9e, doit compara\u00eetre devant la justice pour&hellip;\n","protected":false},"author":2,"featured_media":308076,"comment_status":"","ping_status":"","sticky":false,"template":"","format":"standard","meta":{"footnotes":""},"categories":[2818],"tags":[1111,11,1777,674,1011,27,766,12,2636,25],"class_list":{"0":"post-380645","1":"post","2":"type-post","3":"status-publish","4":"format-standard","5":"has-post-thumbnail","7":"category-nantes","8":"tag-actu","9":"tag-actualites","10":"tag-eu","11":"tag-europe","12":"tag-fr","13":"tag-france","14":"tag-nantes","15":"tag-news","16":"tag-pays-de-la-loire","17":"tag-republique-francaise"},"share_on_mastodon":{"url":"https:\/\/pubeurope.com\/@fr\/115180909592268858","error":""},"_links":{"self":[{"href":"https:\/\/www.europesays.com\/fr\/wp-json\/wp\/v2\/posts\/380645","targetHints":{"allow":["GET"]}}],"collection":[{"href":"https:\/\/www.europesays.com\/fr\/wp-json\/wp\/v2\/posts"}],"about":[{"href":"https:\/\/www.europesays.com\/fr\/wp-json\/wp\/v2\/types\/post"}],"author":[{"embeddable":true,"href":"https:\/\/www.europesays.com\/fr\/wp-json\/wp\/v2\/users\/2"}],"replies":[{"embeddable":true,"href":"https:\/\/www.europesays.com\/fr\/wp-json\/wp\/v2\/comments?post=380645"}],"version-history":[{"count":0,"href":"https:\/\/www.europesays.com\/fr\/wp-json\/wp\/v2\/posts\/380645\/revisions"}],"wp:featuredmedia":[{"embeddable":true,"href":"https:\/\/www.europesays.com\/fr\/wp-json\/wp\/v2\/media\/308076"}],"wp:attachment":[{"href":"https:\/\/www.europesays.com\/fr\/wp-json\/wp\/v2\/media?parent=380645"}],"wp:term":[{"taxonomy":"category","embeddable":true,"href":"https:\/\/www.europesays.com\/fr\/wp-json\/wp\/v2\/categories?post=380645"},{"taxonomy":"post_tag","embeddable":true,"href":"https:\/\/www.europesays.com\/fr\/wp-json\/wp\/v2\/tags?post=380645"}],"curies":[{"name":"wp","href":"https:\/\/api.w.org\/{rel}","templated":true}]}}