{"id":380648,"date":"2025-09-10T16:20:18","date_gmt":"2025-09-10T16:20:18","guid":{"rendered":"https:\/\/www.europesays.com\/fr\/380648\/"},"modified":"2025-09-10T16:20:18","modified_gmt":"2025-09-10T16:20:18","slug":"le-phenomene-pop-mart-et-ses-figurines-a-collectionner-debarquent-a-bordeaux","status":"publish","type":"post","link":"https:\/\/www.europesays.com\/fr\/380648\/","title":{"rendered":"Le ph\u00e9nom\u00e8ne Pop Mart et ses figurines \u00e0 collectionner d\u00e9barquent \u00e0 Bordeaux"},"content":{"rendered":"<p>L\u2019annonce tourne en boucle depuis des semaines sur les r\u00e9seaux sociaux. <a href=\"https:\/\/www.popmart.com\/fr\" target=\"_blank\" rel=\"nofollow noopener\">Pop Mart<\/a> ouvre une boutique \u00e0 Bordeaux, rue Sainte-Catherine, ce mercredi 10\u00a0septembre. La premi\u00e8re en province, deux ans apr\u00e8s l\u2019arriv\u00e9e en France de ses peluches monstrueusement attachantes et autres figures iconiques de la culture pop.<\/p>\n<p>        <img decoding=\"async\" id=\"25868987\" src=\"https:\/\/www.europesays.com\/fr\/wp-content\/uploads\/2025\/09\/20250910115534-a14a8848.jpg\" alt=\"Les plus addicts des collectionneurs recherchent d\u00e9sormais les mod\u00e8les des collections \u00ab\u00a0grande taille\u00a0\u00bb.\" itemprop=\"contentURL\"\/><\/p>\n<p>    Les plus addicts des collectionneurs recherchent d\u00e9sormais les mod\u00e8les des collections \u00ab\u00a0grande taille\u00a0\u00bb.<\/p>\n<p>GUILLAUME BONNAUD\u00a0\/\u00a0SO<\/p>\n<p>Loin de l\u2019agitation attendue en cette <a href=\"https:\/\/www.sudouest.fr\/societe\/bloquons-tout\/\" target=\"_blank\" rel=\"follow nofollow noopener\">journ\u00e9e de mobilisation plac\u00e9e sous le signe de \u00ab\u00a0Bloquons tout\u00a0\u00bb<\/a>, ils sont des centaines de fans \u00e0 attendre devant l\u2019enseigne, et dans la rue Saige, avant m\u00eame l\u2019ouverture des portes \u00e0 10\u00a0heures. Certains sont m\u00eame l\u00e0 depuis la veille, 22\u00a0heures, pour \u00ab\u00a0\u00eatre s\u00fbrs de ne pas manquer l\u2019\u00e9v\u00e9nement\u00a0\u00bb, t\u00e9moigne un adolescent.<\/p>\n<p>De la collection \u00e0 l\u2019addiction<\/p>\n<p>Cr\u00e9\u00e9e il y a quinze ans \u00e0 P\u00e9kin, la marque chinoise de jouets a constitu\u00e9 une v\u00e9ritable communaut\u00e9 autour de deux concepts phares que sont l\u2019achat \u00e0 l\u2019aveugle et les collaborations avec des artistes et designers, faisant \u00e9voluer les cr\u00e9ations de la pop culture \u00e0 l\u2019\u00ab\u00a0art toy\u00a0\u00bb. Apr\u00e8s avoir multipli\u00e9 les personnages et leurs univers, d\u00e9clin\u00e9s autour de s\u00e9ries de 12\u00a0figurines, la marque est devenue un \u00ab\u00a0v\u00e9ritable ph\u00e9nom\u00e8ne\u00a0\u00bb, selon la charg\u00e9e de marketing France, \u00e0 mesure que les personnages ont attir\u00e9 les collectionneurs. Au point de g\u00e9n\u00e9rer un march\u00e9 parall\u00e8le et sp\u00e9culatif d\u2019objets de seconde main. O\u00f9 le graal supr\u00eame sera pour chaque acheteur de d\u00e9couvrir apr\u00e8s ouverture de l\u2019emballage la treizi\u00e8me et \u00ab\u00a0figurine myst\u00e8re\u00a0\u00bb, \u00e9dit\u00e9e \u00e0 un exemplaire sur 144\u00a0! De quoi justifier l\u2019empressement des premiers acqu\u00e9reurs bordelais qui, secouant et soupesant chaque bo\u00eete, tentent de percer le secret qu\u2019elle renferme.<\/p>\n<p>        <img decoding=\"async\" id=\"25868973\" src=\"https:\/\/www.europesays.com\/fr\/wp-content\/uploads\/2025\/09\/20250910115528-a14a8721.jpg\" alt=\"Les fans n\u2019ont pas h\u00e9sit\u00e9 \u00e0 faire la queue, certains depuis la veille au soir, pour \u00eatre des premiers acheteurs.\" itemprop=\"contentURL\"\/><\/p>\n<p>    Les fans n\u2019ont pas h\u00e9sit\u00e9 \u00e0 faire la queue, certains depuis la veille au soir, pour \u00eatre des premiers acheteurs.<\/p>\n<p>GUILLAUME BONNAUD\u00a0\/\u00a0SO<\/p>\n<p>Un immense cabas \u00e0 l\u2019effigie de la marque dans les bras, Am\u00e9lie, au sortir de la boutique bordelaise, n\u2019ose pas avouer le montant du \u00ab\u00a0craquage ind\u00e9cent\u00a0\u00bb qu\u2019elle vient de r\u00e9aliser. Mais elle le confesse, \u00ab\u00a0c\u2019est devenu une addiction\u00a0\u00bb. La jeune bordelaise, qui a d\u00e9couvert le ph\u00e9nom\u00e8ne avec les peluches cultes Labubu, avoue d\u00e9sormais son penchant pour \u00ab\u00a0des personnages au design plus raffin\u00e9\u00a0\u00bb. Un engouement qui ne devrait pas faiblir alors que Pop Mart a r\u00e9cemment d\u00e9voil\u00e9 ses collaborations autour du \u00ab Petit Prince\u00a0\u00bb et des \u00ab\u00a0Nymph\u00e9as\u00a0\u00bb de Monet.<\/p>\n","protected":false},"excerpt":{"rendered":"L\u2019annonce tourne en boucle depuis des semaines sur les r\u00e9seaux sociaux. Pop Mart ouvre une boutique \u00e0 Bordeaux,&hellip;\n","protected":false},"author":2,"featured_media":380649,"comment_status":"","ping_status":"","sticky":false,"template":"","format":"standard","meta":{"footnotes":""},"categories":[2817],"tags":[1111,11,1997,1777,674,1011,27,12,2219,25],"class_list":{"0":"post-380648","1":"post","2":"type-post","3":"status-publish","4":"format-standard","5":"has-post-thumbnail","7":"category-bordeaux","8":"tag-actu","9":"tag-actualites","10":"tag-bordeaux","11":"tag-eu","12":"tag-europe","13":"tag-fr","14":"tag-france","15":"tag-news","16":"tag-nouvelle-aquitaine","17":"tag-republique-francaise"},"share_on_mastodon":{"url":"https:\/\/pubeurope.com\/@fr\/115180917861453119","error":""},"_links":{"self":[{"href":"https:\/\/www.europesays.com\/fr\/wp-json\/wp\/v2\/posts\/380648","targetHints":{"allow":["GET"]}}],"collection":[{"href":"https:\/\/www.europesays.com\/fr\/wp-json\/wp\/v2\/posts"}],"about":[{"href":"https:\/\/www.europesays.com\/fr\/wp-json\/wp\/v2\/types\/post"}],"author":[{"embeddable":true,"href":"https:\/\/www.europesays.com\/fr\/wp-json\/wp\/v2\/users\/2"}],"replies":[{"embeddable":true,"href":"https:\/\/www.europesays.com\/fr\/wp-json\/wp\/v2\/comments?post=380648"}],"version-history":[{"count":0,"href":"https:\/\/www.europesays.com\/fr\/wp-json\/wp\/v2\/posts\/380648\/revisions"}],"wp:featuredmedia":[{"embeddable":true,"href":"https:\/\/www.europesays.com\/fr\/wp-json\/wp\/v2\/media\/380649"}],"wp:attachment":[{"href":"https:\/\/www.europesays.com\/fr\/wp-json\/wp\/v2\/media?parent=380648"}],"wp:term":[{"taxonomy":"category","embeddable":true,"href":"https:\/\/www.europesays.com\/fr\/wp-json\/wp\/v2\/categories?post=380648"},{"taxonomy":"post_tag","embeddable":true,"href":"https:\/\/www.europesays.com\/fr\/wp-json\/wp\/v2\/tags?post=380648"}],"curies":[{"name":"wp","href":"https:\/\/api.w.org\/{rel}","templated":true}]}}