{"id":380650,"date":"2025-09-10T16:21:12","date_gmt":"2025-09-10T16:21:12","guid":{"rendered":"https:\/\/www.europesays.com\/fr\/380650\/"},"modified":"2025-09-10T16:21:12","modified_gmt":"2025-09-10T16:21:12","slug":"en-pleine-mutation-ce-quartier-va-accueillir-un-nouveau-grand-pole-sportif","status":"publish","type":"post","link":"https:\/\/www.europesays.com\/fr\/380650\/","title":{"rendered":"en pleine mutation, ce quartier va accueillir un nouveau grand p\u00f4le sportif"},"content":{"rendered":"<p>            Par<br \/>\n        <strong><br \/>\n            <a href=\"https:\/\/actu.fr\/auteur\/marie-lamarque\" title=\"Consulter tous les articles de Marie Lamarque\" rel=\"nofollow noopener\" target=\"_blank\">Marie Lamarque<\/a><br \/>\n        <\/strong><\/p>\n<p>        Publi\u00e9 le<\/p>\n<p>            10 sept. 2025 \u00e0 17h48        <\/p>\n<p>En c\u0153ur de ville, aucun habitant de <strong>Colomiers<\/strong>, \u00e0 l\u2019ouest de <strong><a href=\"https:\/\/actu.fr\/toulouse\/\" rel=\"nofollow noopener\" target=\"_blank\">Toulouse<\/a><\/strong>, n\u2019a pu passer \u00e0 c\u00f4t\u00e9 des travaux de transformation du quartier du Val d\u2019Aran. <a href=\"https:\/\/actu.fr\/occitanie\/colomiers_31149\/video-pres-de-toulouse-un-quartier-historique-entame-une-transformation-xxl-ce-qui-va-changer_51891710.html\" rel=\"nofollow noopener\" target=\"_blank\">Ce grand chantier a officiellement \u00e9t\u00e9 lanc\u00e9<\/a> d\u00e8s 2022 afin de proc\u00e9der \u00e0 la mutation de cette zone, 60 ans apr\u00e8s sa cr\u00e9ation. Objectif : rendre le quartier plus ouvert sur le reste de la ville. Le tout, pour <strong>un budget de 80 millions d\u2019euros<\/strong>. Apr\u00e8s la <strong>destruction de barre d\u2019immeuble<\/strong> et l\u2019am\u00e9nagement d\u2019un <strong>nouveau passage<\/strong> vers le centre, d\u2019autres grands chantiers sont pr\u00e9vus, dont la cr\u00e9ation d\u2019un nouvel \u00e9quipement sportif. Voici ce qui est pr\u00e9vu.<\/p>\n<p>Ces grands changements au Val d\u2019Aran<\/p>\n<p class=\" wall-content\">Les Colum\u00e9rins se souviennent encore de la destruction de la barre de Gascogne et de la passerelle qui enjambait le boulevard De-Gaulle. Ces premi\u00e8res op\u00e9rations avaient d\u00e9j\u00e0 fortement chang\u00e9 le visage du quartier.<\/p>\n<p class=\" wall-content\">\n<p class=\" wall-content\">Un nouveau passage a \u00e9t\u00e9 am\u00e9nag\u00e9 \u00e0 la place, cr\u00e9ant ainsi une continuit\u00e9 pi\u00e9tonne pour rejoindre la rue du Centre et le centre commercial de la commune.<\/p>\n<p>    <img   decoding=\"async\" loading=\"lazy\" src=\"https:\/\/www.europesays.com\/fr\/wp-content\/uploads\/2025\/09\/val-daran-colomiers-3-960x640.jpg\" alt=\"Suite \u00e0 la destruction de la passerelle du quartier du Val d'Aran, \u00e0 Colomiers, la travers\u00e9e Charles de Gaulle a \u00e9t\u00e9 construite.\" width=\"960\" height=\"640\"\/><br \/>\n    Suite \u00e0 la destruction de la passerelle du quartier du Val d\u2019Aran, \u00e0 Colomiers, la travers\u00e9e Charles de Gaulle a \u00e9t\u00e9 construite. (\u00a9Photo d\u2019archives \/ Mariane Riaut\u00e9 \/ Actu Toulouse)<\/p>\n<p class=\" wall-content\">Dans l\u2019objectif de relancer l\u2019attractivit\u00e9 du Val d\u2019Aran et d\u2019am\u00e9liorer son cadre de vie, de <strong>nouveaux am\u00e9nagements<\/strong> ont d\u00e9j\u00e0 vu le jour, notamment au niveau de l\u2019entr\u00e9e est qui avait \u00e9t\u00e9 <a href=\"https:\/\/actu.fr\/occitanie\/colomiers_31149\/pres-de-toulouse-table-de-ping-pong-d-echec-bibliotheque-pergola-cette-place-est-totalement-transformee_61629355.html\" rel=\"nofollow noopener\" target=\"_blank\">inaugur\u00e9e en 2024<\/a>.<\/p>\n<p>Une future Maison des arts martiaux et de la boxe\u2026<\/p>\n<p class=\" wall-content\">Cette <strong>mutation XXL<\/strong> devrait s\u2019achever \u00ab\u00a0d\u00e9but 2029\u00a0\u00bb, annonce la mairie. Et parmi les prochaines grandes \u00e9tapes : la cr\u00e9ation de plusieurs \u00e9quipements publics, notamment <strong>la Maison des arts martiaux et de la boxe<\/strong>.<\/p>\n<p class=\" wall-content\">Cette grande structure de 3 000 m\u00b2 s\u2019installera sur la place du Val d\u2019Aran. Pour ce faire, la mairie pr\u00e9voit de d\u00e9truire la partie ouest du centre commercial pr\u00e9sent, en dehors de la rotonde qui accueille aujourd\u2019hui une salle de fitness. La Maison s\u2019installera juste \u00e0 c\u00f4t\u00e9.<\/p>\n<p>Votre r\u00e9gion, votre actu !<\/p>\n<p>Recevez chaque jour les infos qui comptent pour vous.<\/p>\n<p>\t<a href=\"https:\/\/actu.fr\/newsletter\" class=\"ac-btn ac-btn--corner ac-btn--medium ac-btn--blue800\" rel=\"nofollow noopener\" target=\"_blank\">S&rsquo;incrire<\/a><\/p>\n<p class=\" wall-content\">Elle regroupera les activit\u00e9s sportives propos\u00e9es par l\u2019ensemble des sept clubs associatifs de Colomiers :\u00a0 judo, a\u00efkido, Viet Vo Dao, karat\u00e9, kendo, taekwondo et boxe. \u00ab\u00a0Ces clubs repr\u00e9sentent plus de 1 000 licenci\u00e9s et proposent un haut niveau de formation et de performance sportive\u00a0\u00bb, d\u00e9taille la mairie.<\/p>\n<p>\u2026de pointe<\/p>\n<p class=\" wall-content\">Elle promet \u00ab\u00a0un \u00e9quipement de pointe et de proximit\u00e9\u00a0\u00bb, pour \u00ab\u00a0tous les publics\u00a0\u00bb. Les sportifs pourront y retrouver<strong> deux salles avec tatamis, trois salles avec parquet<\/strong> dont une salle de boxe, une salle de convivialit\u00e9 ouverte sur l\u2019esplanade du Val d\u2019Aran, des vestiaires, des bureaux, un espace de stockage, une infirmerie\u2026<\/p>\n<p class=\" wall-content\">Ce grand chantier devrait se lancer \u00e0 l\u2019automne 2026, pour prendre fin deux ans apr\u00e8s. Le tout, pour un budget de <strong>13 millions d\u2019euros<\/strong>.<\/p>\n<p>De nouveaux logements pr\u00e9vus<\/p>\n<p class=\" wall-content\"><a href=\"https:\/\/actu.fr\/occitanie\/colomiers_31149\/pres-de-toulouse-avec-deux-futures-stations-de-metro-cette-commune-va-transformer-ses-quartiers_62119594.html\" rel=\"nofollow noopener\" target=\"_blank\">Avec la future ligne C du m\u00e9tro<\/a>, la deuxi\u00e8me ville de Haute-Garonne doit pr\u00e9parer l\u2019arriv\u00e9e de ses nouveaux habitants. Le projet pr\u00e9voit la r\u00e9habilitation de pr\u00e8s de 300 logements sociaux et la cr\u00e9ation de 190 nouveaux logements. <strong>125 logements priv\u00e9s<\/strong> sont \u00e9galement attendus.<\/p>\n<p class=\" wall-content\">En parall\u00e8le, 134 logements ont d\u00e9j\u00e0 \u00e9t\u00e9 d\u00e9molis et 295 r\u00e9habilit\u00e9s. Une nouvelle r\u00e9sidence, baptis\u00e9e La Passerelle, comprenant 25 logements en accession sociale et 40 logements sociaux destin\u00e9s aux s\u00e9niors, est \u00e9galement sortie de terre, all\u00e9e du B\u00e9arn.<\/p>\n<p>Nouvelle cr\u00e8che, aires de jeux\u2026<\/p>\n<p class=\" wall-content\">Les habitants devront s\u2019attendre \u00e0 d\u2019autres travaux, dont la d\u00e9molition et la reconstruction de la Maison citoyenne et de la cr\u00e8che, attendue pour l\u2019automne 2028, \u00e0 proximit\u00e9 du groupe scolaire Jules Ferry.<\/p>\n<p class=\" wall-content\">La r\u00e9sidence Gascogne, le long de l\u2019all\u00e9e des Pyr\u00e9n\u00e9es, doit faire l\u2019objet d\u2019un <strong>r\u00e9am\u00e9nagement<\/strong> et d\u2019un <strong>d\u00e9senclavement<\/strong> attendus pour avril 2026.<\/p>\n<p class=\" wall-content\">Des <strong>aires de jeux<\/strong> verront le jour d\u00e9but 2027, tandis qu\u2019une <strong>nouvelle esplanade-jardin<\/strong> est attendue pour d\u00e9but 2029 sur la place du Val d\u2019Aran. De quoi finir d\u2019offrir un tout nouveau cadre de vie aux habitants de ce quartier historique de Colomiers.<\/p>\n<p>Un budget global de 80 millions d&rsquo;euros<\/p>\n<p>Un investissement global de\u00a0pr\u00e8s de 80 millions d&rsquo;euros est pr\u00e9vu pour cette grande mutation du quartier du Val d&rsquo;Aran. Un budget qui englobe les 13 millions d&rsquo;euros qui seront uniquement consacr\u00e9s \u00e0 la cr\u00e9ation de la future Maison des arts martiaux et de la boxe de Colomiers. <br \/>La Ville consacrera 20 millions d&rsquo;euros, tout comme Toulouse M\u00e9tropole, et le bailleur social Alt\u00e9al, 40 millions d&rsquo;euros. La mairie mentionne plusieurs autres financements :<br \/>&#8211; l\u2019Agence nationale de la r\u00e9novation urbaine, \u00e0 hauteur de 9,4 millions d&rsquo;euros ;<br \/>&#8211; la R\u00e9gion Occitanie, \u00e0 hauteur de 1,5 million d&rsquo;euros ;<br \/>&#8211; le D\u00e9partement de la Haute-Garonne, \u00e0 hauteur d&rsquo;un million d&rsquo;euros ;<br \/>&#8211; ainsi que des fonds europ\u00e9ens FEDER, \u00e0 hauteur de 3,1 millions d&rsquo;euros.\u00a0<\/p>\n<p class=\" wall-content\">Personnalisez votre actualit\u00e9 en ajoutant vos villes et m\u00e9dias en favori avec <a href=\"https:\/\/moncompte.actu.fr\" title=\"D\u00e9couvez Mon Actu\" rel=\"nofollow noopener\" data-trk=\"{&quot;cta&quot;:{&quot;action&quot;:&quot;https:\\\/\\\/moncompte.actu.fr&quot;,&quot;category&quot;:&quot;mon compte&quot;,&quot;from&quot;:&quot;article footer&quot;,&quot;name&quot;:&quot;Mon actu&quot;,&quot;type&quot;:&quot;cta&quot;}}\" target=\"_blank\">Mon Actu<\/a>.<\/p>\n","protected":false},"excerpt":{"rendered":"Par Marie Lamarque Publi\u00e9 le 10 sept. 2025 \u00e0 17h48 En c\u0153ur de ville, aucun habitant de Colomiers,&hellip;\n","protected":false},"author":2,"featured_media":380651,"comment_status":"","ping_status":"","sticky":false,"template":"","format":"standard","meta":{"footnotes":""},"categories":[2816],"tags":[1111,11,1777,674,1011,27,12,2680,25,104,2312,2086],"class_list":{"0":"post-380650","1":"post","2":"type-post","3":"status-publish","4":"format-standard","5":"has-post-thumbnail","7":"category-toulouse","8":"tag-actu","9":"tag-actualites","10":"tag-eu","11":"tag-europe","12":"tag-fr","13":"tag-france","14":"tag-news","15":"tag-occitanie","16":"tag-republique-francaise","17":"tag-societe","18":"tag-toulouse","19":"tag-travaux"},"share_on_mastodon":{"url":"https:\/\/pubeurope.com\/@fr\/115180921456913438","error":""},"_links":{"self":[{"href":"https:\/\/www.europesays.com\/fr\/wp-json\/wp\/v2\/posts\/380650","targetHints":{"allow":["GET"]}}],"collection":[{"href":"https:\/\/www.europesays.com\/fr\/wp-json\/wp\/v2\/posts"}],"about":[{"href":"https:\/\/www.europesays.com\/fr\/wp-json\/wp\/v2\/types\/post"}],"author":[{"embeddable":true,"href":"https:\/\/www.europesays.com\/fr\/wp-json\/wp\/v2\/users\/2"}],"replies":[{"embeddable":true,"href":"https:\/\/www.europesays.com\/fr\/wp-json\/wp\/v2\/comments?post=380650"}],"version-history":[{"count":0,"href":"https:\/\/www.europesays.com\/fr\/wp-json\/wp\/v2\/posts\/380650\/revisions"}],"wp:featuredmedia":[{"embeddable":true,"href":"https:\/\/www.europesays.com\/fr\/wp-json\/wp\/v2\/media\/380651"}],"wp:attachment":[{"href":"https:\/\/www.europesays.com\/fr\/wp-json\/wp\/v2\/media?parent=380650"}],"wp:term":[{"taxonomy":"category","embeddable":true,"href":"https:\/\/www.europesays.com\/fr\/wp-json\/wp\/v2\/categories?post=380650"},{"taxonomy":"post_tag","embeddable":true,"href":"https:\/\/www.europesays.com\/fr\/wp-json\/wp\/v2\/tags?post=380650"}],"curies":[{"name":"wp","href":"https:\/\/api.w.org\/{rel}","templated":true}]}}