{"id":380652,"date":"2025-09-10T16:22:12","date_gmt":"2025-09-10T16:22:12","guid":{"rendered":"https:\/\/www.europesays.com\/fr\/380652\/"},"modified":"2025-09-10T16:22:12","modified_gmt":"2025-09-10T16:22:12","slug":"bloquons-tout-a-toulouse-30-000-manifestants-selon-les-syndicats-13-000-selon-la-prefecture-un-mouvement-suivi-mais-emaille-dincidents","status":"publish","type":"post","link":"https:\/\/www.europesays.com\/fr\/380652\/","title":{"rendered":"\u00ab\u00a0Bloquons tout\u00a0\u00bb \u00e0 Toulouse\u00a0: 30\u00a0000 manifestants selon les syndicats, 13\u00a0000 selon la pr\u00e9fecture, un mouvement suivi mais \u00e9maill\u00e9 d\u2019incidents"},"content":{"rendered":"<p>\n                                                                    l&rsquo;essentiel<br \/>\n                                                                La journ\u00e9e de manifestation \u00ab\u00a0Bloquons Tout\u00a0\u00bb a r\u00e9uni des milliers de manifestants \u00e0 Toulouse o\u00f9 des d\u00e9gradations et des accrochages avec les forces de l\u2019ordre ont \u00e9maill\u00e9 ce mouvement de contestation sociale.\n                            <\/p>\n<p>La bataille des chiffres en ce jour baptis\u00e9 par les manifestants \u00ab\u00a0Bloquons tout\u00a0\u00bb. Alors que la pr\u00e9fecture de la Haute-Garonne, qui a d\u00e9ploy\u00e9 des centaines de policiers, annon\u00e7ait avoir comptabilis\u00e9 1\u00a0450 manifestants \u00e0 Toulouse et dans le d\u00e9partement, la manifestation pr\u00e9vue au centre-ville de Toulouse a tr\u00e8s vite fait mentir les autorit\u00e9s. Ils \u00e9taient des milliers \u00e0 marcher sur les boulevards, encadr\u00e9s par les forces de l\u2019ordre, 30\u00a0000 selon les syndicats (13\u00a0000 selon le dernier comptage de la pr\u00e9fecture).<\/p>\n<p>Des actions d\u00e8s 4\u00a0h\u00a030 du matin<\/p>\n<p>D\u00e8s 4\u00a0h\u00a030 du matin, ce mercredi 10\u00a0septembre, les manifestants et la police ont jou\u00e9 au chat et \u00e0 la souris \u00e0 Toulouse. \u00ab\u00a0De nombreuses actions revendicatives ont \u00e9t\u00e9 constat\u00e9es dont certaines ont donn\u00e9 lieu \u00e0 des d\u00e9gradations et affrontements avec les forces de l\u2019ordre\u00a0\u00bb, indiquait la pr\u00e9fecture. Les policiers avaient proc\u00e9d\u00e9 \u00e0 33 interpellations \u00e0 la mi-journ\u00e9e. \u00ab\u00a0En zone gendarmerie, des op\u00e9rations se d\u00e9roulant dans le calme, sont en cours \u00e0 Muret, Caz\u00e8res, Carbone et Villefranche-de-Lauragais notamment\u00a0\u00bb, a par ailleurs affirm\u00e9 la pr\u00e9fecture.<\/p>\n<p>Transports en commun au ralenti<\/p>\n<p>Barrages de poubelles, transports en commun fonctionnant au ralenti (plusieurs lignes de bus interrompues), feux, sabotage de\u00a0c\u00e2bles SNCF provoquant l\u2019interruption du trafic ferroviaire entre Toulouse et Auch, rassemblements \u00e0 Jolimont, sur des ronds points, tentatives de blocages autoroutiers et devant certains lyc\u00e9es (D\u00e9odat de S\u00e9verac, Ar\u00e8nes et Saint-Sernin), o\u00f9 les m\u00e9dias locaux n\u2019\u00e9taient pas toujours les bienvenus, mais aussi \u00e0 l\u2019universit\u00e9 Paul Sabatier.<\/p>\n<p>\u00ab\u00a0L\u2019ent\u00eatement macroniste\u00a0\u00bb<\/p>\n<p>La jeunesse n\u2019est pas rest\u00e9e insensible et souhaite d\u00e9noncer\u00a0\u00ab\u00a0l\u2019ent\u00eatement macroniste\u00a0\u00bb avec la nomination de S\u00e9bastien Lecornu comme Premier ministre apr\u00e8s la d\u00e9mission de Fran\u00e7ois Bayrou. \u00ab\u00a0Le pr\u00e9sident de la R\u00e9publique ne veut pas \u00e9couter le peuple, il a nomm\u00e9 Lecornu mais ce dernier est dans son camp depuis 2017\u00a0\u00bb, confie un lyc\u00e9en de premi\u00e8re \u00e0 Saint-Sernin, Charl\u00e9lie. \u00ab\u00a0\u00c0 chaque fois, on a l\u2019impression que Macron tourne en rond et met tout le temps des gens de droite, sans \u00e9couter la gauche alors qu\u2019elle a gagn\u00e9 les derni\u00e8res l\u00e9gislatives\u00a0\u00bb, ajoute une camarade Jeanne.<\/p>\n<p>\u00ab\u00a0Pour remonter le niveau des \u00e9l\u00e8ves, il faut des moyens humains\u00a0\u00bb<\/p>\n<p>Du c\u00f4t\u00e9 des syndicats enseignants, \u00ab\u00a0on r\u00e9clame des moyens pour l\u2019enseignement et qu\u2019on arr\u00eate ce budget d\u2019aust\u00e9rit\u00e9 pour la fonction publique. On nous bassine avec le niveau des \u00e9l\u00e8ves, mais pour remonter ce niveau, il faut des moyens humains, des effectifs en plus\u00a0\u00bb, constate am\u00e8re Anne (FO-Fnec). Elle rappelle que les enseignants sont appel\u00e9s \u00e0 manifester \u00e9galement le 12\u00a0septembre devant le rectorat de Toulouse.<\/p>\n<p>\u00ab\u00a0Ne pas propager de fausses informations\u00a0\u00bb<\/p>\n<p>Rue Casanova, dans le plus ancien squat de Toulouse, La Chapelle a servi de cantine pour pr\u00e9parer les repas pour les manifestants. Des policiers ont, un temps, stationn\u00e9 devant le lieu o\u00f9 l\u2019on s\u2019affairait \u00e0 faire des sandwichs et \u00e0 demander aux participants de pr\u00eater main-forte pour les repas du jour. \u00ab\u00a0On a besoin de semoule, liquide vaisselle, \u00e9pices, riz\u2026\u00a0\u00bb, pouvait-on lire sur le r\u00e9seau social Telegram o\u00f9 bon nombre de manifestants venaient \u00e0 la p\u00eache aux informations.<\/p>\n<p>De son c\u00f4t\u00e9, la pr\u00e9fecture a fait ses recommandations aux manifestants potentiels\u00a0: \u00ab\u00a0Il est demand\u00e9 \u00e0 la population de ne pas g\u00eaner la progression des forces de s\u00e9curit\u00e9 et de secours\u00a0; de respecter les consignes donn\u00e9es par les forces de s\u00e9curit\u00e9 et de secours [\u2026] Ne pas propager de fausses informations et ne pas se r\u00e9unir en dehors de toutes manifestations d\u00e9clar\u00e9es\u2026\u00a0\u00bb<\/p>\n","protected":false},"excerpt":{"rendered":"l&rsquo;essentiel La journ\u00e9e de manifestation \u00ab\u00a0Bloquons Tout\u00a0\u00bb a r\u00e9uni des milliers de manifestants \u00e0 Toulouse o\u00f9 des d\u00e9gradations&hellip;\n","protected":false},"author":2,"featured_media":380653,"comment_status":"","ping_status":"","sticky":false,"template":"","format":"standard","meta":{"footnotes":""},"categories":[2816],"tags":[1111,11,1777,674,1011,27,12,2680,25,2312],"class_list":{"0":"post-380652","1":"post","2":"type-post","3":"status-publish","4":"format-standard","5":"has-post-thumbnail","7":"category-toulouse","8":"tag-actu","9":"tag-actualites","10":"tag-eu","11":"tag-europe","12":"tag-fr","13":"tag-france","14":"tag-news","15":"tag-occitanie","16":"tag-republique-francaise","17":"tag-toulouse"},"share_on_mastodon":{"url":"https:\/\/pubeurope.com\/@fr\/115180925389094492","error":""},"_links":{"self":[{"href":"https:\/\/www.europesays.com\/fr\/wp-json\/wp\/v2\/posts\/380652","targetHints":{"allow":["GET"]}}],"collection":[{"href":"https:\/\/www.europesays.com\/fr\/wp-json\/wp\/v2\/posts"}],"about":[{"href":"https:\/\/www.europesays.com\/fr\/wp-json\/wp\/v2\/types\/post"}],"author":[{"embeddable":true,"href":"https:\/\/www.europesays.com\/fr\/wp-json\/wp\/v2\/users\/2"}],"replies":[{"embeddable":true,"href":"https:\/\/www.europesays.com\/fr\/wp-json\/wp\/v2\/comments?post=380652"}],"version-history":[{"count":0,"href":"https:\/\/www.europesays.com\/fr\/wp-json\/wp\/v2\/posts\/380652\/revisions"}],"wp:featuredmedia":[{"embeddable":true,"href":"https:\/\/www.europesays.com\/fr\/wp-json\/wp\/v2\/media\/380653"}],"wp:attachment":[{"href":"https:\/\/www.europesays.com\/fr\/wp-json\/wp\/v2\/media?parent=380652"}],"wp:term":[{"taxonomy":"category","embeddable":true,"href":"https:\/\/www.europesays.com\/fr\/wp-json\/wp\/v2\/categories?post=380652"},{"taxonomy":"post_tag","embeddable":true,"href":"https:\/\/www.europesays.com\/fr\/wp-json\/wp\/v2\/tags?post=380652"}],"curies":[{"name":"wp","href":"https:\/\/api.w.org\/{rel}","templated":true}]}}