{"id":380656,"date":"2025-09-10T16:24:33","date_gmt":"2025-09-10T16:24:33","guid":{"rendered":"https:\/\/www.europesays.com\/fr\/380656\/"},"modified":"2025-09-10T16:24:33","modified_gmt":"2025-09-10T16:24:33","slug":"bloquons-tout-cortege-pancartes-degradations-revivez-la-manifestation-a-lille","status":"publish","type":"post","link":"https:\/\/www.europesays.com\/fr\/380656\/","title":{"rendered":"\u00ab\u00a0Bloquons tout\u00a0\u00bb. Cort\u00e8ge, pancartes, d\u00e9gradations&#8230; Revivez la manifestation \u00e0 Lille"},"content":{"rendered":"<p>            Par<br \/>\n        <strong><br \/>\n            <a href=\"https:\/\/actu.fr\/auteur\/margot-nicodeme\" title=\"Consulter tous les articles de Margot Nicod\u00e8me\" target=\"_blank\" rel=\"noopener\">Margot Nicod\u00e8me<\/a><br \/>\n        <\/strong><\/p>\n<p>        Publi\u00e9 le<\/p>\n<p>            10 sept. 2025 \u00e0 17h33        <\/p>\n<p>Le mouvement de ce <b><a href=\"https:\/\/actu.fr\/tag\/mouvement-du-10-septembre\" target=\"_blank\" rel=\"noopener\">mercredi 10 septembre<\/a> 2025<\/b>, dont les initiatives \u00e0 travers la France se rejoignent sous le slogan<b> <a href=\"https:\/\/actu.fr\/hauts-de-france\/lille_59350\/bloquons-tout-pres-de-lille-peripherique-en-partie-bloque-et-lyceens-mobilises_63139025.html\" target=\"_blank\" rel=\"noopener\">\u00ab\u00a0Bloquons tout\u00a0\u00bb<\/a><\/b>, bat son plein \u00e0 <a href=\"https:\/\/actu.fr\/hauts-de-france\/lille_59350\" target=\"_blank\" rel=\"noopener\">Lille<\/a> (Nord). Aux premi\u00e8res heures de la matin\u00e9e, <b>les autoroutes A1 et A25 \u00e9taient coup\u00e9es<\/b>, des mobilisations se sont organis\u00e9es <b>devant des lyc\u00e9es<\/b>, des bus ont \u00e9t\u00e9 d\u00e9vi\u00e9s de leur trajet habituel dans la m\u00e9tropole lilloise\u2026 Le r\u00e9cap\u2019 de tout ce qui s\u2019est pass\u00e9 dans le Nord est \u00e0 retrouver <a href=\"https:\/\/actu.fr\/hauts-de-france\/lille_59350\/bloquons-tout-pres-de-lille-peripherique-en-partie-bloque-et-lyceens-mobilises_63139025.html\" target=\"_blank\" rel=\"noopener\">ICI<\/a>.<\/p>\n<p>La manifestation en direct<\/p>\n<p class=\" wall-content\">Une autre image forte de la journ\u00e9e, c\u2019est <b>la manifestation qui s\u2019est \u00e9lanc\u00e9e<\/b> depuis l\u2019hypercentre de Lille, \u00e0 14h30. L<b>e rendez-vous \u00e9tait donn\u00e9 Porte de Paris<\/b>. Suivez le cort\u00e8ge en direct.<\/p>\n<ul class=\" wall-content\">\n<li><b>17h21 \u2013 Les foules se dispersent.<\/b> Alors que la manifestation touche \u00e0 sa fin, il est l\u2019heure de cl\u00f4turer ce direct.\u00a0<\/li>\n<\/ul>\n<p>    <img   decoding=\"async\" loading=\"lazy\" class=\"size-large\" src=\"https:\/\/www.europesays.com\/fr\/wp-content\/uploads\/2025\/09\/556314b791c86596314b791c83d631v-960x640.jpeg\" alt=\"Les foules se dispersent, pour cette fin de manifestation \u00e0 Lille (Nord), laissant les rues marqu\u00e9es par l'\u00e9v\u00e9nement...\" width=\"960\" height=\"640\"\/><br \/>\n    Les foules se dispersent, pour cette fin de manifestation \u00e0 Lille (Nord), qui aura laiss\u00e9 des traces dans la ville. \u00a9ND\/Lille actu<br \/>\n    <img   decoding=\"async\" loading=\"lazy\" class=\"size-large\" src=\"https:\/\/www.europesays.com\/fr\/wp-content\/uploads\/2025\/09\/a6d054fa91c86bad054fa91c8ced05v-960x640.jpg\" alt=\"Les autorit\u00e9s ont eu recours au gaz lacrymog\u00e8ne, aux abords du th\u00e9\u00e2tre S\u00e9bastopol.\" width=\"960\" height=\"640\"\/><br \/>\n    Les autorit\u00e9s ont eu recours au gaz lacrymog\u00e8ne, aux abords du th\u00e9\u00e2tre S\u00e9bastopol. \u00a9ND\/Lille actu<\/p>\n<ul class=\" wall-content\">\n<li><b>17h17 \u2013 Des affrontements pr\u00e8s du th\u00e9\u00e2tre. <\/b>Alors qu\u2019une grande partie des manifestants est partie en direction de la place de la R\u00e9publique, les affrontements continuent entre une poign\u00e9e de casseurs et la police, pr\u00e8s du th\u00e9\u00e2tre S\u00e9bastopol.<\/li>\n<li><b>17h07 \u2013 L\u2019ambiance est tr\u00e8s tendue rue Solf\u00e9rino. <\/b>Une partie des manifestants a avanc\u00e9 jusqu\u2019\u00e0 la place de la R\u00e9publique, o\u00f9 se cl\u00f4ture g\u00e9n\u00e9ralement le parcours. Mais la majorit\u00e9 reste bloqu\u00e9e au niveau de la rue Solf\u00e9rino, o\u00f9 des gaz sont de nouveau lanc\u00e9s.<\/li>\n<\/ul>\n<p class=\" wall-content\">\n<ul class=\" wall-content\">\n<li><b>17h00 \u2013 La police, cible de projectiles, \u00e9loigne les manifestants. <\/b>Des projectiles sont lanc\u00e9s sur les repr\u00e9sentants des forces de l\u2019ordre, qui utilisent des canons \u00e0 eau pour disperser la foule.<\/li>\n<\/ul>\n<p>    <img   decoding=\"async\" loading=\"lazy\" class=\"size-large\" src=\"https:\/\/www.europesays.com\/fr\/wp-content\/uploads\/2025\/09\/28a767aa91c864df767aa91c891086v-960x640.jpg\" alt=\"Des lances \u00e0 eau utilis\u00e9es pour disperser la foule, et d\u00e9courager les casseurs en particulier.\" width=\"960\" height=\"640\"\/><br \/>\n    Des lances \u00e0 eau utilis\u00e9es pour disperser la foule, et d\u00e9courager les casseurs en particulier. \u00a9ND\/Lille actu<\/p>\n<p>Votre r\u00e9gion, votre actu !<\/p>\n<p>Recevez chaque jour les infos qui comptent pour vous.<\/p>\n<p>\t<a href=\"https:\/\/actu.fr\/newsletter\" class=\"ac-btn ac-btn--corner ac-btn--medium ac-btn--blue800\" target=\"_blank\" rel=\"noopener\">S&rsquo;incrire<\/a><\/p>\n<ul class=\" wall-content\">\n<li><b>16h58 \u2013 Des feux de poubelles <\/b>sont d\u00e9clench\u00e9s au passage du cort\u00e8ge.<\/li>\n<\/ul>\n<p>    <img   decoding=\"async\" loading=\"lazy\" class=\"size-large\" src=\"https:\/\/www.europesays.com\/fr\/wp-content\/uploads\/2025\/09\/b58983f491c867a8983f491c8ae898v-960x640.jpeg\" alt=\"Des feux de poubelle ont notamment \u00e9t\u00e9 d\u00e9clench\u00e9s, au niveau de la rue Solf\u00e9rino, \u00e0 Lile (Nord).\" width=\"960\" height=\"640\"\/><br \/>\n    Des feux de poubelle ont notamment \u00e9t\u00e9 d\u00e9clench\u00e9s, au niveau de la rue Solf\u00e9rino, \u00e0 Lile (Nord). \u00a9ND\/Lille actu<\/p>\n<ul class=\" wall-content\">\n<li><b>16h49 \u2013 Tags et d\u00e9part d\u2019incendie sur des voitures Tesla. <\/b>Des voitures \u00e9lectriques gar\u00e9es sur le chemin du cort\u00e8ge ont \u00e9t\u00e9 la cible de d\u00e9gradations. Sur une Tesla gar\u00e9e rue Solf\u00e9rino, un tag \u00ab\u00a0NAZI\u00a0\u00bb affuble le pare-brise. Diverses vitres ont \u00e9t\u00e9 bris\u00e9es. Un homme a tent\u00e9 d\u2019incendier un autre v\u00e9hicule de la marque un peu plus loin, des manifestants ont tout de suite \u00e9teint le d\u00e9part de feu.\u00a0<\/li>\n<\/ul>\n<p>    <img   decoding=\"async\" loading=\"lazy\" class=\"size-large\" src=\"https:\/\/www.europesays.com\/fr\/wp-content\/uploads\/2025\/09\/c21b936a91c86b61b936a91c88a1b9v-960x640.jpg\" alt=\"Des Teslas ont \u00e9t\u00e9 prises pour cibles.\" width=\"960\" height=\"640\"\/><br \/>\n    Des Teslas ont \u00e9t\u00e9 prises pour cibles. \u00a9ND\/Lille actu<br \/>\n    <img   decoding=\"async\" loading=\"lazy\" class=\"size-large\" src=\"https:\/\/www.europesays.com\/fr\/wp-content\/uploads\/2025\/09\/57f6572191c869bf6572191c8da075v-960x640.jpg\" alt=\"Rue Solf\u00e9rino, deux voitures de la marque Tesla ont \u00e9t\u00e9 la cible de d\u00e9gradations, lors du passage de la manifestation. Vitres bris\u00e9es, tag \" nazi=\"\" un=\"\" homme=\"\" a=\"\" m=\"\" tent=\"\" de=\"\" mettre=\"\" le=\"\" feu=\"\" l=\"\" d=\"\" mais=\"\" des=\"\" manifestants=\"\" vite=\"\" width=\"960\" height=\"640\"\/><br \/>\n    Rue Solf\u00e9rino, deux voitures de la marque Tesla ont \u00e9t\u00e9 la cible de d\u00e9gradations, lors du passage de la manifestation. Vitres bris\u00e9es, tag \u00ab\u00a0NAZI\u00a0\u00bb\u2026 Un homme a m\u00eame tent\u00e9 de mettre le feu \u00e0 l\u2019une d\u2019elles, mais des manifestants l\u2019ont vite \u00e9teint. \u00a9ND \/ Lille actu<\/p>\n<ul class=\" wall-content\">\n<li><b>16h30 \u2013 <\/b>Le cort\u00e8ge arrive rue Solf\u00e9rino. Les banques, agences immobili\u00e8res et d\u2019assurance sont la cible des casseurs.<\/li>\n<\/ul>\n<p>    <img   decoding=\"async\" loading=\"lazy\" class=\"size-large\" src=\"https:\/\/www.europesays.com\/fr\/wp-content\/uploads\/2025\/09\/fba295fd81c86ffa295fd81c8c3b29v-960x640.jpeg\" alt=\"Des vitrines d'agences immobili\u00e8res comme celle-ci rue Solf\u00e9rino \u00e0 Lille sont la cible de casseurs.\" width=\"960\" height=\"640\"\/><br \/>\n    Des vitrines d\u2019agences immobili\u00e8res comme celle-ci rue Solf\u00e9rino \u00e0 Lille sont la cible de casseurs. \u00a9ND\/Lille actu<\/p>\n<p class=\" wall-content\">\n<ul class=\" wall-content\">\n<li><b>16h20 \u2013 <\/b>Du gaz lacrymog\u00e8ne est lanc\u00e9 dans le cort\u00e8ge, rue Nationale.<\/li>\n<\/ul>\n<p>    <img   decoding=\"async\" loading=\"lazy\" class=\"size-large\" src=\"https:\/\/www.europesays.com\/fr\/wp-content\/uploads\/2025\/09\/a435164981c86a835164981c8ac351v-960x640.jpeg\" alt=\"Du gaz lacrymog\u00e8ne est envoy\u00e9 dans le cort\u00e8ge de la manifestation \u00e0 Lille, rue Nationale.\" width=\"960\" height=\"640\"\/><br \/>\n    Du gaz lacrymog\u00e8ne est envoy\u00e9 dans le cort\u00e8ge de la manifestation \u00e0 Lille, rue Nationale. \u00a9ND\/Lille actu<\/p>\n<ul class=\" wall-content\">\n<li><b>16h15 \u2013 <\/b>La police est pr\u00e9sente en nombre, boulevard de la Libert\u00e9, ce jour de manifestation.<\/li>\n<\/ul>\n<p>    <img   decoding=\"async\" loading=\"lazy\" class=\"size-large\" src=\"https:\/\/www.europesays.com\/fr\/wp-content\/uploads\/2025\/09\/fe96d02881c86e1d6d02881c899d6dv-960x640.jpeg\" alt=\"La police est en place, boulevard de la Libert\u00e9 \u00e0 Lille (Nord), alors que le cort\u00e8ge de manifestants avance.\" width=\"960\" height=\"640\"\/><br \/>\n    La police est en place, boulevard de la Libert\u00e9 \u00e0 Lille (Nord), alors que le cort\u00e8ge de manifestants avance. \u00a9ND\/Lille actu<\/p>\n<ul class=\" wall-content\">\n<li><b>16h09 \u2013 Des d\u00e9gradations dans le centre-ville. <\/b>Des v\u00e9los partag\u00e9s renvers\u00e9s, des vitrines d\u00e9grad\u00e9es, comme une de Basic-Fit : de nombreuses d\u00e9gradations ont \u00e9t\u00e9 faites rue Nationale, en marge du mouvement social. Les vitrines Carrefour sont aussi la cible de manifestants.<\/li>\n<\/ul>\n<p class=\" wall-content\">\n<ul class=\" wall-content\">\n<li><b>16h02 \u2013 Le cort\u00e8ge est bloqu\u00e9 <\/b>\u00e0 l\u2019angle de la rue de l\u2019H\u00f4pital Militaire. \u00e9t\u00e9 jet\u00e9es sur la vitre du Printemps. Policiers et manifestants, parmi lesquels on trouve des casseurs, se toisent.<\/li>\n<\/ul>\n<p>    <img   decoding=\"async\" loading=\"lazy\" class=\"size-large\" src=\"https:\/\/www.europesays.com\/fr\/wp-content\/uploads\/2025\/09\/982813e381c86ad2813e381c8a1381v-960x640.jpeg\" alt=\"Des projectiles ont bris\u00e9 la vitrine du Printemps, rue Nationale \u00e0 Lille (Nord).\" width=\"960\" height=\"640\"\/><br \/>\n    Des projectiles ont bris\u00e9 la vitrine du Printemps, rue Nationale \u00e0 Lille (Nord). \u00a9ND\/Lille actu<\/p>\n<ul class=\" wall-content\">\n<li><b>15h40 \u2013 L\u2019ambiance se tend, rue Nationale.<\/b> Des pierres, jet\u00e9es sur la vitrine du magasin Printemps, l\u2019ont bris\u00e9e.\u00a0<\/li>\n<li><b>15h34 \u2013 Remont\u00e9e de la rue Faidherbe<\/b>, jusqu\u2019\u00e0 la Grand\u2019Place de Lille. Didier de Templemars nous confie : \u00ab\u00a0Je n\u2019ai jamais autant manifest\u00e9 que depuis que Macron est l\u00e0. Il ne nous \u00e9pargnera rien. Et m\u00eame quand on dissout, il ne comprend pas le message des urnes. On aimerait bien qu\u2019il parte mais j\u2019y crois pas !\u00a0\u00bb<\/li>\n<\/ul>\n<p>    <img   decoding=\"async\" loading=\"lazy\" class=\"size-large\" src=\"https:\/\/www.europesays.com\/fr\/wp-content\/uploads\/2025\/09\/5dfe2d1181c86c10f2d1181c8950f2v-960x640.jpg\" alt=\"Le cort\u00e8ge rue Faidherbe, vers la Grand'Place.\" width=\"960\" height=\"640\"\/><br \/>\n    Le cort\u00e8ge rue Faidherbe, vers la Grand\u2019Place. \u00a9Lille actu<\/p>\n<ul class=\" wall-content\">\n<li><b>15h27 \u2013 <\/b><b>Le cort\u00e8ge arrive au niveau de la rue Faidherbe<\/b>.\u00a0Lydie, qui se pr\u00e9sente comme \u00ab\u00a0citoyenne en col\u00e8re\u00a0\u00bb, est \u00ab\u00a0un peu d\u00e9\u00e7ue de la mobilisation ce matin mais heureuse de voir autant de monde dans la manifestation\u00a0\u00bb cet apr\u00e8s-midi. \u00ab\u00a0Il faut continuer et faire tomber Macron !\u00a0\u00bb<\/li>\n<\/ul>\n<p class=\" wall-content\">\n<p>    <img   decoding=\"async\" loading=\"lazy\" class=\"size-large\" src=\"https:\/\/www.europesays.com\/fr\/wp-content\/uploads\/2025\/09\/9624295d71c86ea24295d71c83f242v-960x640.jpeg\" alt=\"Peu avant 15h30, le cort\u00e8ge de la manifestation arrive dans la rue Faidherbe, \u00e0 Lille.\" width=\"960\" height=\"640\"\/><br \/>\n    Peu avant 15h30, le cort\u00e8ge de la manifestation arrive dans la rue Faidherbe, \u00e0 Lille. \u00a9ND \/ Lille actu<\/p>\n<ul class=\" wall-content\">\n<li><b>15h10 \u2013\u00a0<\/b><a href=\"https:\/\/actu.fr\/hauts-de-france\/lille_59350\/alessandro-di-giuseppe-le-pap-40-dejante-de-lille-sort-un-film_57516598.html\" target=\"_blank\" rel=\"noopener\">Le \u00ab\u00a0Pap 40\u00a0\u00bb fait partie du cort\u00e8ge<\/a> de la manifestation du 10 septembre. Ce personnage haut en couleurs incarn\u00e9 par un com\u00e9dien lillois est souvent dans les rues pour d\u00e9noncer l\u2019ultra-capitalisme. Ceci au travers d\u2019un discours hautement ironique et affubl\u00e9 d\u2019une tenue qui a de quoi marquer les esprits.<\/li>\n<\/ul>\n<p>    <img   decoding=\"async\" loading=\"lazy\" class=\"size-large\" src=\"https:\/\/www.europesays.com\/fr\/wp-content\/uploads\/2025\/09\/b523833a71c86f923833a71c8fd238v-960x640.jpeg\" alt=\"Alessandro Di Giuseppe, alias le \" pap=\"\" droite=\"\" est=\"\" sans=\"\" surprise=\"\" pr=\"\" la=\"\" manifestation=\"\" lilloise=\"\" de=\"\" ce=\"\" mercredi.=\"\" width=\"960\" height=\"640\"\/><br \/>\n    Alessandro Di Giuseppe, alias le \u00ab\u00a0Pap 40\u00a0\u00bb (\u00e0 droite) est sans surprise pr\u00e9sent \u00e0 la manifestation lilloise de ce mercredi. \u00a9ND\/Lille actu<\/p>\n<ul class=\" wall-content\">\n<li>\u00a0<b>15h08 \u2013<\/b>\u00a0Direction la gare. <b>Un tract est distribu\u00e9 <\/b>: \u00ab\u00a0Pourquoi nous bloquons ? Parce qu\u2019on en a marre de la corruption de ceux d\u2019en haut [\u2026] Parce que les salaires ne nous permettent plus de vivre dignement\u2026\u00a0\u00bb\u00a0\u00a0<\/li>\n<\/ul>\n<p>    <img decoding=\"async\" loading=\"lazy\" class=\"size-large\" src=\"https:\/\/www.europesays.com\/fr\/wp-content\/uploads\/2025\/09\/d8616c6871c86fc616c6871c8d0716v-576x640.jpg\" alt=\"Ce tract est distribu\u00e9 : \" pourquoi=\"\" nous=\"\" bloquons=\"\" width=\"576\" height=\"640\"\/><br \/>\n    Ce tract est distribu\u00e9 : \u00ab\u00a0Pourquoi nous bloquons ?\u00a0\u00bb \u00a9ND\/Lille actu<\/p>\n<ul class=\" wall-content\">\n<li>\u00a0<b>15h01<\/b> \u2013 C\u2019est parti. La foule se met en mouvement, et<b> le d\u00e9put\u00e9 LFI Aur\u00e9lien Lecoq<\/b> a pris la t\u00eate du cort\u00e8ge.\u00a0<\/li>\n<\/ul>\n<p>    <img   decoding=\"async\" loading=\"lazy\" class=\"size-large\" src=\"https:\/\/www.europesays.com\/fr\/wp-content\/uploads\/2025\/09\/0df021b771c86010121b771c805012v-960x640.jpg\" alt=\"15h : direction le boulevard Kennedy.\" width=\"960\" height=\"640\"\/><br \/>\n    15h : direction le boulevard Kennedy. \u00a9ND\/Lille actu<br \/>\n    <img   decoding=\"async\" loading=\"lazy\" class=\"size-large\" src=\"https:\/\/www.europesays.com\/fr\/wp-content\/uploads\/2025\/09\/178d11b771c861b8d11b771c8fe8d1v-960x640.jpg\" alt=\"Les manifestants se comptent par milliers.\" width=\"960\" height=\"640\"\/><br \/>\n    Les manifestants se comptent par milliers. \u00a9ND\/Lille actu<br \/>\n    <img   decoding=\"async\" loading=\"lazy\" class=\"size-large\" src=\"https:\/\/www.europesays.com\/fr\/wp-content\/uploads\/2025\/09\/712631b771c86c52631b771c8c6263v-960x640.jpg\" alt=\"La pluie s'est invit\u00e9e.\" width=\"960\" height=\"640\"\/><br \/>\n    La pluie s\u2019est invit\u00e9e. \u00a9ND\/Lille actu<\/p>\n<ul class=\" wall-content\">\n<li>\u00a0<b>14h58<\/b> \u2013 <b>Le cort\u00e8ge se met en marche<\/b>, alors que la pluie s\u2019invite. Depuis les balcons, la solidarit\u00e9 se fait sentir par endroits, comme cet homme, applaudi par la foule. <b>Des gilets jaunes sont aussi pr\u00e9sents<\/b>.\u00a0<\/li>\n<\/ul>\n<p>    <img   decoding=\"async\" loading=\"lazy\" class=\"size-large\" src=\"https:\/\/www.europesays.com\/fr\/wp-content\/uploads\/2025\/09\/15612a2671c8609612a2671c8ec612v-960x640.jpg\" alt=\"Solidarit\u00e9 depuis les balcons, \u00e0 Lille.\" width=\"960\" height=\"640\"\/><br \/>\n    Solidarit\u00e9 depuis les balcons, \u00e0 Lille. \u00a9ND\/Lille actu<br \/>\n    <img   decoding=\"async\" loading=\"lazy\" class=\"size-large\" src=\"https:\/\/www.europesays.com\/fr\/wp-content\/uploads\/2025\/09\/9145217671c867545217671c859452v-960x640.jpg\" alt=\"Des gilets jaunes sont pr\u00e9sents dans les rangs.\" width=\"960\" height=\"640\"\/><br \/>\n    Des gilets jaunes sont pr\u00e9sents dans les rangs. \u00a9ND\/Lille actu<br \/>\n    <img   decoding=\"async\" loading=\"lazy\" class=\"size-large\" src=\"https:\/\/www.europesays.com\/fr\/wp-content\/uploads\/2025\/09\/1f08217671c865318217671c877182v-960x640.jpg\" alt=\"Et les slogans brandis ne sont effectivement pas sans rappeler le mouvement des gilets jaunes.\" width=\"960\" height=\"640\"\/><br \/>\n    Et les slogans brandis ne sont effectivement pas sans rappeler le mouvement des gilets jaunes. \u00a9ND\/Lille actu<\/p>\n<ul class=\" wall-content\">\n<li>\u00a0<b>14h35<\/b>\u00a0\u2013 <b>Les manifestants sont pr\u00e9sents par centaines,<\/b> porte de Paris \u00e0 Lille. Le d\u00e9part se pr\u00e9pare dans les rangs.\u00a0<\/li>\n<\/ul>\n<p>    <img   decoding=\"async\" loading=\"lazy\" class=\"size-large\" src=\"https:\/\/www.europesays.com\/fr\/wp-content\/uploads\/2025\/09\/5e5349c371c86a26349c371c8b6634v-960x640.jpg\" alt=\"La CGT est repr\u00e9sent\u00e9e en force.\" width=\"960\" height=\"640\"\/><br \/>\n    La CGT est repr\u00e9sent\u00e9e en force. \u00a9ND\/Lille actu<br \/>\n    <img   decoding=\"async\" loading=\"lazy\" class=\"size-large\" src=\"https:\/\/www.europesays.com\/fr\/wp-content\/uploads\/2025\/09\/4cfd49c371c86010e49c371c8150e4v-960x640.jpg\" alt=\"On croise aussi des drapeaux palestiniens.\" width=\"960\" height=\"640\"\/><br \/>\n    On croise aussi des drapeaux palestiniens. \u00a9ND\/Lille actu<\/p>\n<ul class=\" wall-content\">\n<li><b>14h15 <\/b>\u2013 Les autorit\u00e9s ont bloqu\u00e9 la place des Buisses, qui fait face \u00e0 la gare Lille-Flandres, en pr\u00e9vision du passage du cort\u00e8ge.<\/li>\n<\/ul>\n<p>    <img   decoding=\"async\" loading=\"lazy\" class=\"size-large\" src=\"https:\/\/www.europesays.com\/fr\/wp-content\/uploads\/2025\/09\/8b4dae2371c86af4dae2371c8b35dav-960x640.jpg\" alt=\"La places des Buisses est ferm\u00e9e \u00e0 la circulation en d\u00e9but d'apr\u00e8s-midi, \u00e0 Lille (Nord).\" width=\"960\" height=\"640\"\/><br \/>\n    La places des Buisses est ferm\u00e9e \u00e0 la circulation en d\u00e9but d\u2019apr\u00e8s-midi, \u00e0 Lille (Nord). \u00a9ND\/Lille actu<br \/>\n    <img   decoding=\"async\" loading=\"lazy\" class=\"size-large\" src=\"https:\/\/www.europesays.com\/fr\/wp-content\/uploads\/2025\/09\/d29bae2371c866b9bae2371c8475cav-960x640.jpg\" alt=\"Les autorit\u00e9s sont parqu\u00e9es en face de la gare Lille-Flandres.\" width=\"960\" height=\"640\"\/><br \/>\n    Les autorit\u00e9s sont parqu\u00e9es en face de la gare Lille-Flandres. \u00a9ND\/Lille actu<\/p>\n<p class=\" wall-content\">Personnalisez votre actualit\u00e9 en ajoutant vos villes et m\u00e9dias en favori avec <a href=\"https:\/\/moncompte.actu.fr\" title=\"D\u00e9couvez Mon Actu\" rel=\"nofollow noopener\" data-trk=\"{&quot;cta&quot;:{&quot;action&quot;:&quot;https:\\\/\\\/moncompte.actu.fr&quot;,&quot;category&quot;:&quot;mon compte&quot;,&quot;from&quot;:&quot;article footer&quot;,&quot;name&quot;:&quot;Mon actu&quot;,&quot;type&quot;:&quot;cta&quot;}}\" target=\"_blank\">Mon Actu<\/a>.<\/p>\n","protected":false},"excerpt":{"rendered":"Par Margot Nicod\u00e8me Publi\u00e9 le 10 sept. 2025 \u00e0 17h33 Le mouvement de ce mercredi 10 septembre 2025,&hellip;\n","protected":false},"author":2,"featured_media":380657,"comment_status":"","ping_status":"","sticky":false,"template":"","format":"standard","meta":{"footnotes":""},"categories":[2815],"tags":[1111,11,47212,1777,674,1011,27,811,1307,50957,12,25,104],"class_list":{"0":"post-380656","1":"post","2":"type-post","3":"status-publish","4":"format-standard","5":"has-post-thumbnail","7":"category-lille","8":"tag-actu","9":"tag-actualites","10":"tag-bloquons-tout","11":"tag-eu","12":"tag-europe","13":"tag-fr","14":"tag-france","15":"tag-hauts-de-france","16":"tag-lille","17":"tag-mouvement-du-10-septembre","18":"tag-news","19":"tag-republique-francaise","20":"tag-societe"},"share_on_mastodon":{"url":"https:\/\/pubeurope.com\/@fr\/115180935025860637","error":""},"_links":{"self":[{"href":"https:\/\/www.europesays.com\/fr\/wp-json\/wp\/v2\/posts\/380656","targetHints":{"allow":["GET"]}}],"collection":[{"href":"https:\/\/www.europesays.com\/fr\/wp-json\/wp\/v2\/posts"}],"about":[{"href":"https:\/\/www.europesays.com\/fr\/wp-json\/wp\/v2\/types\/post"}],"author":[{"embeddable":true,"href":"https:\/\/www.europesays.com\/fr\/wp-json\/wp\/v2\/users\/2"}],"replies":[{"embeddable":true,"href":"https:\/\/www.europesays.com\/fr\/wp-json\/wp\/v2\/comments?post=380656"}],"version-history":[{"count":0,"href":"https:\/\/www.europesays.com\/fr\/wp-json\/wp\/v2\/posts\/380656\/revisions"}],"wp:featuredmedia":[{"embeddable":true,"href":"https:\/\/www.europesays.com\/fr\/wp-json\/wp\/v2\/media\/380657"}],"wp:attachment":[{"href":"https:\/\/www.europesays.com\/fr\/wp-json\/wp\/v2\/media?parent=380656"}],"wp:term":[{"taxonomy":"category","embeddable":true,"href":"https:\/\/www.europesays.com\/fr\/wp-json\/wp\/v2\/categories?post=380656"},{"taxonomy":"post_tag","embeddable":true,"href":"https:\/\/www.europesays.com\/fr\/wp-json\/wp\/v2\/tags?post=380656"}],"curies":[{"name":"wp","href":"https:\/\/api.w.org\/{rel}","templated":true}]}}