{"id":380661,"date":"2025-09-10T16:27:25","date_gmt":"2025-09-10T16:27:25","guid":{"rendered":"https:\/\/www.europesays.com\/fr\/380661\/"},"modified":"2025-09-10T16:27:25","modified_gmt":"2025-09-10T16:27:25","slug":"les-evenements-a-ne-pas-rater-en-cette-rentree-2025","status":"publish","type":"post","link":"https:\/\/www.europesays.com\/fr\/380661\/","title":{"rendered":"les \u00e9v\u00e9nements \u00e0 ne pas rater en cette rentr\u00e9e 2025"},"content":{"rendered":"<p>\t\t\t\t\t\t\t\t\u00a0<img data-recalc-dims=\"1\" fetchpriority=\"high\" decoding=\"async\" class=\"alignnone size-medium wp-image-135793\" src=\"https:\/\/www.europesays.com\/fr\/wp-content\/uploads\/2025\/09\/499141996_10160522872361213_1073844037725864236_n.jpg\" alt=\"\" width=\"800\" height=\"533\"  \/><\/p>\n<p>La rentr\u00e9e, ce n\u2019est pas seulement les cartables neufs, les stylos quatre couleurs et les agendas qui sentent encore le plastique. C\u2019est aussi LE moment o\u00f9 les cerveaux bouillonnent de nouvelles id\u00e9es et o\u00f9 les agendas se remplissent de rendez-vous business. Et \u00e0 Lyon, autant dire qu\u2019on est g\u00e2t\u00e9s : conf\u00e9rences, salons, forums\u2026 de quoi muscler votre projet entrepreneurial, booster votre r\u00e9seau ou simplement trouver l\u2019inspiration.<\/p>\n<p data-start=\"704\" data-end=\"911\">On vous a donc pr\u00e9par\u00e9 une petite s\u00e9lection de <strong>5 \u00e9v\u00e9nements \u00e0 ne pas manquer en septembre et octobre 2025<\/strong>. Sortez vos cartes de visite (ou vos QR codes LinkedIn, soyons modernes), \u00e7a va r\u00e9seauter sec.<\/p>\n<p>La Rencontre des Entrepreneurs : \u00c7a Match !, le mardi 16 septembre 2025 \u00e0 la Sucri\u00e8re (Lyon 2)<\/p>\n<p><img loading=\"lazy\" data-recalc-dims=\"1\" decoding=\"async\" class=\"alignnone size-medium wp-image-135796\" src=\"https:\/\/www.europesays.com\/fr\/wp-content\/uploads\/2025\/09\/493914334_1084052350414062_87497150438643775_n.png\" alt=\"\" width=\"800\" height=\"267\"  \/><\/p>\n<p data-start=\"1551\" data-end=\"1872\"><strong>Cet \u00e9v\u00e9nement organis\u00e9 par le Medef Lyon \u00a0porte bien son nom<\/strong> : conf\u00e9rences inspirantes, ateliers, d\u00e9bats\u2026 et surtout beaucoup de rencontres. Ici, \u00e7a \u201cmatche\u201d entre dirigeants, politiques, experts et cr\u00e9ateurs d\u2019entreprises. Bref, une journ\u00e9e pour prendre un shoot d\u2019\u00e9nergie entrepreneuriale et repartir avec un carnet de contacts gonfl\u00e9 \u00e0 bloc.<br \/><a href=\"https:\/\/www.larencontredesentrepreneurslyon.fr\" target=\"_blank\" rel=\"noopener nofollow\">Plus d\u2019infos<\/a><\/p>\n<p>GO Entrepreneurs Lyon, le jeudi 25 septembre 2025 \u00e0 la Sucri\u00e8re (Lyon 2)<\/p>\n<p><img loading=\"lazy\" data-recalc-dims=\"1\" decoding=\"async\" class=\"alignnone size-medium wp-image-135792\" src=\"https:\/\/www.europesays.com\/fr\/wp-content\/uploads\/2025\/09\/485900274_1059854749506893_3022477111974631426_n-e1757497718920-800x517.jpg\" alt=\"\" width=\"800\" height=\"517\"  \/><\/p>\n<p data-start=\"996\" data-end=\"1431\"><strong>C\u2019est LE mastodonte de la rentr\u00e9e.<\/strong> Anciennement le \u201cSalon des Entrepreneurs\u201d, GO Entrepreneurs rassemble chaque ann\u00e9e des milliers de porteurs de projets et de dirigeants. Au menu : plus de 120 conf\u00e9rences, des ateliers hyper concrets (financement, outils num\u00e9riques, branding, etc.) et un espace networking o\u00f9 vous avez plus de chances de croiser votre futur associ\u00e9 qu\u2019en discutant \u00e0 la machine \u00e0 caf\u00e9.<br data-start=\"1400\" data-end=\"1403\"\/>\ud83d\udc49 Bonus : c\u2019est gratuit !<br \/><a href=\"https:\/\/origin.go-entrepreneurs.com\/fr\/\" target=\"_blank\" rel=\"noopener nofollow\">Plus d\u2019infos<\/a><\/p>\n<p>Les ateliers et permanences LYVE<\/p>\n<p><img data-recalc-dims=\"1\" loading=\"lazy\" decoding=\"async\" class=\"alignnone size-medium wp-image-135803\" src=\"https:\/\/www.europesays.com\/fr\/wp-content\/uploads\/2025\/09\/agenda-Lyve.png\" alt=\"\" width=\"800\" height=\"623\"  \/><\/p>\n<p><strong>LYVE, c\u2019est la programmation d\u2019accompagnement de la M\u00e9tropole de Lyon<\/strong> \u00e0 destination des entrepreneurs et des porteurs de projets. Mais c\u2019est aussi 4 p\u00f4les avec espace de coworking accueillant de nombreux ateliers et des permanences (avocat, comptable, etc\u2026). Et en cette rentr\u00e9e, le programme est charg\u00e9 ! Vous pouvez participer par exemple \u00e0 un atelier \u00ab\u00a0Tester son projet\u00a0\u00bb ou \u00ab\u00a0G\u00e9rer son budget comme jamais\u00a0\u00bb ou encore \u00ab\u00a0D\u00e9finir sa strat\u00e9gie de communication\u00a0\u00bb. <strong>Rejoindre le programme LYVE est GRATUIT<\/strong>, mais vous pouvez aussi vous inscrire \u00e0 des programmes d\u2019accompagnement plus pouss\u00e9 et b\u00e9n\u00e9ficier de nombreux autres services.<br \/><a href=\"https:\/\/www.instagram.com\/p\/DODOt7NExrT\/?img_index=1\" target=\"_blank\" rel=\"noopener nofollow\">Voir la programmation des ateliers de septembre sur leur compte Instagram\u00a0<\/a><br \/><a href=\"https:\/\/lyve-lyon.com\/home\" target=\"_blank\" rel=\"noopener nofollow\">En savoir plus sur Lyve<\/a><\/p>\n<p>SIDO Lyon, les mercredi 16 et jeudi 17 septembre 2025 \u00e0 la Cit\u00e9 Internationale de Lyon (Lyon 6)<\/p>\n<p><img data-recalc-dims=\"1\" loading=\"lazy\" decoding=\"async\" class=\"alignnone size-full wp-image-135797\" src=\"https:\/\/www.europesays.com\/fr\/wp-content\/uploads\/2025\/09\/SIDO_logo_0.png\" alt=\"\" width=\"600\" height=\"240\"  \/><\/p>\n<p data-start=\"1950\" data-end=\"2239\"><strong>Si vos yeux brillent \u00e0 la mention de \u201cIoT\u201d, \u201cIA\u201d, \u201crobotique\u201d ou \u201cXR\u201d, ce salon est fait pour vous.<\/strong> Le SIDO, c\u2019est deux jours pour plonger dans les technologies qui transforment d\u00e9j\u00e0 le quotidien des entreprises (et accessoirement pour croiser les geeks les mieux habill\u00e9s de la r\u00e9gion).<br \/><a href=\"https:\/\/www.sido-lyon.com\" target=\"_blank\" rel=\"noopener nofollow\">Plus d\u2019infos<\/a><\/p>\n<p>WorldMBE, du 17 au 19 octobre 2025 au Campus Centrale Lyon (Ecully)<\/p>\n<p><img data-recalc-dims=\"1\" loading=\"lazy\" decoding=\"async\" class=\"alignnone size-medium wp-image-135799\" src=\"https:\/\/www.europesays.com\/fr\/wp-content\/uploads\/2025\/09\/465466263_870560995222974_7310836896284253825_n.png\" alt=\"\" width=\"800\" height=\"316\"  \/><\/p>\n<p data-start=\"2579\" data-end=\"2652\"><strong>\u00a0Cette ann\u00e9e, la Conf\u00e9rence Mondiale en Management, Business &amp; \u00c9conomie se tiendra \u00e0 Lyon<\/strong>. Alors, certes, il faut comprendre l\u2019anglais, mais \u00e7a s\u2019annonce passionnant. C\u2019est une conf\u00e9rence internationale avec chercheurs, experts et publications acad\u00e9miques. Ici, on cause strat\u00e9gie, \u00e9conomie, business models\u2026 mais en mode global. Parfait pour briller lors de vos prochaines r\u00e9unions d\u2019\u00e9quipe en sortant des phrases du type : \u201cselon une \u00e9tude publi\u00e9e dans les actes de la WorldMBE\u2026\u201d.<br \/><a href=\"https:\/\/brownwalker.com\/event\/\" target=\"_blank\" rel=\"noopener nofollow\">Plus d\u2019infos<\/a><\/p>\n<p>\u00a0<\/p>\n<p>Rendez-vous Carnot, du 17 au 19 octobre 2025 au Palais des Congr\u00e8s (Lyon 6)<\/p>\n<p data-start=\"3077\" data-end=\"3125\"><img data-recalc-dims=\"1\" loading=\"lazy\" decoding=\"async\" class=\"alignnone size-full wp-image-135802\" src=\"https:\/\/www.europesays.com\/fr\/wp-content\/uploads\/2025\/09\/67e552226a50c47dbfeec592_OG_RDV_Carnot_2025.png\" alt=\"\" width=\"600\" height=\"315\"  \/><\/p>\n<p data-start=\"3127\" data-end=\"3443\">Vous avez une id\u00e9e g\u00e9niale mais il vous manque des partenaires R&amp;D ? Direction les Rendez-vous Carnot. Ici, les pros de la recherche et de l\u2019innovation rencontrent les entreprises pour donner vie \u00e0 des projets concrets. En gros : le Tinder de l\u2019innovation (sans les swipes, mais avec beaucoup plus de PowerPoints).<\/p>\n<p>\u00a0<\/p>\n<p>\n\tCes articles pourraient vous plaire, non ?\n<\/p>\n<p>\t\t\t\t\t\t\tNe rate plus aucun de nos bons plans sorties \u00e0 Lyon  Abonne-toi \u00e0 notre newsletter et re\u00e7ois, tous les vendredis midi, dans ta boite mail nos bons plans du week-end et nos derniers coups de coeur en mati\u00e8re de bars, caf\u00e9s et restos. <br \/>\ud83d\udc49\ud83c\udffb <b><a href=\"https:\/\/dashboard.mailerlite.com\/forms\/354999\/83421925757421043\/share\" rel=\"nofollow noopener\" target=\"_blank\">Inscris-toi, c&rsquo;est GRATUIT !<\/a><\/b><\/p>\n<p><script async src=\"\/\/www.instagram.com\/embed.js\"><\/script><\/p>\n","protected":false},"excerpt":{"rendered":"\u00a0 La rentr\u00e9e, ce n\u2019est pas seulement les cartables neufs, les stylos quatre couleurs et les agendas qui&hellip;\n","protected":false},"author":2,"featured_media":380662,"comment_status":"","ping_status":"","sticky":false,"template":"","format":"standard","meta":{"footnotes":""},"categories":[1889],"tags":[1111,11,2430,1777,674,1011,27,2428,12,25],"class_list":{"0":"post-380661","1":"post","2":"type-post","3":"status-publish","4":"format-standard","5":"has-post-thumbnail","7":"category-lyon","8":"tag-actu","9":"tag-actualites","10":"tag-auvergne-rhone-alpes","11":"tag-eu","12":"tag-europe","13":"tag-fr","14":"tag-france","15":"tag-lyon","16":"tag-news","17":"tag-republique-francaise"},"share_on_mastodon":{"url":"https:\/\/pubeurope.com\/@fr\/115180945851142333","error":""},"_links":{"self":[{"href":"https:\/\/www.europesays.com\/fr\/wp-json\/wp\/v2\/posts\/380661","targetHints":{"allow":["GET"]}}],"collection":[{"href":"https:\/\/www.europesays.com\/fr\/wp-json\/wp\/v2\/posts"}],"about":[{"href":"https:\/\/www.europesays.com\/fr\/wp-json\/wp\/v2\/types\/post"}],"author":[{"embeddable":true,"href":"https:\/\/www.europesays.com\/fr\/wp-json\/wp\/v2\/users\/2"}],"replies":[{"embeddable":true,"href":"https:\/\/www.europesays.com\/fr\/wp-json\/wp\/v2\/comments?post=380661"}],"version-history":[{"count":0,"href":"https:\/\/www.europesays.com\/fr\/wp-json\/wp\/v2\/posts\/380661\/revisions"}],"wp:featuredmedia":[{"embeddable":true,"href":"https:\/\/www.europesays.com\/fr\/wp-json\/wp\/v2\/media\/380662"}],"wp:attachment":[{"href":"https:\/\/www.europesays.com\/fr\/wp-json\/wp\/v2\/media?parent=380661"}],"wp:term":[{"taxonomy":"category","embeddable":true,"href":"https:\/\/www.europesays.com\/fr\/wp-json\/wp\/v2\/categories?post=380661"},{"taxonomy":"post_tag","embeddable":true,"href":"https:\/\/www.europesays.com\/fr\/wp-json\/wp\/v2\/tags?post=380661"}],"curies":[{"name":"wp","href":"https:\/\/api.w.org\/{rel}","templated":true}]}}