{"id":380665,"date":"2025-09-10T16:30:15","date_gmt":"2025-09-10T16:30:15","guid":{"rendered":"https:\/\/www.europesays.com\/fr\/380665\/"},"modified":"2025-09-10T16:30:15","modified_gmt":"2025-09-10T16:30:15","slug":"coupe-de-france-quels-clubs-du-beaujolais-val-de-saone-sont-au-3e-tour","status":"publish","type":"post","link":"https:\/\/www.europesays.com\/fr\/380665\/","title":{"rendered":"Coupe de France :\u00a0quels clubs du Beaujolais Val de Sa\u00f4ne sont au 3e tour ?"},"content":{"rendered":"<p><img loading=\"lazy\" decoding=\"async\" alt=\"\u00a9 Facebook FC Chazay-d'Azergues - Les joueurs de Chazay-d'Azergues apr\u00e8s leur victoire au 2e tour de la Coupe de France.\" data-zoom-src=\"https:\/\/www.europesays.com\/fr\/wp-content\/uploads\/2025\/09\/initial-chazay-d-azergues-coupe-de-france.jpg\" data-zoomable=\"\" height=\"702\" src=\"https:\/\/www.europesays.com\/fr\/wp-content\/uploads\/2025\/09\/initial-chazay-d-azergues-coupe-de-france.jpg\" width=\"1248\"\/>  <\/p>\n<p class=\"article-desc\">\u00a9 Facebook FC Chazay-d&rsquo;Azergues &#8211; Les joueurs de Chazay-d&rsquo;Azergues apr\u00e8s leur victoire au 2e tour de la Coupe de France. <\/p>\n<p>Apr\u00e8s le <strong>2e tour de Coupe de France<\/strong>, qui a vu plusieurs \u00e9curies du <strong>Beaujolais Val de Sa\u00f4ne <\/strong>passer \u00e0 la trappe (lire encadr\u00e9), ils ne sont plus qu&rsquo;une poign\u00e9e \u00e0 poursuivre leur parcours dont le 3e tour se d\u00e9roule ce week-end de samedi 13 et dimanche 14 septembre. Parmi les qualifi\u00e9s, on retrouve notamment <strong>Gu\u00e9reins<\/strong>. Comme en 2024, les Aindinois sont bien partis pour faire vibrer leurs supporters en <strong>Coupe de France<\/strong>. C&rsquo;est contre le CVL 38 FC, une \u00e9quipe de D3 d&rsquo;Is\u00e8re, qu&rsquo;ils tenteront de se qualifier pour le tour suivant. <\/p>\n<\/p>\n<p>\u00c0 Chessy-les-Mines, <strong>Sud Azergues Football<\/strong> recevra l&rsquo;<strong>Olympique Salaise Rhodia<\/strong>, dimanche \u00e0 14 h 30. Ce n&rsquo;est pas la seule \u00e9quipe des Pierres dor\u00e9es. <strong>Chazay-d&rsquo;Azergues<\/strong> aura fort \u00e0 faire face \u00e0 l&rsquo;US Feurs, pensionnaire de National 3 (dimanche \u00e0 14 h 30 \u00e0 Chazay-d&rsquo;Azergues). <\/p>\n<p>Le <strong>Stade Amplepuisien<\/strong> (R2) se d\u00e9placera dans la Loire, soit \u00e0 l&rsquo;<strong>US Saint-Galmier Chambeouf Sports<\/strong>, soit au <strong>FC Bonson\/Saint-Cyprien<\/strong>, le pr\u00e9c\u00e9dent match entre les deux \u00e9quipes ayant \u00e9t\u00e9 arr\u00eat\u00e9. <strong>Saint-Forgeux<\/strong> jouera \u00e0 <strong>Saint-Martin-en-Haut <\/strong>(samedi, 18 h). <strong>Mis\u00e9rieux-Tr\u00e9voux<\/strong> devra aussi chercher sa qualification \u00e0 l&rsquo;ext\u00e9rieur, en l&rsquo;occurrence sur le terrain de l&rsquo;<strong>US Feillens<\/strong>. <\/p>\n<p>Les 30 et 31 ao\u00fbt, Liergues, Belleroche, l&rsquo;Entente SV Sa\u00f4ne, FC Pontcharra, FC Mont Brouilly, Ouroux Grosne, les deux clubs de Tarare ou encore Gleiz\u00e9 ont \u00e9t\u00e9 \u00e9limin\u00e9s. <\/p>\n","protected":false},"excerpt":{"rendered":"\u00a9 Facebook FC Chazay-d&rsquo;Azergues &#8211; Les joueurs de Chazay-d&rsquo;Azergues apr\u00e8s leur victoire au 2e tour de la Coupe&hellip;\n","protected":false},"author":2,"featured_media":380666,"comment_status":"","ping_status":"","sticky":false,"template":"","format":"standard","meta":{"footnotes":""},"categories":[1592],"tags":[1111,11,83,1777,674,1011,27,662,12,626,25],"class_list":{"0":"post-380665","1":"post","2":"type-post","3":"status-publish","4":"format-standard","5":"has-post-thumbnail","7":"category-ile-de-france","8":"tag-actu","9":"tag-actualites","10":"tag-coupe-de-france","11":"tag-eu","12":"tag-europe","13":"tag-fr","14":"tag-france","15":"tag-ile-de-france","16":"tag-news","17":"tag-paris","18":"tag-republique-francaise"},"share_on_mastodon":{"url":"https:\/\/pubeurope.com\/@fr\/115180957468346193","error":""},"_links":{"self":[{"href":"https:\/\/www.europesays.com\/fr\/wp-json\/wp\/v2\/posts\/380665","targetHints":{"allow":["GET"]}}],"collection":[{"href":"https:\/\/www.europesays.com\/fr\/wp-json\/wp\/v2\/posts"}],"about":[{"href":"https:\/\/www.europesays.com\/fr\/wp-json\/wp\/v2\/types\/post"}],"author":[{"embeddable":true,"href":"https:\/\/www.europesays.com\/fr\/wp-json\/wp\/v2\/users\/2"}],"replies":[{"embeddable":true,"href":"https:\/\/www.europesays.com\/fr\/wp-json\/wp\/v2\/comments?post=380665"}],"version-history":[{"count":0,"href":"https:\/\/www.europesays.com\/fr\/wp-json\/wp\/v2\/posts\/380665\/revisions"}],"wp:featuredmedia":[{"embeddable":true,"href":"https:\/\/www.europesays.com\/fr\/wp-json\/wp\/v2\/media\/380666"}],"wp:attachment":[{"href":"https:\/\/www.europesays.com\/fr\/wp-json\/wp\/v2\/media?parent=380665"}],"wp:term":[{"taxonomy":"category","embeddable":true,"href":"https:\/\/www.europesays.com\/fr\/wp-json\/wp\/v2\/categories?post=380665"},{"taxonomy":"post_tag","embeddable":true,"href":"https:\/\/www.europesays.com\/fr\/wp-json\/wp\/v2\/tags?post=380665"}],"curies":[{"name":"wp","href":"https:\/\/api.w.org\/{rel}","templated":true}]}}