{"id":380667,"date":"2025-09-10T16:31:10","date_gmt":"2025-09-10T16:31:10","guid":{"rendered":"https:\/\/www.europesays.com\/fr\/380667\/"},"modified":"2025-09-10T16:31:10","modified_gmt":"2025-09-10T16:31:10","slug":"qui-est-andre-varignon-le-nouveau-directeur-de-la-prison-de-la-sante","status":"publish","type":"post","link":"https:\/\/www.europesays.com\/fr\/380667\/","title":{"rendered":"qui est Andr\u00e9 Varignon, le nouveau directeur de la prison de la Sant\u00e9\u00a0?"},"content":{"rendered":"<p>            Par<br \/>\n        <strong><br \/>\n            <a href=\"https:\/\/actu.fr\/auteur\/antoine-blanchet\" title=\"Consulter tous les articles de Antoine Blanchet\" target=\"_blank\" rel=\"noopener\">Antoine Blanchet<\/a><br \/>\n        <\/strong><\/p>\n<p>        Publi\u00e9 le<\/p>\n<p>            10 sept. 2025 \u00e0 18h04        <\/p>\n<p>Un nouveau directeur pour la seule prison de <a href=\"https:\/\/actu.fr\/paris\/\" target=\"_blank\" rel=\"noopener\">Paris<\/a>. Ce mardi 9 septembre 2025 s\u2019est tenue \u00e0 la <a href=\"https:\/\/actu.fr\/ile-de-france\/paris_75056\/la-nuit-c-est-complique-comment-la-prison-de-la-sante-a-paris-gere-t-elle-les-vagues-de-fortes-chaleurs_62964454.html\" target=\"_blank\" rel=\"noopener\">prison de la Sant\u00e9<\/a> l\u2019installation <strong>d\u2019Andr\u00e9 Varignon<\/strong>. \u00c2g\u00e9 de 61 ans, il est d\u00e9sormais \u00e0 la t\u00eate de l\u2019\u00e9tablissement p\u00e9nitentiaire. Il a \u00e9t\u00e9 nomm\u00e9 le 1er septembre dernier par d\u00e9cret.<\/p>\n<p>Sous-direceur \u00e0 la Sant\u00e9 entre 1992 et 1999\u00a0<\/p>\n<p class=\" wall-content\">Andr\u00e9 Varignon arrive en terrain connu, ou presque. Entre 1992 et 1999, Andr\u00e9 Varignon a d\u00e9j\u00e0 \u00e9t\u00e9 <strong>sous-directeur de la maison d\u2019arr\u00eat<\/strong> de la Sant\u00e9. \u00c0 l\u2019\u00e9poque, le b\u00e2timent construit en 1867 avait gard\u00e9 son ancienne architecture. Depuis les ann\u00e9es 90, l\u2019\u00e9tablissement p\u00e9nitentiaire a \u00e9t\u00e9 enti\u00e8rement r\u00e9nov\u00e9 entre 2015 et 2019.<\/p>\n<p class=\" wall-content\">Entre son d\u00e9part puis retour \u00e0 la Sant\u00e9, le grad\u00e9 de la p\u00e9nitentiaire a dirig\u00e9 plusieurs \u00e9tablissements en France. Entre 2010 et 2014, il est <a href=\"https:\/\/actu.fr\/bretagne\/lorient_56121\" target=\"_blank\" rel=\"noopener\">\u00e0 la t\u00eate de la prison de Lorient<\/a>. De 2014 \u00e0 2016, il dirige l\u2019\u00e9tablissement de Mont-de-Marsan. Jusqu\u2019en 2021, il est ensuite nomm\u00e9 directeur de la prison de <a href=\"https:\/\/actu.fr\/bordeaux\/\" target=\"_blank\" rel=\"noopener\">Bordeaux-Draguignan<\/a>. Ces quatre derni\u00e8res ann\u00e9es, il exer\u00e7ait au sein de la <strong>direction interr\u00e9gionale des services p\u00e9nitentiaires<\/strong> de Dijon. C\u2019est \u00e0 ce dernier poste qu\u2019il a notamment cr\u00e9\u00e9 une \u00e9quipe sp\u00e9cialis\u00e9e pour la lutte contre les violences.\u00a0<\/p>\n<p>G\u00e9rer la surpopulation\u00a0<\/p>\n<p class=\" wall-content\">Parmi les nombreux d\u00e9fis que va devoir g\u00e9rer le nouveau directeur, celui de <a href=\"https:\/\/actu.fr\/ile-de-france\/nanterre_92050\/surpopulation-carcerale-le-cri-d-alarme-historique-des-avocats-d-ile-de-france-a-l-approche-des-jo_60940098.html\" target=\"_blank\" rel=\"noopener\">la surpopulation<\/a> est l\u2019un des plus importants. L\u2019\u00e9tablissement de <strong>707 places<\/strong> souffre en effet d\u2019une forte suroccupation. En juillet dernier, <strong>il y avait 109 matelas au sol<\/strong>. \u00ab\u00a0Le quartier maison d\u2019arr\u00eat est suroccup\u00e9 \u00e0 147\u2009%\u00a0\u00bb, a affirm\u00e9 <strong>St\u00e9phane Scotto<\/strong>, directeur interr\u00e9gional des services p\u00e9nitentiaires d\u2019\u00cele-de-France, dans son \u00e9locution ce mardi 9 septembre.\u00a0<\/p>\n<p class=\" wall-content\">Autre point d\u2019attention pour le nouveau directeur : la surveillance des d\u00e9tenus \u00e0 risque. Entre les murs de la prison, des membres haut plac\u00e9s de la criminalit\u00e9 organis\u00e9e sont enferm\u00e9s. Depuis <a href=\"https:\/\/actu.fr\/societe\/fuite-de-mohamed-amra-ce-qu-on-reproche-a-oltjon-o-complice-presume-que-la-france-vient-de-liberer_63125422.html\" target=\"_blank\" rel=\"noopener\">l\u2019\u00e9vasion de Mohammed Amra<\/a> au p\u00e9age d\u2019Incarville en mai 2024, la s\u00e9curit\u00e9 des agents p\u00e9nitentiaires est devenu un enjeu crucial.\u00a0<\/p>\n<p class=\" wall-content\">Personnalisez votre actualit\u00e9 en ajoutant vos villes et m\u00e9dias en favori avec <a href=\"https:\/\/moncompte.actu.fr\" title=\"D\u00e9couvez Mon Actu\" rel=\"nofollow noopener\" data-trk=\"{&quot;cta&quot;:{&quot;action&quot;:&quot;https:\\\/\\\/moncompte.actu.fr&quot;,&quot;category&quot;:&quot;mon compte&quot;,&quot;from&quot;:&quot;article footer&quot;,&quot;name&quot;:&quot;Mon actu&quot;,&quot;type&quot;:&quot;cta&quot;}}\" target=\"_blank\">Mon Actu<\/a>.<\/p>\n","protected":false},"excerpt":{"rendered":"Par Antoine Blanchet Publi\u00e9 le 10 sept. 2025 \u00e0 18h04 Un nouveau directeur pour la seule prison de&hellip;\n","protected":false},"author":2,"featured_media":380668,"comment_status":"","ping_status":"","sticky":false,"template":"","format":"standard","meta":{"footnotes":""},"categories":[1888],"tags":[1111,1928,11,1927,1777,674,118,1011,27,12,1926,626,1925,899,25],"class_list":{"0":"post-380667","1":"post","2":"type-post","3":"status-publish","4":"format-standard","5":"has-post-thumbnail","7":"category-paris","8":"tag-actu","9":"tag-actu-paris","10":"tag-actualites","11":"tag-actualites-paris","12":"tag-eu","13":"tag-europe","14":"tag-faits-divers","15":"tag-fr","16":"tag-france","17":"tag-news","18":"tag-news-paris","19":"tag-paris","20":"tag-paris-news","21":"tag-prisons","22":"tag-republique-francaise"},"share_on_mastodon":{"url":"https:\/\/pubeurope.com\/@fr\/115180960719252618","error":""},"_links":{"self":[{"href":"https:\/\/www.europesays.com\/fr\/wp-json\/wp\/v2\/posts\/380667","targetHints":{"allow":["GET"]}}],"collection":[{"href":"https:\/\/www.europesays.com\/fr\/wp-json\/wp\/v2\/posts"}],"about":[{"href":"https:\/\/www.europesays.com\/fr\/wp-json\/wp\/v2\/types\/post"}],"author":[{"embeddable":true,"href":"https:\/\/www.europesays.com\/fr\/wp-json\/wp\/v2\/users\/2"}],"replies":[{"embeddable":true,"href":"https:\/\/www.europesays.com\/fr\/wp-json\/wp\/v2\/comments?post=380667"}],"version-history":[{"count":0,"href":"https:\/\/www.europesays.com\/fr\/wp-json\/wp\/v2\/posts\/380667\/revisions"}],"wp:featuredmedia":[{"embeddable":true,"href":"https:\/\/www.europesays.com\/fr\/wp-json\/wp\/v2\/media\/380668"}],"wp:attachment":[{"href":"https:\/\/www.europesays.com\/fr\/wp-json\/wp\/v2\/media?parent=380667"}],"wp:term":[{"taxonomy":"category","embeddable":true,"href":"https:\/\/www.europesays.com\/fr\/wp-json\/wp\/v2\/categories?post=380667"},{"taxonomy":"post_tag","embeddable":true,"href":"https:\/\/www.europesays.com\/fr\/wp-json\/wp\/v2\/tags?post=380667"}],"curies":[{"name":"wp","href":"https:\/\/api.w.org\/{rel}","templated":true}]}}