{"id":380675,"date":"2025-09-10T16:35:16","date_gmt":"2025-09-10T16:35:16","guid":{"rendered":"https:\/\/www.europesays.com\/fr\/380675\/"},"modified":"2025-09-10T16:35:16","modified_gmt":"2025-09-10T16:35:16","slug":"aujourdhui-dans-24h-pujadas-international-la-russie-attaque-la-pologne-zelensky","status":"publish","type":"post","link":"https:\/\/www.europesays.com\/fr\/380675\/","title":{"rendered":"Aujourd&rsquo;hui dans 24H Pujadas : International &#8211; \u201cLa Russie attaque la Pologne\u201d (Zelensky)"},"content":{"rendered":"<ul class=\"jsx-862013697 ArticleChapo__List\">\n<li class=\"jsx-862013697 ArticleChapo__List_Item flex\">REPLAY 24H : Au sommaire du mercredi 10 septembre 2025 : International &#8211; \u201cLa Russie attaque la Pologne\u201d (Zelensky). Manifestation -\u00ab\u00a0Bloquons tout\u00a0\u00bb : au moins 327 interpellations. Politique &#8211; \u201cOn va y arriver, il va falloir changer\u201d (S.Lecornu)<\/li>\n<\/ul>\n<p data-module=\"article-paragraph\" class=\"jsx-3046738180 Paragraph\"><strong>Le Club :\u00a0<\/strong><\/p>\n<p data-module=\"article-paragraph\" class=\"jsx-3046738180 Paragraph\">Jean-Claude Beaujour &#8211; Avocat, pr\u00e9sident du Forum Transatlantique<\/p>\n<p data-module=\"article-paragraph\" class=\"jsx-3046738180 Paragraph\">Fran\u00e7ois Heisbourg &#8211; Conseiller \u00e0 la Fondation pour la recherche strat\u00e9gique<\/p>\n<p data-module=\"article-paragraph\" class=\"jsx-3046738180 Paragraph\">Isabelle Lasserre &#8211; Journaliste sp\u00e9cialiste des questions diplomatiques pour Le Figaro<\/p>\n<p data-module=\"article-paragraph\" class=\"jsx-3046738180 Paragraph\">Dominique Mo\u00efsi &#8211; Conseiller sp\u00e9cial \u00e0 l&rsquo;Institut Montaigne<\/p>\n<p data-module=\"article-paragraph\" class=\"jsx-3046738180 Paragraph\">Ruth Elkrief &#8211; \u00c9ditorialiste politique LCI<\/p>\n<p data-module=\"article-paragraph\" class=\"jsx-3046738180 Paragraph\">Pascal Perri &#8211; \u00c9ditorialiste \u00e9conomique TF1\/LCI\u00a0<\/p>\n<p data-module=\"article-paragraph\" class=\"jsx-3046738180 Paragraph\">Richard Ramos &#8211; Secr\u00e9taire g\u00e9n\u00e9ral adjoint du Modem et d\u00e9put\u00e9 du Loiret<\/p>\n<p data-module=\"article-paragraph\" class=\"jsx-3046738180 Paragraph\">L\u00e9onard Attal- Journaliste politique LCI<\/p>\n<p data-module=\"article-paragraph\" class=\"jsx-3046738180 Paragraph Paragraph__End\">Robert M\u00e9nard &#8211; Maire de B\u00e9ziers<\/p>\n<p>Marie Lourdes HERMEZ<\/p>\n","protected":false},"excerpt":{"rendered":"REPLAY 24H : Au sommaire du mercredi 10 septembre 2025 : International &#8211; \u201cLa Russie attaque la Pologne\u201d&hellip;\n","protected":false},"author":2,"featured_media":13041,"comment_status":"","ping_status":"","sticky":false,"template":"","format":"standard","meta":{"footnotes":""},"categories":[1591],"tags":[1111,5926,11,5925,1887,27,1922,14,12,1885,1886,132],"class_list":{"0":"post-380675","1":"post","2":"type-post","3":"status-publish","4":"format-standard","5":"has-post-thumbnail","7":"category-russie","8":"tag-actu","9":"tag-actualite-international","10":"tag-actualites","11":"tag-conflits-et-guerre","12":"tag-federation-de-russie","13":"tag-france","14":"tag-info","15":"tag-international","16":"tag-news","17":"tag-russia","18":"tag-russian-federation","19":"tag-russie"},"share_on_mastodon":{"url":"https:\/\/pubeurope.com\/@fr\/115180976456053550","error":""},"_links":{"self":[{"href":"https:\/\/www.europesays.com\/fr\/wp-json\/wp\/v2\/posts\/380675","targetHints":{"allow":["GET"]}}],"collection":[{"href":"https:\/\/www.europesays.com\/fr\/wp-json\/wp\/v2\/posts"}],"about":[{"href":"https:\/\/www.europesays.com\/fr\/wp-json\/wp\/v2\/types\/post"}],"author":[{"embeddable":true,"href":"https:\/\/www.europesays.com\/fr\/wp-json\/wp\/v2\/users\/2"}],"replies":[{"embeddable":true,"href":"https:\/\/www.europesays.com\/fr\/wp-json\/wp\/v2\/comments?post=380675"}],"version-history":[{"count":0,"href":"https:\/\/www.europesays.com\/fr\/wp-json\/wp\/v2\/posts\/380675\/revisions"}],"wp:featuredmedia":[{"embeddable":true,"href":"https:\/\/www.europesays.com\/fr\/wp-json\/wp\/v2\/media\/13041"}],"wp:attachment":[{"href":"https:\/\/www.europesays.com\/fr\/wp-json\/wp\/v2\/media?parent=380675"}],"wp:term":[{"taxonomy":"category","embeddable":true,"href":"https:\/\/www.europesays.com\/fr\/wp-json\/wp\/v2\/categories?post=380675"},{"taxonomy":"post_tag","embeddable":true,"href":"https:\/\/www.europesays.com\/fr\/wp-json\/wp\/v2\/tags?post=380675"}],"curies":[{"name":"wp","href":"https:\/\/api.w.org\/{rel}","templated":true}]}}