{"id":380678,"date":"2025-09-10T16:37:09","date_gmt":"2025-09-10T16:37:09","guid":{"rendered":"https:\/\/www.europesays.com\/fr\/380678\/"},"modified":"2025-09-10T16:37:09","modified_gmt":"2025-09-10T16:37:09","slug":"etats-unis-sous-couvert-de-liberte-dexpression-donald-trump-brandit-la-force-militaire-pour-intimider-lamerique-latine-lhumanite","status":"publish","type":"post","link":"https:\/\/www.europesays.com\/fr\/380678\/","title":{"rendered":"\u00c9tats-Unis : sous couvert de libert\u00e9 d\u2019expression, Donald Trump brandit la force militaire pour intimider l\u2019Am\u00e9rique latine &#8211; L&#039;Humanit\u00e9"},"content":{"rendered":"<ol>\n<li><a href=\"https:\/\/news.google.com\/rss\/articles\/CBMi9wFBVV95cUxPS3Z5LUFZREhIaXRsY2I0WWI2VXdEbjU5R05zSjgwZUpQY192WGIxM2xnX241VUVKenhUeWU3dzgtZHZURU1iUFo5TzZ6eVZsU3c4cVp6cVZWNUJYdTQwYkplZkdBbTVfNm5Va1BFR3dxVUpuTG9keHlSNV9XUE15WHB1TllBSFdjWlRTTXJIdDExYVo4VEJ4WnFzOWcweGU0eXI4WVBQdFJINnQ4eEVzRzdQYWFMaGhmUW8yUlFaU0IyQ09ZZWpTVWZUUWpsdmNhNVB0b2Q3ZGgxTVB0dm9nbjB5QmpickNiVmZ5TV90VmVSa1J2cFZJ?oc=5\" target=\"_blank\" rel=\"noopener\">\u00c9tats-Unis : sous couvert de libert\u00e9 d\u2019expression, Donald Trump brandit la force militaire pour intimider l\u2019Am\u00e9rique latine<\/a>&nbsp;&nbsp;L&rsquo;Humanit\u00e9<\/li>\n<li><a href=\"https:\/\/news.google.com\/rss\/articles\/CBMi4AFBVV95cUxNWDBmYkNNNXd3Wm9kQWpLWHJYQ1YxYkhPeVJaWUh5RHJFaHdCQnZLa1RKU05PYzFFVXlGWjRmandXRVkzMHFWTXdMaVJXRmQ4MnJKeEpvTXJ6LUZMN3lkaU9HQ3RwNmdwQnRqN2RyU0pYSmpQR0dER2tNQ2lHbEp2UFBJWlBLM19tT2EyX0xaUW1FZ0dISi1HTU9fN1BlUXJwTFF3SXl6YnFJSnJmZHJoeUdObTVQRXBwVVVoUlQweVVzeGlKeXlVTnExTlc4emFUajktc2FrZTVPNWpLeTFnWQ?oc=5\" target=\"_blank\" rel=\"noopener\">Ce que l\u2019on sait de la mont\u00e9e de tensions entre les \u00c9tats-Unis et le Venezuela au large des Cara\u00efbes<\/a>&nbsp;&nbsp;Le Figaro<\/li>\n<li><a href=\"https:\/\/news.google.com\/rss\/articles\/CBMisAJBVV95cUxOaXBWaEVPU3FvcG83dnU1bTc0WFZJMWNVb0dkdHVUWUdtUk5qSV8tcXJhYVd1NmxNTkNNLVlxUTVJcHMyaE9rWFZuUklXYzNtT2NMbE4tcHhsME9kV1pTQklmV1BONmtEYjlLOHBKZlMzTzF1bWZTT0t0cG9mNURLX0ZPZnRkbHV2djZzWUNLYmdNUHdENU9XU1BhNHhsQVNLT0pUcURKSXkyTVZXOUJtbVJHQWhJWW0xYlRreWhTc2xGZ1ZTVWRuSEVXOXRELWwtXzRrZ3Bvb1p1WWo2WFp4a0tyb09jeVlOSEZTNV9VaHplWXFjYzVObzVrUm91ckU0di1CV1M5QzR0X0NybFBmY2ZNZGM5cDNCWm51MEJGMkpoSTl0MzBrNkFzR1ZXel81?oc=5\" target=\"_blank\" rel=\"noopener\">Invit\u00e9 international &#8211; Le d\u00e9ploiement am\u00e9ricain dans les Cara\u00efbes sert \u00e0 \u00abfaire passer un message au Venezuela et aux pays d&rsquo;Am\u00e9rique latine\u00bb<\/a>&nbsp;&nbsp;RFI<\/li>\n<li><a href=\"https:\/\/news.google.com\/rss\/articles\/CBMi1AFBVV95cUxPWEdIMl9SdTVvcEtUWHNXWElMSGdva0FFRmFLU0NVVGNxRlE1Z3V3YlJTZzd0a0xPZElTZERQTHh4WHg1NC1xNTRNaUxjREJfLXk4WFlOYmhjOUY2OUp0dzJlUksxMnJ6eEdwLUJoejdMQWpFYlNoMDR3TEZ4bm9rREdDR25FZklVU1dTWnlzT1Y5WURYTzczcGhRbXZjOW15RExMYmlYbUY3bVk3RUlxTjc1TURBNEtOcGp6RUw2X3I3NVpwMUw5YTFwNmFkSzJaN1NSdQ?oc=5\" target=\"_blank\" rel=\"noopener\">Lula d\u00e9nonce la pr\u00e9sence militaire am\u00e9ricaine dans les Cara\u00efbes : \u00ab\u00a0un facteur de tension\u00a0\u00bb<\/a>&nbsp;&nbsp;Outre-mer la 1\u00e8re<\/li>\n<li><a href=\"https:\/\/news.google.com\/rss\/articles\/CBMimgJBVV95cUxNeGZ1bGFZRF9MckFnaFJ0NUV1S01iZTF0eW5wbHNMZGRUVm5zbThublM3TGx2X3gzTlFEbXowaFVycG1pQUU0c0l4LXpDVmFNd2UtZ0hIa0dMcHh2X3pDeHV0ZHFqakFYNDdRTkx1a1lGME5HeF8zOEFFOWNuc2UyaVF6cDlxYkRYQjJERFphMGhRLXV2RDFrLVc0ZHMzbTNsdEpZVWsxcGZCUUd1NTB2MW10bEgwUGtpaGFqREpjbmhoSjdfRTA5MllpcjFGMlFWZUY2cDByNFNNVEszME04cGZ2c0Q3TU5yWVFZX0pRSjZTNlY3LTFRWndFdFp5empUOWxPM0dUQlU1SkZJN0pjaG1JU2otTkZtRVE?oc=5\" target=\"_blank\" rel=\"noopener\">Que se passe-t-il dans les Cara\u00efbes o\u00f9 Donald Trump a d\u00e9ploy\u00e9 des forces militaires am\u00e9ricaines ?<\/a>&nbsp;&nbsp;Ouest-France<\/li>\n<\/ol>\n","protected":false},"excerpt":{"rendered":"\u00c9tats-Unis : sous couvert de libert\u00e9 d\u2019expression, Donald Trump brandit la force militaire pour intimider l\u2019Am\u00e9rique latine&nbsp;&nbsp;L&rsquo;Humanit\u00e9 Ce&hellip;\n","protected":false},"author":2,"featured_media":380679,"comment_status":"","ping_status":"","sticky":false,"template":"","format":"standard","meta":{"footnotes":""},"categories":[1589],"tags":[11,42828,19362,75,73,1866,45093,35977,19363,12,770,1864,1865,1863,308],"class_list":{"0":"post-380678","1":"post","2":"type-post","3":"status-publish","4":"format-standard","5":"has-post-thumbnail","7":"category-etats-unis","8":"tag-actualites","9":"tag-amu00e9rique-latine","10":"tag-bru00e9sil","11":"tag-donald-trump","12":"tag-etats-unis","13":"tag-etats-unis-damerique","14":"tag-impu00e9rialisme","15":"tag-jair-bolsonaro","16":"tag-lula","17":"tag-news","18":"tag-u00e9tats-unis","19":"tag-united-states","20":"tag-united-states-of-america","21":"tag-us","22":"tag-usa"},"share_on_mastodon":{"url":"https:\/\/pubeurope.com\/@fr\/115180984680349156","error":""},"_links":{"self":[{"href":"https:\/\/www.europesays.com\/fr\/wp-json\/wp\/v2\/posts\/380678","targetHints":{"allow":["GET"]}}],"collection":[{"href":"https:\/\/www.europesays.com\/fr\/wp-json\/wp\/v2\/posts"}],"about":[{"href":"https:\/\/www.europesays.com\/fr\/wp-json\/wp\/v2\/types\/post"}],"author":[{"embeddable":true,"href":"https:\/\/www.europesays.com\/fr\/wp-json\/wp\/v2\/users\/2"}],"replies":[{"embeddable":true,"href":"https:\/\/www.europesays.com\/fr\/wp-json\/wp\/v2\/comments?post=380678"}],"version-history":[{"count":0,"href":"https:\/\/www.europesays.com\/fr\/wp-json\/wp\/v2\/posts\/380678\/revisions"}],"wp:featuredmedia":[{"embeddable":true,"href":"https:\/\/www.europesays.com\/fr\/wp-json\/wp\/v2\/media\/380679"}],"wp:attachment":[{"href":"https:\/\/www.europesays.com\/fr\/wp-json\/wp\/v2\/media?parent=380678"}],"wp:term":[{"taxonomy":"category","embeddable":true,"href":"https:\/\/www.europesays.com\/fr\/wp-json\/wp\/v2\/categories?post=380678"},{"taxonomy":"post_tag","embeddable":true,"href":"https:\/\/www.europesays.com\/fr\/wp-json\/wp\/v2\/tags?post=380678"}],"curies":[{"name":"wp","href":"https:\/\/api.w.org\/{rel}","templated":true}]}}