{"id":380680,"date":"2025-09-10T16:38:11","date_gmt":"2025-09-10T16:38:11","guid":{"rendered":"https:\/\/www.europesays.com\/fr\/380680\/"},"modified":"2025-09-10T16:38:11","modified_gmt":"2025-09-10T16:38:11","slug":"lambassadeur-du-royaume-uni-a-washington-eclabousse-par-lexhumation-dun-courrier","status":"publish","type":"post","link":"https:\/\/www.europesays.com\/fr\/380680\/","title":{"rendered":"L\u2019ambassadeur du Royaume-Uni \u00e0 Washington \u00e9clabouss\u00e9 par l\u2019exhumation d\u2019un courrier"},"content":{"rendered":"<p>Peter Mandelson, l\u2019ambassadeur du <a href=\"https:\/\/www.20minutes.fr\/monde\/royaume-uni\/\" class=\"c-link c-link--is-underlined\" target=\"_blank\" rel=\"noopener\">Royaume-Uni<\/a> \u00e0 <a href=\"https:\/\/www.20minutes.fr\/dossier\/washington\" class=\"c-link c-link--is-underlined\" target=\"_blank\" rel=\"noopener\">Washington<\/a>, a re\u00e7u le soutien du premier ministre <a href=\"https:\/\/www.20minutes.fr\/monde\/keir-starmer\/\" class=\"c-link c-link--is-underlined\" target=\"_blank\" rel=\"noopener\">Keir Starmer<\/a> ce mercredi, apr\u00e8s la r\u00e9v\u00e9lation d\u2019une lettre que l\u2019homme d\u2019\u00c9tat a envoy\u00e9 en\u00a02003 au p\u00e9docriminel Jeffrey <a href=\"https:\/\/www.20minutes.fr\/societe\/affaire-epstein\/\" class=\"c-link c-link--is-underlined\" target=\"_blank\" rel=\"noopener\">Epstein<\/a>.<\/p>\n<p>Figure du parti travailliste, l\u2019accus\u00e9 affirme dans ce message \u00e9crit pour les 50 ans de Jeffrey Epstein, que ce dernier est son \u00ab\u00a0meilleur ami\u00a0\u00bb, et le qualifie \u00ab\u00a0d\u2019homme intelligent et vif d\u2019esprit\u00a0\u00bb.<\/p>\n<p>Une relation \u00ab\u00a0embarrassante\u00a0\u00bb<\/p>\n<p>L\u2019ambassadeur de 71 ans, qui a pris ses fonctions en f\u00e9vrier, \u00ab\u00a0a exprim\u00e9 \u00e0 plusieurs reprises son profond regret d\u2019avoir \u00e9t\u00e9 associ\u00e9\u00a0\u00bb \u00e0 Jeffrey Epstein, a d\u00e9clar\u00e9 Keir Starmer devant la chambre des Communes. \u00ab\u00a0J\u2019ai confiance en lui\u00a0\u00bb, a-t-il assur\u00e9. Jeffrey Epstein \u00e9tait un \u00ab\u00a0criminel m\u00e9prisable\u00a0\u00bb qui a \u00ab\u00a0d\u00e9truit la vie de nombreuses femmes et filles\u00a0\u00bb, a ajout\u00e9 le Premier ministre.<\/p>\n<\/p>\n<p>Le message de Peter Mandelson figure dans un livre d\u2019or r\u00e9alis\u00e9 pour le 50e anniversaire du riche financier new-yorkais, mort en prison en\u00a02019 avant son proc\u00e8s pour crimes sexuels. Il a \u00e9t\u00e9 rendu public en d\u00e9but de semaine par des parlementaires \u00e0 Washington en m\u00eame temps qu\u2019une lettre d\u2019anniversaire au contenu salace attribu\u00e9e \u00e0 Donald Trump, une affaire qui embarrasse le pr\u00e9sident am\u00e9ricain.<\/p>\n<p>Dans une interview \u00e0 la cha\u00eene YouTube du quotidien The Sun, Peter Mandelson admet que son message \u00e0 Jeffrey Epstein est \u00ab\u00a0tr\u00e8s embarrassant \u00e0 voir\u00a0\u00bb. \u00ab\u00a0Mais il a \u00e9t\u00e9 \u00e9crit avant qu\u2019il ne soit inculp\u00e9\u00a0\u00bb, a-t-il ajout\u00e9.<\/p>\n<p>\u00ab\u00a0Je regrette vraiment tr\u00e8s profond\u00e9ment d\u2019avoir entretenu cette relation avec lui bien plus longtemps que je n\u2019aurais d\u00fb\u00a0\u00bb, a dit l\u2019ambassadeur dans cette interview diffus\u00e9e mercredi. Il a affirm\u00e9 n\u2019avoir \u00ab\u00a0jamais \u00e9t\u00e9 t\u00e9moin d\u2019actes r\u00e9pr\u00e9hensibles\u00a0\u00bb ou \u00ab\u00a0de preuves d\u2019activit\u00e9s criminelles\u00a0\u00bb.<\/p>\n<p><a href=\"https:\/\/www.20minutes.fr\/societe\/affaire-epstein\/\" class=\"c-link c-btn c-btn--primary\" target=\"_blank\" rel=\"noopener\">Plus d&rsquo;articles sur l&rsquo;affaire Epstein<\/a><\/p>\n<p>\u00ab\u00a0Je n\u2019ai aucun doute qu\u2019il y a beaucoup [\u2026] d\u2019\u00e9changes de courrier entre nous. Et nous savons que ceux-ci vont faire surface\u00a0\u00bb, a-t-il poursuivi. \u00ab\u00a0Nous savons qu\u2019ils vont \u00eatre tr\u00e8s embarrassants\u00a0\u00bb, a dit l\u2019ambassadeur.<\/p>\n","protected":false},"excerpt":{"rendered":"Peter Mandelson, l\u2019ambassadeur du Royaume-Uni \u00e0 Washington, a re\u00e7u le soutien du premier ministre Keir Starmer ce mercredi,&hellip;\n","protected":false},"author":2,"featured_media":380681,"comment_status":"","ping_status":"","sticky":false,"template":"","format":"standard","meta":{"footnotes":""},"categories":[1588],"tags":[47,11,14751,1903,75,1777,674,303,2581,12,473,1853,1851,1850,1852,2744],"class_list":{"0":"post-380680","1":"post","2":"type-post","3":"status-publish","4":"format-standard","5":"has-post-thumbnail","7":"category-royaume-uni","8":"tag-actualite","9":"tag-actualites","10":"tag-affaire-epstein","11":"tag-ambassadeur","12":"tag-donald-trump","13":"tag-eu","14":"tag-europe","15":"tag-justice","16":"tag-keir-starmer","17":"tag-news","18":"tag-royaume-uni","19":"tag-royaume-uni-de-grande-bretagne-et-dirlande-du-nord","20":"tag-uk","21":"tag-united-kingdom","22":"tag-united-kingdom-of-great-britain-and-northern-ireland","23":"tag-washington"},"share_on_mastodon":{"url":"https:\/\/pubeurope.com\/@fr\/115180988257398605","error":""},"_links":{"self":[{"href":"https:\/\/www.europesays.com\/fr\/wp-json\/wp\/v2\/posts\/380680","targetHints":{"allow":["GET"]}}],"collection":[{"href":"https:\/\/www.europesays.com\/fr\/wp-json\/wp\/v2\/posts"}],"about":[{"href":"https:\/\/www.europesays.com\/fr\/wp-json\/wp\/v2\/types\/post"}],"author":[{"embeddable":true,"href":"https:\/\/www.europesays.com\/fr\/wp-json\/wp\/v2\/users\/2"}],"replies":[{"embeddable":true,"href":"https:\/\/www.europesays.com\/fr\/wp-json\/wp\/v2\/comments?post=380680"}],"version-history":[{"count":0,"href":"https:\/\/www.europesays.com\/fr\/wp-json\/wp\/v2\/posts\/380680\/revisions"}],"wp:featuredmedia":[{"embeddable":true,"href":"https:\/\/www.europesays.com\/fr\/wp-json\/wp\/v2\/media\/380681"}],"wp:attachment":[{"href":"https:\/\/www.europesays.com\/fr\/wp-json\/wp\/v2\/media?parent=380680"}],"wp:term":[{"taxonomy":"category","embeddable":true,"href":"https:\/\/www.europesays.com\/fr\/wp-json\/wp\/v2\/categories?post=380680"},{"taxonomy":"post_tag","embeddable":true,"href":"https:\/\/www.europesays.com\/fr\/wp-json\/wp\/v2\/tags?post=380680"}],"curies":[{"name":"wp","href":"https:\/\/api.w.org\/{rel}","templated":true}]}}