{"id":380682,"date":"2025-09-10T16:39:16","date_gmt":"2025-09-10T16:39:16","guid":{"rendered":"https:\/\/www.europesays.com\/fr\/380682\/"},"modified":"2025-09-10T16:39:16","modified_gmt":"2025-09-10T16:39:16","slug":"friedrich-merz-met-fin-a-la-rigueur-budgetaire-heritee-dangela-merkel","status":"publish","type":"post","link":"https:\/\/www.europesays.com\/fr\/380682\/","title":{"rendered":"Friedrich Merz met fin \u00e0 la rigueur budg\u00e9taire h\u00e9rit\u00e9e d\u2019Angela Merkel"},"content":{"rendered":"<p>Trop de rigueur nuit \u00e0 l\u2019\u00e9conomie. Telle est la le\u00e7on retenue en<br \/>\nAllemagne apr\u00e8s plus de 15 ans de rigueur budg\u00e9taire absolue<br \/>\nimpos\u00e9e d\u00e8s 2009 par la chanceli\u00e8re Angela Merkel. L\u2019objectif de<br \/>\ncette politique a certes \u00e9t\u00e9 atteint, car la dette du pays,<br \/>\n62\u00a0% du PIB, ainsi que le d\u00e9ficit public, 2,8\u00a0%, sont<br \/>\nma\u00eetris\u00e9s.<\/p>\n<p>De ce seul point de vue, l\u2019Allemagne s\u2019en tire\u00a0mieux que la<br \/>\nplupart des 26 autres \u00c9tats membres dans l\u2019Union europ\u00e9enne qui<br \/>\naffichent une dette publique moyenne de 82\u00a0% et un d\u00e9ficit<br \/>\npublic de 3,2\u00a0%. <a target=\"_blank\" rel=\"noopener noreferrer nofollow\" href=\"https:\/\/www.lavie.fr\/actualite\/societe\/crise-politique-la-france-est-elle-condamnee-a-la-dette-eternelle-100988.php\"><br \/>\nLa France, elle, a une dette presque deux fois sup\u00e9rieure<\/a> \u00e0<br \/>\nl\u2019Allemagne.<\/p>\n<p>Mais \u00e0 peu pr\u00e8s tout le reste va mal\u00a0! L\u2019\u00e9conomie est en<br \/>\nr\u00e9cession depuis 2023, le ch\u00f4mage augmente et la pa<\/p>\n","protected":false},"excerpt":{"rendered":"Trop de rigueur nuit \u00e0 l\u2019\u00e9conomie. Telle est la le\u00e7on retenue en Allemagne apr\u00e8s plus de 15 ans&hellip;\n","protected":false},"author":2,"featured_media":380683,"comment_status":"","ping_status":"","sticky":false,"template":"","format":"standard","meta":{"footnotes":""},"categories":[1587],"tags":[11,672,1804,1805,1803,1777,674,1801,12,1802],"class_list":{"0":"post-380682","1":"post","2":"type-post","3":"status-publish","4":"format-standard","5":"has-post-thumbnail","7":"category-allemagne","8":"tag-actualites","9":"tag-allemagne","10":"tag-bundesrepublik-deutschland","11":"tag-de","12":"tag-deutschland","13":"tag-eu","14":"tag-europe","15":"tag-germany","16":"tag-news","17":"tag-republique-federale-dallemagne"},"share_on_mastodon":{"url":"https:\/\/pubeurope.com\/@fr\/115180992202942537","error":""},"_links":{"self":[{"href":"https:\/\/www.europesays.com\/fr\/wp-json\/wp\/v2\/posts\/380682","targetHints":{"allow":["GET"]}}],"collection":[{"href":"https:\/\/www.europesays.com\/fr\/wp-json\/wp\/v2\/posts"}],"about":[{"href":"https:\/\/www.europesays.com\/fr\/wp-json\/wp\/v2\/types\/post"}],"author":[{"embeddable":true,"href":"https:\/\/www.europesays.com\/fr\/wp-json\/wp\/v2\/users\/2"}],"replies":[{"embeddable":true,"href":"https:\/\/www.europesays.com\/fr\/wp-json\/wp\/v2\/comments?post=380682"}],"version-history":[{"count":0,"href":"https:\/\/www.europesays.com\/fr\/wp-json\/wp\/v2\/posts\/380682\/revisions"}],"wp:featuredmedia":[{"embeddable":true,"href":"https:\/\/www.europesays.com\/fr\/wp-json\/wp\/v2\/media\/380683"}],"wp:attachment":[{"href":"https:\/\/www.europesays.com\/fr\/wp-json\/wp\/v2\/media?parent=380682"}],"wp:term":[{"taxonomy":"category","embeddable":true,"href":"https:\/\/www.europesays.com\/fr\/wp-json\/wp\/v2\/categories?post=380682"},{"taxonomy":"post_tag","embeddable":true,"href":"https:\/\/www.europesays.com\/fr\/wp-json\/wp\/v2\/tags?post=380682"}],"curies":[{"name":"wp","href":"https:\/\/api.w.org\/{rel}","templated":true}]}}