{"id":380684,"date":"2025-09-10T16:40:14","date_gmt":"2025-09-10T16:40:14","guid":{"rendered":"https:\/\/www.europesays.com\/fr\/380684\/"},"modified":"2025-09-10T16:40:14","modified_gmt":"2025-09-10T16:40:14","slug":"europe-veut-exploiter-les-ressources-minerales-spatiales-business-am","status":"publish","type":"post","link":"https:\/\/www.europesays.com\/fr\/380684\/","title":{"rendered":"Europe veut exploiter les ressources min\u00e9rales spatiales &#8211; Business AM"},"content":{"rendered":"<p>Principaux renseignements<\/p>\n<ul class=\"wp-block-list\">\n<li><strong>L\u2019Europe entend utiliser l\u2019exploitation mini\u00e8re de l\u2019espace pour s\u00e9curiser l\u2019\u00e9nergie et les min\u00e9raux critiques n\u00e9cessaires \u00e0 sa transition vers l\u2019\u00e9nergie propre.<\/strong><\/li>\n<li><strong>La Commission europ\u00e9enne reconna\u00eet que le fait de d\u00e9pendre de pays non membres de l\u2019UE pour l\u2019obtention de min\u00e9raux essentiels pr\u00e9sente un risque important en raison de l\u2019instabilit\u00e9 g\u00e9opolitique.<\/strong><\/li>\n<li><strong>L\u2019exploitation mini\u00e8re de l\u2019espace promet de fournir des ressources abondantes telles que les terres rares, l\u2019aluminium, le titane, le mangan\u00e8se, l\u2019or et le platine provenant de corps c\u00e9lestes comme la Lune et les ast\u00e9ro\u00efdes.<\/strong><\/li>\n<\/ul>\n<p>Alors que l\u2019instabilit\u00e9 g\u00e9opolitique s\u2019accro\u00eet, l\u2019Europe cherche au-del\u00e0 de la Terre des solutions \u00e0 ses besoins en mati\u00e8re de s\u00e9curit\u00e9 \u00e9nerg\u00e9tique. Le dernier rapport de la Commission europ\u00e9enne identifie l\u2019exploitation mini\u00e8re de l\u2019espace comme une voie potentielle pour l\u2019acquisition de mati\u00e8res premi\u00e8res cruciales n\u00e9cessaires \u00e0 la transition vers une \u00e9nergie propre.<\/p>\n<p>D\u00e9fis et opportunit\u00e9s<\/p>\n<p>Le <a href=\"https:\/\/commission.europa.eu\/document\/download\/2e1f1de3-dff6-44f7-b2a3-1dd8eee396bb_en?filename=COM_2025_484_1_EN.pdf\" target=\"_blank\" rel=\"noopener\">rapport<\/a> met en garde contre l\u2019instabilit\u00e9 de l\u2019ordre mondial actuel et le risque de d\u00e9pendre de pays non membres de l\u2019UE pour l\u2019obtention de minerais essentiels. Ces min\u00e9raux, notamment le lithium, le cuivre, le nickel et les terres rares, sont des composants essentiels des technologies d\u2019\u00e9nergie renouvelable et des v\u00e9hicules \u00e9lectriques. La Commission craint un sc\u00e9nario similaire au contr\u00f4le de l\u2019OPEP sur l\u2019approvisionnement en p\u00e9trole, o\u00f9 les prix pourraient \u00eatre manipul\u00e9s, ce qui mettrait en p\u00e9ril l\u2019autonomie strat\u00e9gique de l\u2019UE et ses objectifs en mati\u00e8re d\u2019\u00e9nergie propre.<\/p>\n<p>L\u2019exploitation mini\u00e8re de l\u2019espace gagne du terrain au niveau mondial, avec le soutien d\u2019agences telles que la NASA et la JAXA. Le Luxembourg, qui souhaite devenir le centre europ\u00e9en de l\u2019exploitation mini\u00e8re de l\u2019espace, envisage d\u2019utiliser des robots pour extraire des m\u00e9taux pr\u00e9cieux de la Lune et des ast\u00e9ro\u00efdes. Ces corps c\u00e9lestes rec\u00e8lent d\u2019abondantes ressources telles que les terres rares, l\u2019aluminium, le titane, le mangan\u00e8se, l\u2019or et le platine. La \u00ab\u00a0Vision pour l\u2019\u00e9conomie de l\u2019espace\u00a0\u00bb de la Commission estime \u00e0 170 milliards d\u2019euros la valeur potentielle des ressources spatiales entre 2018 et 2045.<\/p>\n<p>Les obstacles technologiques<\/p>\n<p>Bien que prometteuse, l\u2019exploitation mini\u00e8re de l\u2019espace \u00e0 l\u2019\u00e9chelle industrielle reste une perspective lointaine.  Le d\u00e9veloppement de solutions pratiques pour l\u2019extraction et le transport de ces mat\u00e9riaux vers la Terre n\u2019en est qu\u2019\u00e0 ses d\u00e9buts.<\/p>\n<p>L\u2019urgence de trouver des sources alternatives d\u00e9coule de l\u2019augmentation sans pr\u00e9c\u00e9dent de la demande de min\u00e9raux critiques induite par la transition \u00e9nerg\u00e9tique mondiale. Pour atteindre les objectifs de <a href=\"https:\/\/fr.businessam.be\/accord-de-paris-objectifs-resultats-pnue\/\" target=\"_blank\" rel=\"noopener\">l\u2019accord de Paris sur le climat<\/a>, il faut une augmentation extraordinaire de la production de cuivre, \u00e9quivalente \u00e0 la quantit\u00e9 totale extraite tout au long de l\u2019histoire de l\u2019humanit\u00e9, selon certaines estimations. Le lithium, essentiel pour les batteries des v\u00e9hicules \u00e9lectriques, devrait voir sa demande multipli\u00e9e par douze dans l\u2019UE d\u2019ici \u00e0 2030 et par vingt et un d\u2019ici \u00e0 2050.<\/p>\n","protected":false},"excerpt":{"rendered":"Principaux renseignements L\u2019Europe entend utiliser l\u2019exploitation mini\u00e8re de l\u2019espace pour s\u00e9curiser l\u2019\u00e9nergie et les min\u00e9raux critiques n\u00e9cessaires \u00e0&hellip;\n","protected":false},"author":2,"featured_media":380685,"comment_status":"","ping_status":"","sticky":false,"template":"","format":"standard","meta":{"footnotes":""},"categories":[1586],"tags":[11,893,1777,674,1011,27,51399,12,25],"class_list":{"0":"post-380684","1":"post","2":"type-post","3":"status-publish","4":"format-standard","5":"has-post-thumbnail","7":"category-europe","8":"tag-actualites","9":"tag-energie","10":"tag-eu","11":"tag-europe","12":"tag-fr","13":"tag-france","14":"tag-minerales","15":"tag-news","16":"tag-republique-francaise"},"share_on_mastodon":{"url":"https:\/\/pubeurope.com\/@fr\/115180996185331792","error":""},"_links":{"self":[{"href":"https:\/\/www.europesays.com\/fr\/wp-json\/wp\/v2\/posts\/380684","targetHints":{"allow":["GET"]}}],"collection":[{"href":"https:\/\/www.europesays.com\/fr\/wp-json\/wp\/v2\/posts"}],"about":[{"href":"https:\/\/www.europesays.com\/fr\/wp-json\/wp\/v2\/types\/post"}],"author":[{"embeddable":true,"href":"https:\/\/www.europesays.com\/fr\/wp-json\/wp\/v2\/users\/2"}],"replies":[{"embeddable":true,"href":"https:\/\/www.europesays.com\/fr\/wp-json\/wp\/v2\/comments?post=380684"}],"version-history":[{"count":0,"href":"https:\/\/www.europesays.com\/fr\/wp-json\/wp\/v2\/posts\/380684\/revisions"}],"wp:featuredmedia":[{"embeddable":true,"href":"https:\/\/www.europesays.com\/fr\/wp-json\/wp\/v2\/media\/380685"}],"wp:attachment":[{"href":"https:\/\/www.europesays.com\/fr\/wp-json\/wp\/v2\/media?parent=380684"}],"wp:term":[{"taxonomy":"category","embeddable":true,"href":"https:\/\/www.europesays.com\/fr\/wp-json\/wp\/v2\/categories?post=380684"},{"taxonomy":"post_tag","embeddable":true,"href":"https:\/\/www.europesays.com\/fr\/wp-json\/wp\/v2\/tags?post=380684"}],"curies":[{"name":"wp","href":"https:\/\/api.w.org\/{rel}","templated":true}]}}