{"id":380686,"date":"2025-09-10T16:41:14","date_gmt":"2025-09-10T16:41:14","guid":{"rendered":"https:\/\/www.europesays.com\/fr\/380686\/"},"modified":"2025-09-10T16:41:14","modified_gmt":"2025-09-10T16:41:14","slug":"un-pere-seffondre-lors-de-lenterrement-de-son-fils-et-meurt","status":"publish","type":"post","link":"https:\/\/www.europesays.com\/fr\/380686\/","title":{"rendered":"un p\u00e8re s&rsquo;effondre lors de l\u2019enterrement de son fils et meurt"},"content":{"rendered":"<p>\u00ab Il a eu le c\u0153ur bris\u00e9.\u00a0\u00bb Ces mots sont ceux de la fille de Norman White, 61 ans, d\u00e9c\u00e9d\u00e9 brutalement d&rsquo;une crise cardiaque alors qu&rsquo;il assistait aux fun\u00e9railles de son fils David Beilicki.\u00a0<\/p>\n<p>Les faits remontent au 21 ao\u00fbt dernier, \u00e0 Teesside, pr\u00e8s de Middlesbrough, au nord de l&rsquo;Angleterre, comme le rapporte <a href=\"https:\/\/www.mirror.co.uk\/news\/uk-news\/breaking-dad-collapses-dies-sons-35871864\" target=\"_blank\" rel=\"nofollow noopener\">The Mirror<\/a>.\u00a0Norman White, 61 ans, pleure, lors des fun\u00e9railles, la mort de son fils de 41 ans, retrouv\u00e9 sans vie sur le canap\u00e9 d&rsquo;un proche. Il luttait depuis plusieurs ann\u00e9es\u00a0pour sortir de sa d\u00e9pendance \u00e0 la drogue. Un d\u00e9c\u00e8s survenu 10 ans jour pour jour\u00a0apr\u00e8s la disparition de\u00a0ses fils jumeaux\u00a0mort-n\u00e9s.<\/p>\n<p>Ce contenu est bloqu\u00e9 car vous n&rsquo;avez pas accept\u00e9 les cookies et autres traceurs.<\/p>\n<p>En cliquant sur \u00ab J\u2019accepte \u00bb, les cookies et autres traceurs seront d\u00e9pos\u00e9s et vous pourrez visualiser les contenus  (<a href=\"\" class=\"consentModule_policy\" target=\"_blank\" title=\"Consulter la politique de protection des donn\u00e9es du fournisseur\">plus d&rsquo;informations<\/a>).<\/p>\n<p>En cliquant sur \u00ab J\u2019accepte tous les cookies \u00bb, vous autorisez des d\u00e9p\u00f4ts de cookies et autres traceurs pour le stockage de vos donn\u00e9es sur nos sites et applications \u00e0 des fins de personnalisation et de ciblage publicitaire.<\/p>\n<p class=\"consentModule_secondaryText\">Vous gardez la possibilit\u00e9 de retirer votre consentement \u00e0 tout moment en consultant notre <a href=\"https:\/\/www.ledauphine.com\/protection-des-donnees\" target=\"_blank\" title=\"Consulter notre politique de protection des donn\u00e9es\" rel=\"noopener\">politique de protection des donn\u00e9es<\/a>. <br \/>&#13;<br \/>\n            <a href=\"https:\/\/www.ledauphine.com\/faits-divers-justice\/2025\/09\/10\/javascript:Didomi.notice.show()\" class=\"consentModule_cmp\" target=\"_blank\" rel=\"noopener\">G\u00e9rer mes choix<\/a>&#13;\n        <\/p>\n<p>&#13;<br \/>\n                        J&rsquo;accepte&#13;<br \/>\n            J&rsquo;accepte tous les cookies&#13;\n        <\/p>\n<p>  \u00ab \u00c7a\u00a0a \u00e9t\u00e9 tellement traumatisant \u00bb<\/p>\n<p>\u00ab\u00a0Quand nous sommes entr\u00e9s dans la chapelle et nous nous sommes assis, j&rsquo;ai regard\u00e9 autour de moi et j&rsquo;ai demand\u00e9 \u00ab\u00a0O\u00f9 est mon p\u00e8re ?\u00a0\u00bb\u00a0\u00bb, raconte sa fille.\u00a0Norman White s&rsquo;est \u00e9croul\u00e9.\u00a0L&rsquo;homme est transport\u00e9 en urgence \u00e0 l&rsquo;h\u00f4pital, o\u00f9 il d\u00e9c\u00e8dera finalement d&rsquo;un infarctus.\u00a0\u00ab\u00a0\u00c7a\u00a0a \u00e9t\u00e9 tellement traumatisant, on\u00a0ne peut imaginer qu&rsquo;une\u00a0chose pareille puisse arriver, on ne pourrait m\u00eame pas l\u2019inventer \u00bb,\u00a0a t\u00e9moign\u00e9\u00a0sa fille.<\/p>\n<p>Ce contenu est bloqu\u00e9 car vous n&rsquo;avez pas accept\u00e9 les cookies et autres traceurs.<\/p>\n<p>En cliquant sur \u00ab J\u2019accepte \u00bb, les cookies et autres traceurs seront d\u00e9pos\u00e9s et vous pourrez visualiser les contenus  (<a href=\"\" class=\"consentModule_policy\" target=\"_blank\" title=\"Consulter la politique de protection des donn\u00e9es du fournisseur\">plus d&rsquo;informations<\/a>).<\/p>\n<p>En cliquant sur \u00ab J\u2019accepte tous les cookies \u00bb, vous autorisez des d\u00e9p\u00f4ts de cookies et autres traceurs pour le stockage de vos donn\u00e9es sur nos sites et applications \u00e0 des fins de personnalisation et de ciblage publicitaire.<\/p>\n<p class=\"consentModule_secondaryText\">Vous gardez la possibilit\u00e9 de retirer votre consentement \u00e0 tout moment en consultant notre <a href=\"https:\/\/www.ledauphine.com\/protection-des-donnees\" target=\"_blank\" title=\"Consulter notre politique de protection des donn\u00e9es\" rel=\"noopener\">politique de protection des donn\u00e9es<\/a>. <br \/>&#13;<br \/>\n            <a href=\"https:\/\/www.ledauphine.com\/faits-divers-justice\/2025\/09\/10\/javascript:Didomi.notice.show()\" class=\"consentModule_cmp\" target=\"_blank\" rel=\"noopener\">G\u00e9rer mes choix<\/a>&#13;\n        <\/p>\n<p>&#13;<br \/>\n                        J&rsquo;accepte&#13;<br \/>\n            J&rsquo;accepte tous les cookies&#13;\n        <\/p>\n<p>P\u00e8re de sept enfants, l&rsquo;homme n&rsquo;ayant pas d&rsquo;ant\u00e9c\u00e9dents cardiaques, \u00e9tait passionn\u00e9 de boxe et\u00a0aimait enseigner la discipline comme entra\u00eeneur.\u00a0\u00a0<\/p>\n<p class=\"note\">&gt;&gt; Lire l&rsquo;article de\u00a0<a href=\"https:\/\/www.mirror.co.uk\/news\/uk-news\/breaking-dad-collapses-dies-sons-35871864\" target=\"_blank\" rel=\"noopener\">The Mirror<\/a>.<\/p>\n","protected":false},"excerpt":{"rendered":"\u00ab Il a eu le c\u0153ur bris\u00e9.\u00a0\u00bb Ces mots sont ceux de la fille de Norman White, 61&hellip;\n","protected":false},"author":2,"featured_media":380687,"comment_status":"","ping_status":"","sticky":false,"template":"","format":"standard","meta":{"footnotes":""},"categories":[1586],"tags":[119,11,1777,674,1779,274,107,1011,27,329,12,25,1778,364],"class_list":{"0":"post-380686","1":"post","2":"type-post","3":"status-publish","4":"format-standard","5":"has-post-thumbnail","7":"category-europe","8":"tag-accident","9":"tag-actualites","10":"tag-eu","11":"tag-europe","12":"tag-european-union","13":"tag-faits-divers-justice","14":"tag-fil-info","15":"tag-fr","16":"tag-france","17":"tag-france-monde","18":"tag-news","19":"tag-republique-francaise","20":"tag-ue","21":"tag-union-europeenne"},"share_on_mastodon":{"url":"https:\/\/pubeurope.com\/@fr\/115181000018369777","error":""},"_links":{"self":[{"href":"https:\/\/www.europesays.com\/fr\/wp-json\/wp\/v2\/posts\/380686","targetHints":{"allow":["GET"]}}],"collection":[{"href":"https:\/\/www.europesays.com\/fr\/wp-json\/wp\/v2\/posts"}],"about":[{"href":"https:\/\/www.europesays.com\/fr\/wp-json\/wp\/v2\/types\/post"}],"author":[{"embeddable":true,"href":"https:\/\/www.europesays.com\/fr\/wp-json\/wp\/v2\/users\/2"}],"replies":[{"embeddable":true,"href":"https:\/\/www.europesays.com\/fr\/wp-json\/wp\/v2\/comments?post=380686"}],"version-history":[{"count":0,"href":"https:\/\/www.europesays.com\/fr\/wp-json\/wp\/v2\/posts\/380686\/revisions"}],"wp:featuredmedia":[{"embeddable":true,"href":"https:\/\/www.europesays.com\/fr\/wp-json\/wp\/v2\/media\/380687"}],"wp:attachment":[{"href":"https:\/\/www.europesays.com\/fr\/wp-json\/wp\/v2\/media?parent=380686"}],"wp:term":[{"taxonomy":"category","embeddable":true,"href":"https:\/\/www.europesays.com\/fr\/wp-json\/wp\/v2\/categories?post=380686"},{"taxonomy":"post_tag","embeddable":true,"href":"https:\/\/www.europesays.com\/fr\/wp-json\/wp\/v2\/tags?post=380686"}],"curies":[{"name":"wp","href":"https:\/\/api.w.org\/{rel}","templated":true}]}}