{"id":380688,"date":"2025-09-10T16:42:10","date_gmt":"2025-09-10T16:42:10","guid":{"rendered":"https:\/\/www.europesays.com\/fr\/380688\/"},"modified":"2025-09-10T16:42:10","modified_gmt":"2025-09-10T16:42:10","slug":"les-operations-comptables-de-certaines-entreprises-paraissent-completement-aberrantes","status":"publish","type":"post","link":"https:\/\/www.europesays.com\/fr\/380688\/","title":{"rendered":"\u00ab\u00a0Les op\u00e9rations comptables de certaines entreprises paraissent compl\u00e8tement aberrantes\u00a0\u00bb"},"content":{"rendered":"\n<p class=\"article__paragraph  \">En juin, le pr\u00e9sident de la Cour des comptes reconnaissait ne pas savoir ce que les entreprises font des aides publiques. Selon le S\u00e9nat, qui appelle \u00e0 un \u00ab\u00a0choc de transparence\u00a0\u00bb, l\u2019enjeu est pourtant consid\u00e9rable\u00a0: ces aides repr\u00e9sentent 210\u00a0milliards d\u2019euros, pr\u00e8s de quatre\u00a0fois le montant du cocktail que pr\u00e9parait le gouvernement d\u00e9missionnaire.<\/p>\n<p class=\"article__paragraph  \">Analyser ce que font en pratique des millions d\u2019entreprises rel\u00e8ve d\u2019un travail de fourmi, qui \u00e9chappe pour l\u2019instant \u00e0 l\u2019intelligence artificielle et n\u2019est que tr\u00e8s partiellement accessible aux m\u00e9thodes statistiques usuelles. Pour traiter ou recueillir de grandes masses d\u2019informations, des disciplines comme l\u2019astronomie, l\u2019histoire ou l\u2019ornithologie recourent \u00e0 <a href=\"https:\/\/www.lemonde.fr\/planete\/article\/2025\/04\/30\/la-rapidite-de-l-effondrement-des-populations-d-insectes-confirmee-par-une-experience-de-science-participative_6601861_3244.html\" target=\"_blank\" rel=\"noopener\">la science participative<\/a> \u00e0 l\u2019aide de nombreux passionn\u00e9s. De simples amateurs se retrouvent ainsi parmi les signataires d\u2019articles prestigieux.<\/p>\n<p class=\"article__paragraph  \">Sur ce mod\u00e8le, les commissions des finances des deux chambres du Parlement pourraient organiser un vaste audit participatif. Des milliers de citoyens compulseraient alors les comptes sociaux d\u2019entreprises, des documents publics.<\/p>\n<p>           Une \u00e9trange activit\u00e9           <\/p>\n<p class=\"article__paragraph  \">Lorsqu\u2019on les regarde de pr\u00e8s, les op\u00e9rations de certaines entreprises paraissent compl\u00e8tement aberrantes. En fait, elles se comprennent par l\u2019int\u00e9r\u00eat des aides publiques. Voici un exemple \u00e9difiant. Sans aucun salari\u00e9, une \u00ab\u00a0fille\u00a0\u00bb \u2013 terminologie pour une filiale int\u00e9gr\u00e9e fiscalement \u2013 d\u2019une grande banque fran\u00e7aise se livre \u00e0 une \u00e9trange activit\u00e9. Elle a achet\u00e9 en Norv\u00e8ge plus de 200\u00a0bus, majoritairement \u00e9lectriques, de fabrication chinoise et n\u00e9erlandaise. La \u00ab\u00a0fille\u00a0\u00bb fran\u00e7aise loue ensuite ses bus \u00e0 une filiale d\u2019une soci\u00e9t\u00e9 su\u00e9doise, pour l\u2019exploitation d\u2019un r\u00e9seau norv\u00e9gien. Pour financer cet achat massif, la \u00ab\u00a0fille\u00a0\u00bb a emprunt\u00e9 \u00e0 la \u00ab\u00a0m\u00e8re\u00a0\u00bb et elle lui rembourse d\u00e9sormais capital et int\u00e9r\u00eats.<\/p>\n<p>                              Lire aussi la chronique |  Article r\u00e9serv\u00e9 \u00e0 nos abonn\u00e9s  <a href=\"https:\/\/www.lemonde.fr\/idees\/article\/2025\/05\/14\/la-transparence-financiere-des-comptes-publics-un-ecueil-depuis-1825_6606069_3232.html\" class=\"js-article-read-also catcher--favoris__link\" data-premium=\"1\" id=\"article-title-3422221\" target=\"_blank\" rel=\"noopener\">La transparence financi\u00e8re des comptes publics, un \u00e9cueil depuis 1825<\/a>    <\/p>\n<p>   Lire plus tard  <\/p>\n<p class=\"article__paragraph  \">Pourquoi les Scandinaves sont-elles venues chercher cette \u00ab\u00a0fille\u00a0\u00bb fran\u00e7aise\u00a0? Parce que son tarif de location est imbattable. D\u2019ailleurs, la \u00ab\u00a0fille\u00a0\u00bb affiche des pertes abyssales, qui remontent dans les comptes de sa \u00ab\u00a0m\u00e8re\u00a0\u00bb. Mais pourquoi, alors, la banque fran\u00e7aise fait-elle une si mauvaise affaire\u00a0? En fait, elle est excellente. Une partie de ses pertes sont artificielles. Elles r\u00e9sultent en effet d\u2019un dispositif fiscal incitatif, le suramortissement\u00a0: une entreprise fran\u00e7aise qui ach\u00e8te des poids lourds (dont des bus) \u00ab\u00a0propres\u00a0\u00bb peut d\u00e9falquer plus que leur valeur de ses profits fiscaux, et ainsi r\u00e9duire son imp\u00f4t sur les soci\u00e9t\u00e9s pay\u00e9 en France (en\u00a02025, sans plafond pour ceux qui sont \u00e9lectriques ou \u00e0 hydrog\u00e8ne).<\/p>\n<p class=\"reading-mode-only \"><strong>Il vous reste 40.94% de cet article \u00e0 lire. La suite est r\u00e9serv\u00e9e aux abonn\u00e9s.<\/strong><\/p>\n","protected":false},"excerpt":{"rendered":"En juin, le pr\u00e9sident de la Cour des comptes reconnaissait ne pas savoir ce que les entreprises font&hellip;\n","protected":false},"author":2,"featured_media":356049,"comment_status":"","ping_status":"","sticky":false,"template":"","format":"standard","meta":{"footnotes":""},"categories":[2],"tags":[11,1011,27,12,25],"class_list":{"0":"post-380688","1":"post","2":"type-post","3":"status-publish","4":"format-standard","5":"has-post-thumbnail","7":"category-actualites","8":"tag-actualites","9":"tag-fr","10":"tag-france","11":"tag-news","12":"tag-republique-francaise"},"share_on_mastodon":{"url":"https:\/\/pubeurope.com\/@fr\/115181004055139089","error":""},"_links":{"self":[{"href":"https:\/\/www.europesays.com\/fr\/wp-json\/wp\/v2\/posts\/380688","targetHints":{"allow":["GET"]}}],"collection":[{"href":"https:\/\/www.europesays.com\/fr\/wp-json\/wp\/v2\/posts"}],"about":[{"href":"https:\/\/www.europesays.com\/fr\/wp-json\/wp\/v2\/types\/post"}],"author":[{"embeddable":true,"href":"https:\/\/www.europesays.com\/fr\/wp-json\/wp\/v2\/users\/2"}],"replies":[{"embeddable":true,"href":"https:\/\/www.europesays.com\/fr\/wp-json\/wp\/v2\/comments?post=380688"}],"version-history":[{"count":0,"href":"https:\/\/www.europesays.com\/fr\/wp-json\/wp\/v2\/posts\/380688\/revisions"}],"wp:featuredmedia":[{"embeddable":true,"href":"https:\/\/www.europesays.com\/fr\/wp-json\/wp\/v2\/media\/356049"}],"wp:attachment":[{"href":"https:\/\/www.europesays.com\/fr\/wp-json\/wp\/v2\/media?parent=380688"}],"wp:term":[{"taxonomy":"category","embeddable":true,"href":"https:\/\/www.europesays.com\/fr\/wp-json\/wp\/v2\/categories?post=380688"},{"taxonomy":"post_tag","embeddable":true,"href":"https:\/\/www.europesays.com\/fr\/wp-json\/wp\/v2\/tags?post=380688"}],"curies":[{"name":"wp","href":"https:\/\/api.w.org\/{rel}","templated":true}]}}