{"id":380689,"date":"2025-09-10T16:43:12","date_gmt":"2025-09-10T16:43:12","guid":{"rendered":"https:\/\/www.europesays.com\/fr\/380689\/"},"modified":"2025-09-10T16:43:12","modified_gmt":"2025-09-10T16:43:12","slug":"en-quoi-consiste-larticle-4-de-lotan-active-apres-lintrusion-de-drones-en-pologne","status":"publish","type":"post","link":"https:\/\/www.europesays.com\/fr\/380689\/","title":{"rendered":"En quoi consiste l\u2019article\u00a04 de l\u2019Otan activ\u00e9 apr\u00e8s l\u2019intrusion de drones en Pologne"},"content":{"rendered":"<p>        <img decoding=\"async\" loading=\"lazy\" src=\"https:\/\/www.europesays.com\/fr\/wp-content\/uploads\/2025\/09\/f5f0863_1658614603040-5dafea28210000a521ad39ff.jpeg\"  width=\"728\" height=\"410\" alt=\"Le Premier ministre polonais Donald Tusk a demand\u00e9 l\u2019activation de l\u2019article 4\u00a0de l\u2019Otan. (photo d\u2019illustration)\"\/>  <\/p>\n<p>ASSOCIATED PRESS<\/p>\n<p>Le Premier ministre polonais Donald Tusk a demand\u00e9 l\u2019activation de l\u2019article 4\u00a0de l\u2019Otan. (photo d\u2019illustration)<\/p>\n<p class=\"asset asset-text\">INTERNATIONAL &#8211; Faire front. Apr\u00e8s <a href=\"https:\/\/www.huffingtonpost.fr\/international\/article\/la-pologne-accuse-la-russie-d-une-agression-inedite-depuis-le-debut-de-la-guerre-en-ukraine_254638.html\" target=\"_blank\" rel=\"noopener\">l\u2019incursion de drones russe dans l\u2019espace a\u00e9rien polonais<\/a> ce mercredi 10\u00a0septembre, Varsovie a demand\u00e9 \u00e0 l\u2019Otan d\u2019activer l\u2019article\u00a04 du <a href=\"https:\/\/www.huffingtonpost.fr\/international\/article\/la-declaration-finale-de-l-otan-commence-par-un-rappel-de-l-article-5-et-ce-n-est-pas-un-hasard_251810.html\" target=\"_blank\" rel=\"noopener\">trait\u00e9 Atlantique <\/a>qui pr\u00e9voit des consultations entre alli\u00e9s en cas de menace sur l\u2019un de ses membres. Une requ\u00eate rapidement mise \u00e0 ex\u00e9cution.<\/p>\n<p class=\"asset asset-text\">Les entretiens avec les alli\u00e9s \u00ab\u00a0prennent \u00e0 ce moment pr\u00e9cis la forme d\u2019une demande formelle d\u2019activation de l\u2019article quatre du trait\u00e9 de l\u2019Atlantique Nord\u00a0\u00bb, a d\u00e9clar\u00e9 le Premier ministre <a href=\"https:\/\/www.huffingtonpost.fr\/international\/article\/macron-et-tusk-renforcent-leurs-liens-avec-un-traite-bilateral-france-pologne-signe-un-jour-symbolique_249797.html\" target=\"_blank\" rel=\"noopener\">Donald Tusk <\/a>devant le parlement. Il s\u2019agit d\u2019une \u00ab\u00a0recommandation commune\u00a0\u00bb prise par lui-m\u00eame et le pr\u00e9sident nationaliste Karol Nawrocki, a soulign\u00e9 Donald Tusk.<\/p>\n<p class=\"asset asset-text\">Cette demande intervient alors que sept drones et d\u00e9bris d\u2019un projectile ont \u00e9t\u00e9 retrouv\u00e9s \u00e0 la suite de l\u2019incursion massive de drones russes en Pologne dans la nuit, lors d\u2019une attaque contre l\u2019Ukraine. Une maison et une voiture ont \u00e9galement \u00e9t\u00e9 endommag\u00e9es. Varsovie et ses alli\u00e9s ont d\u00e9nonc\u00e9 mercredi une \u00ab\u00a0provocation\u00a0\u00bb.<\/p>\n<p class=\"asset asset-text\">L\u2019arm\u00e9e russe a affirm\u00e9 ne pas avoir vis\u00e9 la Pologne. Le minist\u00e8re russe des Affaires \u00e9trang\u00e8res accuse quant \u00e0 lui le pays de vouloir \u00ab\u00a0aggraver\u00a0\u00bb\u00a0le conflit en Ukraine en propageant des\u00a0\u00ab\u00a0mythes\u00a0\u00bb. Dans une d\u00e9claration distincte transmise \u00e0 l\u2019AFP, l\u2019ambassade russe en Pologne a dit que les autorit\u00e9s polonaises ne lui avaient pas fourni de\u00a0\u00ab\u00a0preuves\u00a0\u00bb\u00a0indiquant que ces drones \u00e9taient d\u2019origine russe.\u00a0\u00ab\u00a0La partie polonaise (&#8230;) a accus\u00e9 de fa\u00e7on totalement infond\u00e9e la Russie de provocations\u00a0\u00bb, a ajout\u00e9 l\u2019ambassade.<\/p>\n<p>                     \u00ab\u00a0Consultation\u00a0\u00bb    <\/p>\n<p class=\"asset asset-text\">Le Conseil de l\u2019Atlantique nord, principal organe de d\u00e9cision politique de l\u2019organisation, s\u2019est donc retrouv\u00e9 mercredi matin au niveau des ambassadeurs des 32 pays de l\u2019Otan, pour une r\u00e9union pr\u00e9vue de longue date. Les Alli\u00e9s ont toutefois d\u00e9cid\u00e9 que cette r\u00e9union se tiendrait dans le cadre de l\u2019article\u00a04 du trait\u00e9 de l\u2019Alliance, selon des diplomates, afin de r\u00e9pondre \u00e0 la demande de la Pologne.<\/p>\n<p class=\"asset asset-text\">L\u2019article\u00a04 pr\u00e9voit essentiellement une \u00ab\u00a0consultation\u00a0\u00bb au niveau des alli\u00e9s. Cet article stipule que \u00ab\u00a0les parties se consulteront chaque fois que, de l\u2019avis de l\u2019une d\u2019elles, l\u2019int\u00e9grit\u00e9 territoriale, l\u2019ind\u00e9pendance politique ou la s\u00e9curit\u00e9 de l\u2019une des parties sera menac\u00e9e\u00a0\u00bb. Depuis la cr\u00e9ation de l\u2019Alliance, en 1949, c\u2019est la 8e fois qu\u2019elle invoque l\u2019article, dont trois fois concernant l\u2019invasion russe en Ukraine.<\/p>\n<p class=\"asset asset-text\">En revanche, l\u2019article\u00a05, le plus sensible, n\u2019a \u00e9t\u00e9 activ\u00e9 qu\u2019une seule fois depuis la cr\u00e9ation de l\u2019Otan en 1949, lors des attentats du 11\u00a0septembre\u00a02001 aux \u00c9tats-Unis. Il pr\u00e9voit qu\u2019une attaque contre un pays de l\u2019Otan est une attaque contre tous, et oblige les 32 alli\u00e9s \u00e0 \u00ab\u00a0assister\u00a0\u00bb le pays victime de cette attaque.<\/p>\n","protected":false},"excerpt":{"rendered":"ASSOCIATED PRESS Le Premier ministre polonais Donald Tusk a demand\u00e9 l\u2019activation de l\u2019article 4\u00a0de l\u2019Otan. (photo d\u2019illustration) INTERNATIONAL&hellip;\n","protected":false},"author":2,"featured_media":380690,"comment_status":"","ping_status":"","sticky":false,"template":"","format":"standard","meta":{"footnotes":""},"categories":[2],"tags":[11,1011,27,131,14,12,136,2437,25,132],"class_list":{"0":"post-380689","1":"post","2":"type-post","3":"status-publish","4":"format-standard","5":"has-post-thumbnail","7":"category-actualites","8":"tag-actualites","9":"tag-fr","10":"tag-france","11":"tag-guerre-en-ukraine","12":"tag-international","13":"tag-news","14":"tag-otan","15":"tag-pologne","16":"tag-republique-francaise","17":"tag-russie"},"share_on_mastodon":{"url":"https:\/\/pubeurope.com\/@fr\/115181008490324191","error":""},"_links":{"self":[{"href":"https:\/\/www.europesays.com\/fr\/wp-json\/wp\/v2\/posts\/380689","targetHints":{"allow":["GET"]}}],"collection":[{"href":"https:\/\/www.europesays.com\/fr\/wp-json\/wp\/v2\/posts"}],"about":[{"href":"https:\/\/www.europesays.com\/fr\/wp-json\/wp\/v2\/types\/post"}],"author":[{"embeddable":true,"href":"https:\/\/www.europesays.com\/fr\/wp-json\/wp\/v2\/users\/2"}],"replies":[{"embeddable":true,"href":"https:\/\/www.europesays.com\/fr\/wp-json\/wp\/v2\/comments?post=380689"}],"version-history":[{"count":0,"href":"https:\/\/www.europesays.com\/fr\/wp-json\/wp\/v2\/posts\/380689\/revisions"}],"wp:featuredmedia":[{"embeddable":true,"href":"https:\/\/www.europesays.com\/fr\/wp-json\/wp\/v2\/media\/380690"}],"wp:attachment":[{"href":"https:\/\/www.europesays.com\/fr\/wp-json\/wp\/v2\/media?parent=380689"}],"wp:term":[{"taxonomy":"category","embeddable":true,"href":"https:\/\/www.europesays.com\/fr\/wp-json\/wp\/v2\/categories?post=380689"},{"taxonomy":"post_tag","embeddable":true,"href":"https:\/\/www.europesays.com\/fr\/wp-json\/wp\/v2\/tags?post=380689"}],"curies":[{"name":"wp","href":"https:\/\/api.w.org\/{rel}","templated":true}]}}