{"id":380695,"date":"2025-09-10T16:47:12","date_gmt":"2025-09-10T16:47:12","guid":{"rendered":"https:\/\/www.europesays.com\/fr\/380695\/"},"modified":"2025-09-10T16:47:12","modified_gmt":"2025-09-10T16:47:12","slug":"en-fin-de-contrat-et-frustre-par-sa-situation-un-grand-talent-veut-inverser-la-tendance","status":"publish","type":"post","link":"https:\/\/www.europesays.com\/fr\/380695\/","title":{"rendered":"en fin de contrat et frustr\u00e9 par sa situation, un grand talent veut inverser la tendance"},"content":{"rendered":"<p>Il fait partie des meubles au Stade Toulousain. Depuis de nombreuses saisons, Dimitri Delibes s\u2019est impos\u00e9 comme un couteau suisse \u00f4 combien pr\u00e9cieux pour Ugo Mola et son staff. S\u2019il est r\u00e9guli\u00e8rement utilis\u00e9, que ce soit \u00e0 l\u2019aile, au centre ou \u00e0 l\u2019arri\u00e8re, le trois-quarts peine encore \u00e0 convaincre son entra\u00eeneur de <a href=\"https:\/\/www.quinzemondial.com\/top-14\/stade-toulousain-en-fin-de-contrat-un-grand-talent-se-confie-sur-son-avenir-et-ses-doutes-818620\" target=\"_blank\" rel=\"noopener\">l\u2019aligner lors des phases finales.<\/a><\/p>\n<p>Delibes veut enfin disputer une finale<\/p>\n<p>Titulaire en demi-finale de Champions Cup face \u00e0 l\u2019UBB, l\u2019ancien de Blagnac n\u2019avait pas r\u00e9ussi \u00e0 int\u00e9grer les feuilles de match lors de l\u2019\u00e9pop\u00e9e victorieuse en Top 14. Alors qu\u2019il arrive en fin de contrat \u00e0 l\u2019issue de la saison, Dimitri Delibes compte bien mettre fin \u00e0 cette s\u00e9rie et convaincre le club de le prolonger, comme il l\u2019a confi\u00e9 \u00e0 <a href=\"https:\/\/actu.fr\/occitanie\/toulouse_31555\/je-ne-dois-rien-lacher-dimitri-delibes-espere-enfin-jouer-les-matchs-qui-comptent-a-toulouse_63125615.html\" target=\"_blank\" rel=\"noopener\">Actu Rugby.<\/a><\/p>\n<blockquote>\n<p>\u00ab\u00a0C\u2019est mon objectif. Apr\u00e8s, il me faut monter l\u2019escalier marche par marche. Nous d\u00e9butons une saison, il faut de la r\u00e9gularit\u00e9 et la constance dans les matchs si tu veux pr\u00e9tendre \u00e0 une place en fin d\u2019ann\u00e9e\u00a0\u00bb<\/p>\n<\/blockquote>\n<p>Alors que de nombreuses \u00e9quipes s\u2019int\u00e9resse \u00e0 son profil, Dimitri Delibes a commenc\u00e9 la saison dans la peau d\u2019un titulaire face \u00e0 Clermont, avec un superbe essai \u00e0 la cl\u00e9 sur <a href=\"https:\/\/www.quinzemondial.com\/top-14\/stade-toulousain-pour-mola-ramos-a-bascule-dans-une-autre-ere-818564\" target=\"_blank\" rel=\"noopener\">une passe au pied de Thomas Ramos<\/a>. L\u2019an pass\u00e9, il avait \u00e9t\u00e9 particuli\u00e8rement frustr\u00e9 d\u2019\u00eatre sorti de la rotation.<\/p>\n<blockquote>\n<p>\u00ab\u00a0J\u2019ai beaucoup discut\u00e9 avec les coachs \u00e0 ce sujet : il m\u2019a manqu\u00e9 peut-\u00eatre un peu de r\u00e9gularit\u00e9 dans mon jeu. Ce sont des petites actions, des d\u00e9tails\u2026\u00a0\u00bb<\/p>\n<\/blockquote>\n<p>D\u00e9sormais l\u2019objectif est clair, mettre fin \u00e0 sa frustration et enfin gagner une finale sur le terrain pour celui qui compte quatre Brennus et deux Champions Cup.<\/p>\n<blockquote>\n<p>\u00ab\u00a0J\u2019ai toujours \u00e9t\u00e9 dans ce groupe-l\u00e0 qui a gagn\u00e9, mais je n\u2019ai jamais \u00e9t\u00e9 sur le terrain. J\u2019ai envie d\u2019acc\u00e9der \u00e0 tout \u00e7a\u00a0\u00bb.<\/p>\n<\/blockquote>\n<p>Partagez cette info avec vos amis et vos proches en cliquant ici<br \/>Pour r\u00e9sumer<\/p>\n<p>Joueur important du Stade Toulousain mais encore jamais pr\u00e9sent lors d\u2019une finale disput\u00e9e par son club, un trois-quarts esp\u00e8re inverser la tendance dans les mois \u00e0 venir pour convaincre ses dirigeants de le prolonger.<\/p>\n<p> <img decoding=\"async\" width=\"76\" height=\"76\" loading=\"lazy\" src=\"https:\/\/www.europesays.com\/fr\/wp-content\/uploads\/2025\/04\/avatar-quinze.png\" alt=\"Arnaud D\u00e9chelotte\"\/><\/p>\n","protected":false},"excerpt":{"rendered":"Il fait partie des meubles au Stade Toulousain. Depuis de nombreuses saisons, Dimitri Delibes s\u2019est impos\u00e9 comme un&hellip;\n","protected":false},"author":2,"featured_media":380696,"comment_status":"","ping_status":"","sticky":false,"template":"","format":"standard","meta":{"footnotes":""},"categories":[1416],"tags":[1011,27,479,1468,60],"class_list":{"0":"post-380695","1":"post","2":"type-post","3":"status-publish","4":"format-standard","5":"has-post-thumbnail","7":"category-rugby","8":"tag-fr","9":"tag-france","10":"tag-rugby","11":"tag-rugby-football","12":"tag-sports"},"share_on_mastodon":{"url":"https:\/\/pubeurope.com\/@fr\/115181024140053443","error":""},"_links":{"self":[{"href":"https:\/\/www.europesays.com\/fr\/wp-json\/wp\/v2\/posts\/380695","targetHints":{"allow":["GET"]}}],"collection":[{"href":"https:\/\/www.europesays.com\/fr\/wp-json\/wp\/v2\/posts"}],"about":[{"href":"https:\/\/www.europesays.com\/fr\/wp-json\/wp\/v2\/types\/post"}],"author":[{"embeddable":true,"href":"https:\/\/www.europesays.com\/fr\/wp-json\/wp\/v2\/users\/2"}],"replies":[{"embeddable":true,"href":"https:\/\/www.europesays.com\/fr\/wp-json\/wp\/v2\/comments?post=380695"}],"version-history":[{"count":0,"href":"https:\/\/www.europesays.com\/fr\/wp-json\/wp\/v2\/posts\/380695\/revisions"}],"wp:featuredmedia":[{"embeddable":true,"href":"https:\/\/www.europesays.com\/fr\/wp-json\/wp\/v2\/media\/380696"}],"wp:attachment":[{"href":"https:\/\/www.europesays.com\/fr\/wp-json\/wp\/v2\/media?parent=380695"}],"wp:term":[{"taxonomy":"category","embeddable":true,"href":"https:\/\/www.europesays.com\/fr\/wp-json\/wp\/v2\/categories?post=380695"},{"taxonomy":"post_tag","embeddable":true,"href":"https:\/\/www.europesays.com\/fr\/wp-json\/wp\/v2\/tags?post=380695"}],"curies":[{"name":"wp","href":"https:\/\/api.w.org\/{rel}","templated":true}]}}