{"id":380697,"date":"2025-09-10T16:48:14","date_gmt":"2025-09-10T16:48:14","guid":{"rendered":"https:\/\/www.europesays.com\/fr\/380697\/"},"modified":"2025-09-10T16:48:14","modified_gmt":"2025-09-10T16:48:14","slug":"sloane-stephens-lucrezia-stefanini-wta-500-guadalajara-premier-tour-mercredi-10-septembre-2025-lequipe","status":"publish","type":"post","link":"https:\/\/www.europesays.com\/fr\/380697\/","title":{"rendered":"Sloane Stephens &#8211; Lucrezia Stefanini, WTA 500, Guadalajara, Premier tour, Mercredi 10 septembre 2025 &#8211; L&#039;\u00c9quipe"},"content":{"rendered":"<ol>\n<li><a href=\"https:\/\/news.google.com\/rss\/articles\/CBMizgFBVV95cUxQU2tyTDV3SlU0M3VBdXBoYl95ekg5MHoxb1RPcDJ2aVJfb0c4ODhGUkw4N2stNVdPVEpzbFNQbUowMXRGcVo1WEhQT3A4cHVFcWNqczRTUV9DS05YWmVuZkVPQVhvU1RjNTdwVkRzLUYtQjBndTR4dHdudW5zUng0dVZvMERWVWlCczVPV3BxRDRBckh4VmN6Rnpjd0M5cmJ0cEhXNjExQk51MFZSV0hJdUI1VHZGLW03RVNabkZBQVpfY0J3Wlh5Sk05MGl1QQ?oc=5\" target=\"_blank\" rel=\"noopener\">Sloane Stephens &#8211; Lucrezia Stefanini, WTA 500, Guadalajara, Premier tour, Mercredi 10 septembre 2025<\/a>&nbsp;&nbsp;L&rsquo;\u00c9quipe<\/li>\n<li><a href=\"https:\/\/news.google.com\/rss\/articles\/CBMizwFBVV95cUxQRENQMjVKd0dINWR6TU1EZGxVaWxmOFlKUmNUa2s1Zk5jNW5MZDlPM2t1bzFnajBpcEJYZkdhRlZmNFUzcjZldmtSd0ppbkZqWXZPYU5jM1JvZVBMb0h3aG13SzZnQW1tV3p0cWZhMXhUSklRakcyRVNGWG5LUlBWVTcwcV84dTRFR0lucGozM25nN2s4TmkxNEpKX1N3UFVVLTdJMUVpM2Y2S2ZlRi1teGZrU0JIUERGUktFOGVZR0xXbDdEX3dQbXkwdjhtT0U?oc=5\" target=\"_blank\" rel=\"noopener\">R\u00e9sultat : Dimitar Kuzmanov &#8211; Pablo Llamas Ruiz, Challenger, Szczecin, Deuxi\u00e8me tour, Mercredi 10 septembre 2025<\/a>&nbsp;&nbsp;L&rsquo;\u00c9quipe<\/li>\n<li><a href=\"https:\/\/news.google.com\/rss\/articles\/CBMi8gFBVV95cUxQT0xZeFhIVkp4a3JnTGt4TmVnY1J4QjZmZTBSd0ttdV9KZFNFX2tkY2dYSjNFT1ZYcTBPdFVvUHZuWjNreU1DQmtZaFpCdV9fSS1PMnROeVNfd1VkWEFPNHdKaWpET2dtLUJ3blplOTlDYkx4bkJFbk16UUhlb3VXdGFuS3RMWUVJeExFUWFaWTNaZjBsZHY5bXUxOE9lQXU1S0lPSXNPUjJEWEllb2ZNVTY5MnhaNDNsbllvcklVRkJYREdWbDNHdjJCRTdpRkZKSEZtcHgtRHZUbEwxYjNieWdodUl2VXZ1RWx0cjNXeFRhZw?oc=5\" target=\"_blank\" rel=\"noopener\">Kop Racing du lundi 8 septembre &#8211; Les f\u00e9minines ram\u00e8nent un point du havre (2-2)<\/a>&nbsp;&nbsp;BFMTV<\/li>\n<li><a href=\"https:\/\/news.google.com\/rss\/articles\/CBMibEFVX3lxTE4xemxoeEpnTEM1cVNEbzl0WkFKLUNrYWpoY1BKVC1GQW5DX1ZLaHFId1poVnlkZzNvdmt5cXJ6QlcwVjBKR2ZPYmNDU1FZSnVLb2lKR1VVdF94amp3WV93Z0tuRlZTT0ZoZjlhVA?oc=5\" target=\"_blank\" rel=\"noopener\">Football. Division 1 f\u00e9minine : Manon Wahl, le mur du Racing est d\u00e9j\u00e0 solide<\/a>&nbsp;&nbsp;DNA<\/li>\n<li><a href=\"https:\/\/news.google.com\/rss\/articles\/CBMilgFBVV95cUxQTzAzaVlYOVRsN0tiWTNRYm9TMHREZFZVU0ZEUmcxNVQwZzdZR3RTdHFXTF9PclJCTVRsY005eVlrVlVZcFdiRWF3Z2d2SWJkMUtfLUNMY1BUOTJMN0U5Qm5pSHkzUVdhSHNxWWNZYWRTcmxXTjFkRDBxR3I3ZmVKbFZTS3JxelRmN1BIc0xwME1vMmtIbXc?oc=5\" target=\"_blank\" rel=\"noopener\">Arkema Premi\u00e8re Ligue : les stats avant Havre AC-Racing (J1)<\/a>&nbsp;&nbsp;rcstrasbourgalsace.fr<\/li>\n<\/ol>\n","protected":false},"excerpt":{"rendered":"Sloane Stephens &#8211; Lucrezia Stefanini, WTA 500, Guadalajara, Premier tour, Mercredi 10 septembre 2025&nbsp;&nbsp;L&rsquo;\u00c9quipe R\u00e9sultat : Dimitar Kuzmanov&hellip;\n","protected":false},"author":2,"featured_media":1983,"comment_status":"","ping_status":"","sticky":false,"template":"","format":"standard","meta":{"footnotes":""},"categories":[1415],"tags":[1011,27,60,1467],"class_list":{"0":"post-380697","1":"post","2":"type-post","3":"status-publish","4":"format-standard","5":"has-post-thumbnail","7":"category-tennis","8":"tag-fr","9":"tag-france","10":"tag-sports","11":"tag-tennis"},"share_on_mastodon":{"url":"https:\/\/pubeurope.com\/@fr\/115181027520299617","error":""},"_links":{"self":[{"href":"https:\/\/www.europesays.com\/fr\/wp-json\/wp\/v2\/posts\/380697","targetHints":{"allow":["GET"]}}],"collection":[{"href":"https:\/\/www.europesays.com\/fr\/wp-json\/wp\/v2\/posts"}],"about":[{"href":"https:\/\/www.europesays.com\/fr\/wp-json\/wp\/v2\/types\/post"}],"author":[{"embeddable":true,"href":"https:\/\/www.europesays.com\/fr\/wp-json\/wp\/v2\/users\/2"}],"replies":[{"embeddable":true,"href":"https:\/\/www.europesays.com\/fr\/wp-json\/wp\/v2\/comments?post=380697"}],"version-history":[{"count":0,"href":"https:\/\/www.europesays.com\/fr\/wp-json\/wp\/v2\/posts\/380697\/revisions"}],"wp:featuredmedia":[{"embeddable":true,"href":"https:\/\/www.europesays.com\/fr\/wp-json\/wp\/v2\/media\/1983"}],"wp:attachment":[{"href":"https:\/\/www.europesays.com\/fr\/wp-json\/wp\/v2\/media?parent=380697"}],"wp:term":[{"taxonomy":"category","embeddable":true,"href":"https:\/\/www.europesays.com\/fr\/wp-json\/wp\/v2\/categories?post=380697"},{"taxonomy":"post_tag","embeddable":true,"href":"https:\/\/www.europesays.com\/fr\/wp-json\/wp\/v2\/tags?post=380697"}],"curies":[{"name":"wp","href":"https:\/\/api.w.org\/{rel}","templated":true}]}}