{"id":380698,"date":"2025-09-10T16:50:13","date_gmt":"2025-09-10T16:50:13","guid":{"rendered":"https:\/\/www.europesays.com\/fr\/380698\/"},"modified":"2025-09-10T16:50:13","modified_gmt":"2025-09-10T16:50:13","slug":"motogp-ducati-rabat-ses-cartes-nous-le-recompenserons-alex-marquez-recevra-un-prix-technique-il-aura-certainement-quelque-chose-de-plus","status":"publish","type":"post","link":"https:\/\/www.europesays.com\/fr\/380698\/","title":{"rendered":"MotoGP, Ducati rabat ses cartes : \u00ab\u00a0nous le r\u00e9compenserons, Alex Marquez recevra un prix technique, il aura certainement quelque chose de plus\u00a0\u00bb"},"content":{"rendered":"<p><strong>\u00c0 Barcelone, Alex Marquez a frapp\u00e9 un grand coup. Sa<br \/>\nvictoire n\u2019a pas seulement cass\u00e9 la s\u00e9rie de son fr\u00e8re Marc, elle a<br \/>\nsurtout mis Ducati face \u00e0 une \u00e9vidence embarrassante : le #73 est<br \/>\naujourd\u2019hui plus fiable, plus incisif et plus constant que son<br \/>\ndouble champion Francesco Bagnaia. R\u00e9sultat ? Borgo Panigale<br \/>\npr\u00e9pare d\u00e9j\u00e0 sa r\u00e9compense : un package technique d\u2019usine et,<br \/>\npeut-\u00eatre, une GP26 officielle l\u2019an prochain.<\/strong><\/p>\n<p>Les chiffres parlent : six podiums et deux victoires en course,<br \/>\ndix podiums et une victoire en sprint. <strong>Alex<\/strong> pointe<br \/>\ndeuxi\u00e8me du <strong>championnat<\/strong>, loin devant<br \/>\n<strong>Bagnaia<\/strong>, largu\u00e9 \u00e0 68 points, et <strong>Fabio Di<br \/>\nGiannantonio<\/strong>, repouss\u00e9 \u00e0 144. Pour un pilote satellite,<br \/>\nc\u2019est un affront direct aux pilotes de l\u2019\u00e9quipe usine en GP25.<br \/>\n<strong>Ducati<\/strong>, pragmatique, n\u2019a plus le choix :<br \/>\nr\u00e9compenser celui qui rapporte les r\u00e9sultats.<\/p>\n<p>M\u00eame <strong>Nadia Padovani<\/strong>, patronne de<br \/>\n<strong>Gresini Racing<\/strong>, savourait en Catalogne une<br \/>\nrevanche symbolique : \u00ab c\u2019est une nouvelle victoire pour<br \/>\nl\u2019\u00e9quipe Gresini Racing et <strong>je suis tr\u00e8s heureuse pour<br \/>\nAlex<\/strong>. Samedi, nous \u00e9tions tr\u00e8s proches et nous avons<br \/>\nfinalement remport\u00e9 la victoire. <strong>La deuxi\u00e8me place au<br \/>\nchampionnat sera tr\u00e8s importante pour nous<\/strong> si nous y<br \/>\nparvenons, mais il est temps de savourer cette victoire. \u00bb<\/p>\n<p>Une \u00e9quipe satellite qui ridiculise l\u2019usine, une photo de<br \/>\nfamille o\u00f9 l\u2019outsider prend le devant de la sc\u00e8ne\u2026<br \/>\n<strong>Ducati<\/strong> sort donc les griffes\u2026 pour Alex.<\/p>\n<p><img loading=\"lazy\" decoding=\"async\" class=\"aligncenter wp-image-1328133\" src=\"https:\/\/www.europesays.com\/fr\/wp-content\/uploads\/2025\/09\/Alex-Marquez-1-2.jpg\" alt=\"Alex Marquez \" width=\"974\" height=\"610\"  \/><\/p>\n<p><strong>Alex Marquez s\u2019impose face<br \/>\n\u00e0 Bagnaia et s\u2019attire les faveurs de Ducati<\/strong><\/p>\n<p><strong>Ducati<\/strong> n\u2019a pas tra\u00een\u00e9 \u00e0 r\u00e9agir. <a href=\"https:\/\/www.paddock-gp.com\/motogp-catalogne-ducati-entre-optimisme-et-doutes-la-remontee-de-bagnaia-etait-un-peu-longue-nous-attendons-la-confirmation-a-misano-dit-tardozzi\/\" target=\"_blank\" rel=\"noopener\"><br \/>\n<strong>Davide Tardozzi<\/strong><\/a> a l\u00e2ch\u00e9 la bombe :<\/p>\n<p>\u00ab \u00c0 Barcelone, ce dimanche, Alex l\u2019a m\u00e9rit\u00e9. Samedi,<br \/>\nmalheureusement, il a commis une erreur, mais les deux jours, il a<br \/>\n\u00e9t\u00e9 le plus rapide en piste. <strong>Au nom de l\u2019usine Ducati, nous<br \/>\nne pouvons que l\u2019applaudir<\/strong>. \u00bb<\/p>\n<p>Puis la phrase qui r\u00e9sonne comme une gifle \u00e0 Bagnaia : \u00ab<br \/>\n<strong>nous le r\u00e9compenserons<\/strong>. Alex recevra<br \/>\nun prix technique, il aura certainement quelque chose de plus.<br \/>\n\u00bb Pendant que \u201cPecco\u201d encha\u00eene les qualifications catastrophiques<br \/>\net les excuses techniques, <strong>Ducati<\/strong> d\u00e9roule le tapis<br \/>\nrouge pour son nouveau chouchou.<\/p>\n<p>Rien d\u2019officiel, mais tout s\u2019\u00e9claire : <a href=\"https:\/\/www.paddock-gp.com\/motogp-catalogne-j1-guidotti-explose-le-mythe-il-ny-a-plus-de-domination-ducati\/\" target=\"_blank\" rel=\"noopener\"><br \/>\n<strong>Ducati<\/strong><\/a> envisage d\u2019aligner <strong>quatre GP26<br \/>\nen 2026<\/strong>. Deux pour l\u2019\u00e9quipe officielle, une pour<br \/>\n<strong>Aldeguer<\/strong>\u2026 et la quatri\u00e8me pourrait bien aller \u00e0<br \/>\n<strong>Alex Marquez<\/strong>.<\/p>\n<p>M\u00eame <strong>VR46<\/strong> s\u2019efface, laissant le champ libre :<br \/>\n<strong>\u00ab nous ne sommes pas le genre d\u2019\u00e9quipe \u00e0 mettre des<br \/>\nb\u00e2tons dans les roues<\/strong> \u00bb, a assur\u00e9 <strong>Alessio<br \/>\nSalucci<\/strong>. \u00ab Tant que Ducati continue de nous traiter<br \/>\ncomme \u00e7a, qu\u2019ils fassent pareil avec les autres, pas de<br \/>\nprobl\u00e8me. \u00bb<\/p>\n<p><a href=\"https:\/\/www.paddock-gp.com\/motogp-carlo-pernat-previent-bagnaia-avec-ce-phenomene-marc-marquez-a-tes-cotes-je-reflechirais-serieusement-a-partir\/\" target=\"_blank\" rel=\"noopener\"><br \/>\n<strong>Bagnaia<\/strong><\/a> reste le \u201cpilote historique\u201d de<br \/>\n<strong>Ducati<\/strong> apr\u00e8s <strong>Casey Stoner<\/strong>, mais<br \/>\nses r\u00e9sultats actuels sont indignes de ce statut. Et dans un<br \/>\npaddock o\u00f9 seule la performance compte, <strong>Ducati<\/strong><br \/>\nenvoie un message limpide : celui qui gagne sera r\u00e9compens\u00e9, m\u00eame<br \/>\ns\u2019il s\u2019appelle <strong>Alex Marquez<\/strong>.<\/p>\n<p>Ironie du sort : pendant que <strong>Marc<\/strong> marche vers<br \/>\nun nouveau titre et que <strong>Pecco<\/strong> s\u2019enfonce, c\u2019est<br \/>\n<strong>Alex<\/strong> qui arrache les faveurs techniques de<br \/>\n<strong>Ducati<\/strong>. Et si la GP26 finit dans son box en 2026,<br \/>\nce sera la preuve que Borgo Panigale pr\u00e9f\u00e8re miser sur le \u201cfr\u00e8re<br \/>\nde\u201d plut\u00f4t que sur son propre champion <a href=\"https:\/\/www.motogp.com\/en\" target=\"_blank\" rel=\"noopener\">MotoGP<\/a> d\u00e9chu.<\/p>\n<p><img loading=\"lazy\" decoding=\"async\" class=\"aligncenter size-full wp-image-1328134\" src=\"https:\/\/www.europesays.com\/fr\/wp-content\/uploads\/2025\/09\/Alex-Marquez-2-2.jpg\" alt=\"Alex Marquez \" width=\"1029\" height=\"462\"  \/><\/p>\n","protected":false},"excerpt":{"rendered":"\u00c0 Barcelone, Alex Marquez a frapp\u00e9 un grand coup. Sa victoire n\u2019a pas seulement cass\u00e9 la s\u00e9rie de&hellip;\n","protected":false},"author":2,"featured_media":380699,"comment_status":"","ping_status":"","sticky":false,"template":"","format":"standard","meta":{"footnotes":""},"categories":[1413],"tags":[1011,27,1457,1456,60],"class_list":{"0":"post-380698","1":"post","2":"type-post","3":"status-publish","4":"format-standard","5":"has-post-thumbnail","7":"category-moto","8":"tag-fr","9":"tag-france","10":"tag-moto","11":"tag-motocycle","12":"tag-sports"},"share_on_mastodon":{"url":"https:\/\/pubeurope.com\/@fr\/115181035963630442","error":""},"_links":{"self":[{"href":"https:\/\/www.europesays.com\/fr\/wp-json\/wp\/v2\/posts\/380698","targetHints":{"allow":["GET"]}}],"collection":[{"href":"https:\/\/www.europesays.com\/fr\/wp-json\/wp\/v2\/posts"}],"about":[{"href":"https:\/\/www.europesays.com\/fr\/wp-json\/wp\/v2\/types\/post"}],"author":[{"embeddable":true,"href":"https:\/\/www.europesays.com\/fr\/wp-json\/wp\/v2\/users\/2"}],"replies":[{"embeddable":true,"href":"https:\/\/www.europesays.com\/fr\/wp-json\/wp\/v2\/comments?post=380698"}],"version-history":[{"count":0,"href":"https:\/\/www.europesays.com\/fr\/wp-json\/wp\/v2\/posts\/380698\/revisions"}],"wp:featuredmedia":[{"embeddable":true,"href":"https:\/\/www.europesays.com\/fr\/wp-json\/wp\/v2\/media\/380699"}],"wp:attachment":[{"href":"https:\/\/www.europesays.com\/fr\/wp-json\/wp\/v2\/media?parent=380698"}],"wp:term":[{"taxonomy":"category","embeddable":true,"href":"https:\/\/www.europesays.com\/fr\/wp-json\/wp\/v2\/categories?post=380698"},{"taxonomy":"post_tag","embeddable":true,"href":"https:\/\/www.europesays.com\/fr\/wp-json\/wp\/v2\/tags?post=380698"}],"curies":[{"name":"wp","href":"https:\/\/api.w.org\/{rel}","templated":true}]}}