{"id":380700,"date":"2025-09-10T16:51:16","date_gmt":"2025-09-10T16:51:16","guid":{"rendered":"https:\/\/www.europesays.com\/fr\/380700\/"},"modified":"2025-09-10T16:51:16","modified_gmt":"2025-09-10T16:51:16","slug":"quand-les-athletes-sengagent-pour-la-planete","status":"publish","type":"post","link":"https:\/\/www.europesays.com\/fr\/380700\/","title":{"rendered":"Quand les athl\u00e8tes s\u2019engagent pour la plan\u00e8te"},"content":{"rendered":"<p style=\"text-align: justify;\"><strong>Du 2 au 6 septembre, Chamonix-Mont-Blanc a vibr\u00e9 au rythme de la 4e \u00e9dition de Sport for Future, un \u00e9v\u00e9nement unique en France qui mobilise le monde du sport face aux enjeux climatiques. Soutenu par Newrest, partenaire engag\u00e9, cet \u00e9v\u00e9nement port\u00e9 par la kitesurfeuse Armelle Courtois, vice-championne du monde, et le c\u00e9iste Martin Thomas, champion du monde et finaliste olympique, s\u2019est impos\u00e9 depuis 2022 comme un rendez-vous incontournable. <\/strong><\/p>\n<p style=\"text-align: justify;\">Pendant cinq jours, athl\u00e8tes, experts et grand public se sont r\u00e9unis pour r\u00e9fl\u00e9chir \u00e0 l\u2019avenir du sport dans un contexte de crise environnementale. Au pied des glaciers du massif du Mont-Blanc, Sport for Future a propos\u00e9 une exp\u00e9rience immersive m\u00ealant sport, sensibilisation et r\u00e9flexion.<\/p>\n<p style=\"text-align: justify;\">Les athl\u00e8tes de haut niveau, parmi lesquels Xavier Th\u00e9venard (triple vainqueur de l\u2019UTMB), Maya Cloetens (bi-athl\u00e8te belge), Youn\u00e8s Nezar (sp\u00e9cialiste du 100 m\u00e8tres) et Chlo\u00e9 Trespeuch (snowboardeuse fran\u00e7aise), ont particip\u00e9 \u00e0 des ateliers pratiques, des conf\u00e9rences et des activit\u00e9s sur glacier. Objectif : repenser leur pratique sportive, choisir des sponsors align\u00e9s sur des valeurs durables et inspirer les jeunes g\u00e9n\u00e9rations \u00e0 agir pour la plan\u00e8te.<\/p>\n<blockquote class=\"instagram-media\" style=\"background: #FFF; border: 0; border-radius: 3px; box-shadow: 0 0 1px 0 rgba(0,0,0,0.5),0 1px 10px 0 rgba(0,0,0,0.15); margin: 1px; max-width: 540px; min-width: 326px; padding: 0; width: calc(100% - 2px);\" data-instgrm-captioned=\"\" data-instgrm-permalink=\"https:\/\/www.instagram.com\/reel\/DOY9dC7CG4v\/?utm_source=ig_embed&amp;utm_campaign=loading\" data-instgrm-version=\"14\">\n<\/blockquote>\n<p><strong>Un programme riche et inclusif<\/strong><\/p>\n<ul style=\"text-align: justify;\">\n<li><strong>3 jours d\u00e9di\u00e9s aux athl\u00e8tes<\/strong> : randonn\u00e9e glaciaire et ramassage de d\u00e9chets, Fresque de la Montagne, calcul d\u2019empreinte carbone et eau, m\u00e9dia training, speed dating avec des associations engag\u00e9es, interventions de glaciologues, \u00e9conomistes et sp\u00e9cialistes du sponsoring responsable.<\/li>\n<li><strong>1 journ\u00e9e consacr\u00e9e aux partenaires et acteurs du secteur sportif<\/strong> : sensibilisation des collaborateurs et des institutions (f\u00e9d\u00e9rations, sponsors, acteurs publics) avec une visite de l\u2019Aiguille du Midi, des ateliers pour imaginer le sport durable de demain.<\/li>\n<li><strong>1 journ\u00e9e ouverte au grand public<\/strong> : table ronde \u00ab\u00a0En qu\u00eate d\u2019\u00e9quilibre\u00a0: pratiques sportives et territoires en transition\u00a0\u00bb, ateliers, \u00e9changes avec les athl\u00e8tes.<\/li>\n<\/ul>\n<p style=\"text-align: justify;\">Plac\u00e9e sous le parrainage du minist\u00e8re des Sports et des Jeux Olympiques et Paralympiques, cette quatri\u00e8me \u00e9dition a b\u00e9n\u00e9fici\u00e9 du soutien de nombreux partenaires tels que Mirova Foundation, Compagnie du Mont-Blanc, Millet\u00ae, UBAM et bien s\u00fbr Newrest, qui partage les valeurs de responsabilit\u00e9 et d\u2019engagement port\u00e9es par l\u2019\u00e9v\u00e9nement.<\/p>\n<p>\t\t\t<script async src=\"\/\/www.instagram.com\/embed.js\"><\/script><\/p>\n","protected":false},"excerpt":{"rendered":"Du 2 au 6 septembre, Chamonix-Mont-Blanc a vibr\u00e9 au rythme de la 4e \u00e9dition de Sport for Future,&hellip;\n","protected":false},"author":2,"featured_media":380701,"comment_status":"","ping_status":"","sticky":false,"template":"","format":"standard","meta":{"footnotes":""},"categories":[1412],"tags":[1451,1452,1453,1454,1455,1011,27,60],"class_list":{"0":"post-380700","1":"post","2":"type-post","3":"status-publish","4":"format-standard","5":"has-post-thumbnail","7":"category-f1","8":"tag-f1","9":"tag-formula-1","10":"tag-formula1","11":"tag-formule-1","12":"tag-formule1","13":"tag-fr","14":"tag-france","15":"tag-sports"},"share_on_mastodon":{"url":"https:\/\/pubeurope.com\/@fr\/115181039342555941","error":""},"_links":{"self":[{"href":"https:\/\/www.europesays.com\/fr\/wp-json\/wp\/v2\/posts\/380700","targetHints":{"allow":["GET"]}}],"collection":[{"href":"https:\/\/www.europesays.com\/fr\/wp-json\/wp\/v2\/posts"}],"about":[{"href":"https:\/\/www.europesays.com\/fr\/wp-json\/wp\/v2\/types\/post"}],"author":[{"embeddable":true,"href":"https:\/\/www.europesays.com\/fr\/wp-json\/wp\/v2\/users\/2"}],"replies":[{"embeddable":true,"href":"https:\/\/www.europesays.com\/fr\/wp-json\/wp\/v2\/comments?post=380700"}],"version-history":[{"count":0,"href":"https:\/\/www.europesays.com\/fr\/wp-json\/wp\/v2\/posts\/380700\/revisions"}],"wp:featuredmedia":[{"embeddable":true,"href":"https:\/\/www.europesays.com\/fr\/wp-json\/wp\/v2\/media\/380701"}],"wp:attachment":[{"href":"https:\/\/www.europesays.com\/fr\/wp-json\/wp\/v2\/media?parent=380700"}],"wp:term":[{"taxonomy":"category","embeddable":true,"href":"https:\/\/www.europesays.com\/fr\/wp-json\/wp\/v2\/categories?post=380700"},{"taxonomy":"post_tag","embeddable":true,"href":"https:\/\/www.europesays.com\/fr\/wp-json\/wp\/v2\/tags?post=380700"}],"curies":[{"name":"wp","href":"https:\/\/api.w.org\/{rel}","templated":true}]}}