{"id":380706,"date":"2025-09-10T16:54:11","date_gmt":"2025-09-10T16:54:11","guid":{"rendered":"https:\/\/www.europesays.com\/fr\/380706\/"},"modified":"2025-09-10T16:54:11","modified_gmt":"2025-09-10T16:54:11","slug":"judith-godreche-dit-son-incomprehension-apres-sa-mise-en-examen-pour-diffamation-envers-jacques-doillon-actualites","status":"publish","type":"post","link":"https:\/\/www.europesays.com\/fr\/380706\/","title":{"rendered":"Judith Godr\u00e8che dit son incompr\u00e9hension apr\u00e8s sa mise en examen pour diffamation envers Jacques Doillon : Actualit\u00e9s"},"content":{"rendered":"<p class=\"lead \">La com\u00e9dienne Judith Godr\u00e8che, fer de lance de MeToo en France, a fait part mercredi sur Instagram de son incompr\u00e9hension apr\u00e8s sa mise en examen pour diffamation envers le cin\u00e9aste Jacques Doillon, qu&rsquo;elle accuse de viol quand elle avait 15 ans.<\/p>\n<p class=\"lead \">En mati\u00e8re de diffamation, la mise en examen de la personne vis\u00e9e par une plainte est automatique et ne r\u00e9sulte pas, comme dans une proc\u00e9dure p\u00e9nale classique, d&rsquo;une enqu\u00eate ayant mis au jour des \u00ab\u00a0indices graves et concordants\u00a0\u00bb. <\/p>\n<p class=\"lead \">Annon\u00e7ant sa mise en examen sur Instagram, la com\u00e9dienne de 53 ans a mis en parall\u00e8le la plainte qu&rsquo;elle a d\u00e9pos\u00e9e pour viol d\u00e9but 2024 et la proc\u00e9dure qui la vise pour avoir \u00e9crit sur Instagram que M. Doillon avait pour sp\u00e9cialit\u00e9 de tourner avec des enfants \u00ab\u00a0avec qui il couche\u00a0\u00bb.<\/p>\n<p class=\"lead \">\u00ab\u00a0D&rsquo;un c\u00f4t\u00e9, ma plainte contre lui se heurte \u00e0 la prescription. De l&rsquo;autre, pour sa plainte contre moi, la justice ne perd pas de temps\u00a0\u00bb, affirme-t-elle sur Instagram, avant de lancer: \u00ab\u00a0A votre avis, \u00e7a encouragera les victimes \u00e0 d\u00e9noncer les violences qu&rsquo;elles ont subies, ou \u00e7a les dissuadera?\u00a0\u00bb.<\/p>\n<p class=\"lead \">Apr\u00e8s la plainte de Mme Godr\u00e8che, suivie par celles de trois autres personnes, une enqu\u00eate avait \u00e9t\u00e9 ouverte et Jacques Doillon avait \u00e9t\u00e9 plac\u00e9 fin 2024 sous le statut interm\u00e9diaire de t\u00e9moin assist\u00e9. Le cin\u00e9aste de 81 ans, figure du cin\u00e9ma d&rsquo;auteur, conteste les faits.<\/p>\n<p class=\"lead \">Sur Instagram, Judith Godr\u00e8che dit toutefois attendre avec impatience le proc\u00e8s en diffamation, qui aura lieu sauf d\u00e9sistement de M. Doillon. \u00ab\u00a0J&rsquo;ai h\u00e2te de venir expliquer la v\u00e9rit\u00e9 de son comportement\u00a0\u00bb, \u00e9crit-elle.<\/p>\n<p class=\"lead \">Le recours \u00e0 des plaintes pour diffamation dans des dossiers de violences sexuelles a d\u00e9j\u00e0 \u00e9t\u00e9 d\u00e9nonc\u00e9 par des plaignantes comme un moyen \u00ab\u00a0d&rsquo;intimidation\u00a0\u00bb.<\/p>\n<p class=\"lead \">Le 6 septembre, un collectif de journalistes s&rsquo;est \u00e9mu de la mise en examen de la journaliste sportive Marie Portolano \u00e0 la suite d&rsquo;une plainte pour diffamation d\u00e9pos\u00e9e par le chroniqueur Pierre M\u00e9n\u00e8s, apr\u00e8s la parution d&rsquo;un livre o\u00f9 elle relatait une agression sexuelle sur le plateau de Canal+ en 2016.<\/p>\n<p class=\"lead \">Selon le collectif, la plainte en diffamation provoque \u00ab\u00a0une inversion de la charge victimaire: au lieu d&rsquo;entendre la parole d&rsquo;une femme qui d\u00e9nonce des violences patriarcales, c&rsquo;est elle qui se trouve en position d&rsquo;\u00eatre attaqu\u00e9e en justice\u00a0\u00bb.<\/p>\n<p class=\"small font-weight-bold text-gray3 \"> publi\u00e9 le 10 septembre \u00e0 18h15, AFP<\/p>\n<p>                             Partager<\/p>\n","protected":false},"excerpt":{"rendered":"La com\u00e9dienne Judith Godr\u00e8che, fer de lance de MeToo en France, a fait part mercredi sur Instagram de&hellip;\n","protected":false},"author":2,"featured_media":380707,"comment_status":"","ping_status":"","sticky":false,"template":"","format":"standard","meta":{"footnotes":""},"categories":[1359],"tags":[1120,1972,58,1769,59,1011,27,973,4780],"class_list":{"0":"post-380706","1":"post","2":"type-post","3":"status-publish","4":"format-standard","5":"has-post-thumbnail","7":"category-people","8":"tag-agression","9":"tag-cinma","10":"tag-divertissement","11":"tag-enqute","12":"tag-entertainment","13":"tag-fr","14":"tag-france","15":"tag-people","16":"tag-procs"},"share_on_mastodon":{"url":"https:\/\/pubeurope.com\/@fr\/115181051137286102","error":""},"_links":{"self":[{"href":"https:\/\/www.europesays.com\/fr\/wp-json\/wp\/v2\/posts\/380706","targetHints":{"allow":["GET"]}}],"collection":[{"href":"https:\/\/www.europesays.com\/fr\/wp-json\/wp\/v2\/posts"}],"about":[{"href":"https:\/\/www.europesays.com\/fr\/wp-json\/wp\/v2\/types\/post"}],"author":[{"embeddable":true,"href":"https:\/\/www.europesays.com\/fr\/wp-json\/wp\/v2\/users\/2"}],"replies":[{"embeddable":true,"href":"https:\/\/www.europesays.com\/fr\/wp-json\/wp\/v2\/comments?post=380706"}],"version-history":[{"count":0,"href":"https:\/\/www.europesays.com\/fr\/wp-json\/wp\/v2\/posts\/380706\/revisions"}],"wp:featuredmedia":[{"embeddable":true,"href":"https:\/\/www.europesays.com\/fr\/wp-json\/wp\/v2\/media\/380707"}],"wp:attachment":[{"href":"https:\/\/www.europesays.com\/fr\/wp-json\/wp\/v2\/media?parent=380706"}],"wp:term":[{"taxonomy":"category","embeddable":true,"href":"https:\/\/www.europesays.com\/fr\/wp-json\/wp\/v2\/categories?post=380706"},{"taxonomy":"post_tag","embeddable":true,"href":"https:\/\/www.europesays.com\/fr\/wp-json\/wp\/v2\/tags?post=380706"}],"curies":[{"name":"wp","href":"https:\/\/api.w.org\/{rel}","templated":true}]}}