{"id":380716,"date":"2025-09-10T16:59:26","date_gmt":"2025-09-10T16:59:26","guid":{"rendered":"https:\/\/www.europesays.com\/fr\/380716\/"},"modified":"2025-09-10T16:59:26","modified_gmt":"2025-09-10T16:59:26","slug":"matt-damon-narretera-jamais-de-tourner-avec-ben-affleck-et-cest-a-cause-des-beatles","status":"publish","type":"post","link":"https:\/\/www.europesays.com\/fr\/380716\/","title":{"rendered":"Matt Damon n\u2019arr\u00eatera jamais de tourner avec Ben Affleck et c\u2019est \u00e0 cause des Beatles"},"content":{"rendered":"<p>        <img decoding=\"async\" loading=\"lazy\" src=\"https:\/\/www.europesays.com\/fr\/wp-content\/uploads\/2025\/09\/693ad42_1706260128555-063-1474443248.jpg\"  width=\"728\" height=\"410\" alt=\"Ben Affleck et Matt Damon collaborent sur un nouveau film pour Netflix.\"\/>  <\/p>\n<p>MICHAEL LOCCISANO \/ Getty Images via AFP<\/p>\n<p>Ben Affleck et Matt Damon collaborent sur un nouveau film pour Netflix.<\/p>\n<p class=\"asset asset-text\">CIN\u00c9MA &#8211; Ils ne sont pas pr\u00e8s de se s\u00e9parer. Et \u00e7a, ils le doivent aux Beatles. Dans une interview pour GQ, Matt Damon et Ben Affleck ont expliqu\u00e9 vouloir continuer \u00e0 travailler ensemble, une d\u00e9cision inspir\u00e9e par le <a href=\"https:\/\/www.huffingtonpost.fr\/culture\/article\/le-brame-du-cerf-sur-france-tv-une-telerealite-pas-comme-les-autres-dans-la-foret-de-rambouillet_254552.html\" target=\"_blank\" rel=\"noopener\">documentaire<\/a> Get Back de Peter Jackson, sorti en 2021. Matt Damon raconte avoir \u00e9t\u00e9 profond\u00e9ment touch\u00e9 par le carton final annon\u00e7ant la s\u00e9paration du groupe. <a href=\"https:\/\/www.huffingtonpost.fr\/culture\/article\/dans-the-vampire-diaries-l-actrice-principale-n-a-jamais-recu-le-meme-salaire-que-ses-co-stars-masculines_254643.html\" target=\"_blank\" rel=\"noopener\">L\u2019acteur<\/a> am\u00e9ricain en a eu la larme \u00e0 l\u2019\u0153il et explique \u00ab\u00a0ne pas avoir envie de vivre \u00e7a avec Ben\u00a0\u00bb.<\/p>\n<p class=\"asset asset-text\">Amis de longue date, les stars de Will Hunting ont encha\u00een\u00e9 trois <a href=\"https:\/\/www.huffingtonpost.fr\/culture\/article\/stephen-king-devoila-la-liste-de-ses-10-films-preferes-et-il-y-a-des-surprises_254613.html\" target=\"_blank\" rel=\"noopener\">films<\/a> en quatre ans (The Last Duel, Air, The Rip). \u00ab\u00a0Qui se soucie de sursaturer le march\u00e9 avec des films dans lesquels nous sommes tous les deux\u00a0?\u00a0\u00bb, s\u2019interroge Damon, avant d\u2019ajouter\u00a0: \u00ab\u00a0On serait fous de ne pas profiter du fait qu\u2019on est encore l\u00e0 et capables de faire \u00e7a.\u00a0\u00bb<\/p>\n<p>           <strong>The RIP\u00a0: Ben Affleck et Matt Damon bient\u00f4t sur Netflix<\/strong>    <\/p>\n<p class=\"asset asset-text\">Bient\u00f4t en costume de flic \u00e0 Miami, Ben Affleck et Matt Damon seront \u00e0 l\u2019affiche du polar The Rip, aux c\u00f4t\u00e9s de Sasha Calle, Steven Yeun et Teyana Taylor. Ce projet est attendu le 16\u00a0janvier\u00a02026 sur Netflix, et promet d\u00e9j\u00e0 d\u2019\u00eatre l\u2019un des polars les plus suivis de la saison.<\/p>\n<p class=\"asset asset-text\">Une chose est s\u00fbre\u00a0: devant ou derri\u00e8re la cam\u00e9ra, les deux amis comptent bien continuer \u00e0 collaborer, soutenus par leur soci\u00e9t\u00e9 de production Artists Equity, qu\u2019ils dirigent depuis 2022. \u00ab\u00a0Notre objectif est toujours de faire des films que nous pensons que nous aimerions\u00a0\u00bb, explique Matt Damon. Il n\u2019y a aucun doute l\u2019une des bromances les plus appr\u00e9ci\u00e9es de Hollywood montre qu\u2019elle est loin de s\u2019essouffler.<\/p>\n","protected":false},"excerpt":{"rendered":"MICHAEL LOCCISANO \/ Getty Images via AFP Ben Affleck et Matt Damon collaborent sur un nouveau film pour&hellip;\n","protected":false},"author":2,"featured_media":380717,"comment_status":"","ping_status":"","sticky":false,"template":"","format":"standard","meta":{"footnotes":""},"categories":[1354],"tags":[19333,650,251,58,59,1346,1011,27,4424,1360,127],"class_list":{"0":"post-380716","1":"post","2":"type-post","3":"status-publish","4":"format-standard","5":"has-post-thumbnail","7":"category-films","8":"tag-ben-affleck","9":"tag-cinema","10":"tag-culture","11":"tag-divertissement","12":"tag-entertainment","13":"tag-films","14":"tag-fr","15":"tag-france","16":"tag-matt-damon","17":"tag-movies","18":"tag-netflix"},"share_on_mastodon":{"url":"https:\/\/pubeurope.com\/@fr\/115181071041799283","error":""},"_links":{"self":[{"href":"https:\/\/www.europesays.com\/fr\/wp-json\/wp\/v2\/posts\/380716","targetHints":{"allow":["GET"]}}],"collection":[{"href":"https:\/\/www.europesays.com\/fr\/wp-json\/wp\/v2\/posts"}],"about":[{"href":"https:\/\/www.europesays.com\/fr\/wp-json\/wp\/v2\/types\/post"}],"author":[{"embeddable":true,"href":"https:\/\/www.europesays.com\/fr\/wp-json\/wp\/v2\/users\/2"}],"replies":[{"embeddable":true,"href":"https:\/\/www.europesays.com\/fr\/wp-json\/wp\/v2\/comments?post=380716"}],"version-history":[{"count":0,"href":"https:\/\/www.europesays.com\/fr\/wp-json\/wp\/v2\/posts\/380716\/revisions"}],"wp:featuredmedia":[{"embeddable":true,"href":"https:\/\/www.europesays.com\/fr\/wp-json\/wp\/v2\/media\/380717"}],"wp:attachment":[{"href":"https:\/\/www.europesays.com\/fr\/wp-json\/wp\/v2\/media?parent=380716"}],"wp:term":[{"taxonomy":"category","embeddable":true,"href":"https:\/\/www.europesays.com\/fr\/wp-json\/wp\/v2\/categories?post=380716"},{"taxonomy":"post_tag","embeddable":true,"href":"https:\/\/www.europesays.com\/fr\/wp-json\/wp\/v2\/tags?post=380716"}],"curies":[{"name":"wp","href":"https:\/\/api.w.org\/{rel}","templated":true}]}}