{"id":380718,"date":"2025-09-10T17:00:11","date_gmt":"2025-09-10T17:00:11","guid":{"rendered":"https:\/\/www.europesays.com\/fr\/380718\/"},"modified":"2025-09-10T17:00:11","modified_gmt":"2025-09-10T17:00:11","slug":"a-43-ans-il-pensait-avoir-attrape-un-coup-de-froid-mais-souffrait-en-realite-dun-cancer-honteux","status":"publish","type":"post","link":"https:\/\/www.europesays.com\/fr\/380718\/","title":{"rendered":"\u00e0 43 ans, il pensait avoir attrap\u00e9 un coup de froid mais souffrait en r\u00e9alit\u00e9 d&rsquo;un cancer \u00ab\u00a0honteux\u00a0\u00bb"},"content":{"rendered":"<p class=\"mb-4 text-lg md:leading-8 break-words\">C\u00e9dric est diagnostiqu\u00e9 d\u2019un <a data-i13n=\"cpos:1;pos:1\" href=\"https:\/\/fr.style.yahoo.com\/cancer-gorge-sympt%C3%B4mes-doivent-alerter-103001706.html\" data-ylk=\"slk:cancer de la gorge;cpos:1;pos:1;elm:context_link;itc:0;sec:content-canvas;outcm:mb_qualified_link;_E:mb_qualified_link;ct:story;\" class=\"link  yahoo-link\" rel=\"nofollow noopener\" target=\"_blank\">cancer de la gorge<\/a> suite \u00e0<a data-i13n=\"cpos:2;pos:1\" href=\"https:\/\/fr.style.yahoo.com\/cancer-gorge-ist-arthur-sadoun-anne-sophie-lapix-152241970.html\" data-ylk=\"slk:une infection au papillomaviru;cpos:2;pos:1;elm:context_link;itc:0;sec:content-canvas;outcm:mb_qualified_link;_E:mb_qualified_link;ct:story;\" class=\"link  yahoo-link\" rel=\"nofollow noopener\" target=\"_blank\"> une infection au papillomaviru<\/a>s \u00e0 l\u2019\u00e2ge de 43 ans : \u00ab\u00a0J\u2019ai \u00e9t\u00e9 malade pendant plusieurs mois et j\u2019ai fait tra\u00eener. Au d\u00e9but, j\u2019avais juste mal \u00e0 gorge, du mal \u00e0 avaler, des choses comme \u00e7a. Je me disais que c\u2019\u00e9tait un coup de froid. Quand \u00e7a n\u2019est pas pass\u00e9, je me disais que je n\u2019avais pas fait ce qu\u2019il fallait et que j\u2019\u00e9tais juste trop fatigu\u00e9 pour gu\u00e9rir. Et puis \u00e7a s\u2019est empir\u00e9. J\u2019ai \u00e9t\u00e9 voir mon m\u00e9decin en lui disant bien que <a data-i13n=\"cpos:3;pos:1\" href=\"https:\/\/fr.style.yahoo.com\/cancer-orl-pourquoi-faut-absolument-100220347.html\" data-ylk=\"slk:j\u2019avais fait tra\u00eener;cpos:3;pos:1;elm:context_link;itc:0;sec:content-canvas;outcm:mb_qualified_link;_E:mb_qualified_link;ct:story;\" class=\"link  yahoo-link\" rel=\"nofollow noopener\" target=\"_blank\">j\u2019avais fait tra\u00eener<\/a>. Il a regard\u00e9. Il a vu des choses bizarres, je pense, parce qu\u2019il m\u2019a envoy\u00e9 faire des examens compl\u00e9mentaires. Dans la semaine, j\u2019avais le diagnostic : cancer de la gorge \u00e0 cause du <a data-i13n=\"cpos:4;pos:1\" href=\"https:\/\/fr.news.yahoo.com\/cest-grave-davoir-papillomavirus-080000811.html\" data-ylk=\"slk:papillomavirus;cpos:4;pos:1;elm:context_link;itc:0;sec:content-canvas;outcm:mb_qualified_link;_E:mb_qualified_link;ct:story;\" class=\"link  yahoo-link\" rel=\"nofollow noopener\" target=\"_blank\">papillomavirus<\/a>. J\u2019avais les sortes de verrues qu\u2019on peut avoir \u00e0 cause de ce virus donc, c\u2019\u00e9tait clair que c\u2019\u00e9tait la cause. On m\u2019a expliqu\u00e9 d\u2019o\u00f9 \u00e7a venait. J\u2019ai appris qu\u2019on pouvait attrap\u00e9 \u00e7a en faisant du sexe oral. J\u2019en avais \u00e0 peine entendu parler pour le sexe tout court. Je pense que c\u2019est surtout les femmes qu\u2019on emb\u00eate avec \u00e7a. Et, \u00e9videmment, je ne fais pas partie de la g\u00e9n\u00e9ration qui a \u00e9t\u00e9 vaccin\u00e9e.\u00a0\u00bb<\/p>\n<p>Le papillomavirus d\u00e9clenche de la honte chez C\u00e9dric<\/p>\n<p class=\"mb-4 text-lg md:leading-8 break-words\">\u00c0 cause du virus, C\u00e9dric n\u2019assume pas \u00eatre malade : \u00ab\u00a0Quand on pense cancer de la gorge, on pense forc\u00e9ment gros fumeur. Ce n\u2019est pas mon cas. Donc les gens s\u2019\u00e9tonnaient. \u00c7a aurait pris une seconde de dire que c\u2019\u00e9tait \u00e0 cause du papillomavirus. Mais, \u00e0 cette \u00e9poque, j\u2019ai eu honte. \u00c7a impliquait forc\u00e9ment de la sexualit\u00e9. \u00c7a impliquait forc\u00e9ment les fameuses verrues pour ceux qui connaissent. \u00c7a impliquait que je n\u2019avais pas fait attention. En dehors de ma femme, j\u2019ai eu du mal \u00e0 en parler. J\u2019ai pu le faire bien apr\u00e8s \u00e0 des amies de confiance qui m\u2019ont partag\u00e9 leurs exp\u00e9riences avec le papillomavirus. Ce qui est fou, c\u2019est que les femmes connaissent bien \u00e7a. Je ne sais pas si elles en parlent entre elles mais toutes celles \u00e0 qui j\u2019en ai parl\u00e9 avaient une histoire dessus. Soit du stress \u00e0 attendre des r\u00e9sultats d\u2019examens genre frottis ou biopsie, soit des trucs plus graves et chirurgicaux, comme l&rsquo;ablation d&rsquo;une partie du col de l\u2019ut\u00e9rus. Et personne n\u2019en parle. Avec la maladie, j\u2019ai d\u00e9couvert tout un monde li\u00e9 aux femmes. \u00c7a m\u2019a rapproch\u00e9 des femmes en fait. Un simple cancer de la gorge, \u00e7a n\u2019aurait pas fait \u00e7a. L\u00e0, j\u2019ai \u00e9t\u00e9 accept\u00e9 dans une sorte de groupe secret des gens, des femmes, qui ont des histoires de papillomavirus. J\u2019ai rencontr\u00e9 des hommes aussi. J\u2019ai eu un m\u00e9decin qui insistait pour que fasse des groupes de parole, quand j\u2019ai \u00e9t\u00e9 capable d\u2019en faire, donc j\u2019ai vu qu\u2019il y avait des hommes aussi. C\u2019est fou le silence qu\u2019il y a autour de ces maladies.\u00a0\u00bb<\/p>\n<p>C\u00e9dric vit ce qu&rsquo;il estime \u00eatre une guerre psychologique<\/p>\n<p class=\"mb-4 text-lg md:leading-8 break-words\">C\u00e9dric est d\u00e9sormais gu\u00e9ri : \u00ab\u00a0Il y a toujours un risque d\u2019en mourir. C\u2019est pour \u00e7a qu\u2019il faut \u00eatre bien entour\u00e9. Tu sais qu\u2019il y a le risque d\u2019en mourir, mais tu dois aussi avoir un super moral pour aider ton corps \u00e0 affronter la maladie. C\u2019est tr\u00e8s dur de trouver cet \u00e9quilibre. Moi, j\u2019ai eu la chance d\u2019avoir des super m\u00e9decins, ma femme et mon fils. Sans \u00e7a, j\u2019aurais baiss\u00e9 les bras. On dit que la maladie c\u2019est dur, mais, pour moi, \u00e7a a \u00e9t\u00e9 surtout tout ce qu\u2019il y a autour, mes a priori sur la maladie, mes id\u00e9es re\u00e7ues, le jargon m\u00e9dical que je ne comprenais pas toujours, les questions que je posais et qui n\u2019avaient pas toujours de r\u00e9ponse. C\u2019est une guerre du corps mais c\u2019est aussi une guerre psychologique. C\u2019est comme \u00e7a que je l\u2019ai v\u00e9cu en tout cas. Et c\u2019est ce qui a \u00e9t\u00e9 le plus dur pour moi, c\u2019est s\u00fbr.\u00a0\u00bb<\/p>\n<p class=\"mb-4 text-lg md:leading-8 break-words\">C\u00e9dric a insist\u00e9 aupr\u00e8s de sa femme pour vacciner son fils : \u00ab\u00a0Ma femme, m\u00eame si elle a v\u00e9cu tout \u00e7a avec moi, ne voulait pas qu\u2019on lui fasse le vaccin. Elle pensait qu\u2019il y avait un risque de je ne ne sais pas quoi. Heureusement, j\u2019avais notre g\u00e9n\u00e9raliste de mon c\u00f4t\u00e9. Et mon fils \u00e9tait d\u2019accord aussi. Je ne pouvais pas prendre le risque qu\u2019il vive ce que j\u2019ai v\u00e9cu, ou qu\u2019il le fasse vivre \u00e0 quelqu\u2019un aussi. Parce que, m\u00eame si on est porteur du virus sans souffrir de quoi que ce soit, on peut quand m\u00eame le transmettre et prendre le risque de faire tomber quelqu\u2019un malade. On parle des cancers du col de l\u2019ut\u00e9rus mais il y a plusieurs cancers qui peuvent se d\u00e9velopper \u00e0 cause du papillomavirus. Ce n\u2019est pas anodin. Je ne comprends pas pourquoi on ne fait pas de plus grandes campagnes l\u00e0-dessus. Pour mon fils, en tout cas, je n\u2019ai pas h\u00e9sit\u00e9.\u00a0\u00bb<\/p>\n<p class=\"mb-4 text-lg md:leading-8 break-words\"><strong>Personne n\u2019est \u00e0 l\u2019abri de developper une maladie grave, rare ou \u00e0 vie. Certains et certaines passent presque du jour au lendemain de personne en bonne sant\u00e9 \u00e0 personne malade. Ces personnes doivent apprendre \u00e0 vivre avec la maladie mais aussi \u00e0 s\u2019accepter en tant que personne malade, un processus psychologique rendu parfois compliqu\u00e9 par l\u2019errance m\u00e9dicale. La s\u00e9rie \u00ab\u00a0Malade dans la force de l\u2019\u00e2ge\u00a0\u00bb revient sur ces histoires, des premiers sympt\u00f4mes \u00e0 l\u2019acceptation, en passant par le diagnostic.<\/strong><\/p>\n","protected":false},"excerpt":{"rendered":"C\u00e9dric est diagnostiqu\u00e9 d\u2019un cancer de la gorge suite \u00e0 une infection au papillomavirus \u00e0 l\u2019\u00e2ge de 43&hellip;\n","protected":false},"author":2,"featured_media":380719,"comment_status":"","ping_status":"","sticky":false,"template":"","format":"standard","meta":{"footnotes":""},"categories":[10],"tags":[101,13767,51400,1011,27,72,71],"class_list":{"0":"post-380718","1":"post","2":"type-post","3":"status-publish","4":"format-standard","5":"has-post-thumbnail","7":"category-sante","8":"tag-cancer","9":"tag-cedric","10":"tag-coup-de-froid","11":"tag-fr","12":"tag-france","13":"tag-health","14":"tag-sante"},"share_on_mastodon":{"url":"https:\/\/pubeurope.com\/@fr\/115181074838375838","error":""},"_links":{"self":[{"href":"https:\/\/www.europesays.com\/fr\/wp-json\/wp\/v2\/posts\/380718","targetHints":{"allow":["GET"]}}],"collection":[{"href":"https:\/\/www.europesays.com\/fr\/wp-json\/wp\/v2\/posts"}],"about":[{"href":"https:\/\/www.europesays.com\/fr\/wp-json\/wp\/v2\/types\/post"}],"author":[{"embeddable":true,"href":"https:\/\/www.europesays.com\/fr\/wp-json\/wp\/v2\/users\/2"}],"replies":[{"embeddable":true,"href":"https:\/\/www.europesays.com\/fr\/wp-json\/wp\/v2\/comments?post=380718"}],"version-history":[{"count":0,"href":"https:\/\/www.europesays.com\/fr\/wp-json\/wp\/v2\/posts\/380718\/revisions"}],"wp:featuredmedia":[{"embeddable":true,"href":"https:\/\/www.europesays.com\/fr\/wp-json\/wp\/v2\/media\/380719"}],"wp:attachment":[{"href":"https:\/\/www.europesays.com\/fr\/wp-json\/wp\/v2\/media?parent=380718"}],"wp:term":[{"taxonomy":"category","embeddable":true,"href":"https:\/\/www.europesays.com\/fr\/wp-json\/wp\/v2\/categories?post=380718"},{"taxonomy":"post_tag","embeddable":true,"href":"https:\/\/www.europesays.com\/fr\/wp-json\/wp\/v2\/tags?post=380718"}],"curies":[{"name":"wp","href":"https:\/\/api.w.org\/{rel}","templated":true}]}}