{"id":380720,"date":"2025-09-10T17:01:11","date_gmt":"2025-09-10T17:01:11","guid":{"rendered":"https:\/\/www.europesays.com\/fr\/380720\/"},"modified":"2025-09-10T17:01:11","modified_gmt":"2025-09-10T17:01:11","slug":"steve-mandanda-prend-sa-retraite","status":"publish","type":"post","link":"https:\/\/www.europesays.com\/fr\/380720\/","title":{"rendered":"Steve Mandanda prend sa retraite !"},"content":{"rendered":"<p>Cet \u00e9t\u00e9, plusieurs champions du monde 2018 ont choisi de faire leur grand retour en <a href=\"https:\/\/www.footmercato.net\/france\/ligue-1\/\" rel=\"nofollow noopener\" target=\"_blank\">Ligue 1<\/a>. Olivier Giroud a sign\u00e9 \u00e0 Lille, Florian Thauvin est all\u00e9 juste \u00e0 c\u00f4t\u00e9, \u00e0 Lens, tandis que Paul Pogba a pr\u00e9f\u00e9r\u00e9 le Sud et l\u2019AS Monaco. Mais tous les h\u00e9ros de Russie n\u2019ont pas la chance de pouvoir continuer \u00e0 jouer. En attendant la d\u00e9cision de Samuel Umtiti, <a href=\"https:\/\/www.footmercato.net\/joueur\/steve-mandanda\/\" rel=\"nofollow noopener\" target=\"_blank\">Steve Mandanda<\/a> vient d\u2019annoncer qu\u2019il raccrochait les crampons, \u00e0 40 ans.<\/p>\n<p>            La suite apr\u00e8s cette publicit\u00e9<\/p>\n<p>\u00ab J\u2019ai eu besoin de prendre mon temps pour l\u2019accepter, d\u00e9j\u00e0, parce que ce n\u2019est pas simple, mais oui j\u2019arr\u00eate. (\u2026) J\u2019ai eu une grande p\u00e9riode de r\u00e9flexion parce que j\u2019ai eu beaucoup d\u2019appels, mais j\u2019ai dit non \u00e0 chaque fois \u00bb, a-t-il d\u00e9clar\u00e9 \u00e0 <a href=\"https:\/\/www.lequipe.fr\/Football\/Actualites\/A-40-ans-et-apres-vingt-ans-au-plus-haut-niveau-steve-mandanda-met-fin-a-sa-carriere\/1592103\" rel=\"nofollow noopener\" target=\"_blank\">L\u2019\u00c9quipe<\/a>. Quand il dit qu\u2019il a \u00e9t\u00e9 sollicit\u00e9, Mandanda parle de plusieurs clubs de L1 et de L2 (Havre, Lorient, Guingamp, Brest, Montpellier) selon le quotidien.<\/p>\n<p>        Champion du monde en 2018<\/p>\n<p>Libre de tout contrat depuis son d\u00e9part de Rennes cet \u00e9t\u00e9, l\u2019ancien international tricolore a donc pr\u00e9f\u00e9r\u00e9 prendre le temps pour r\u00e9fl\u00e9chir et dire stop. Si la d\u00e9cision ne fut visiblement pas simple \u00e0 prendre, Mandanda peut toutefois \u00eatre fier de mettre un terme \u00e0 une carri\u00e8re de 20 ans au plus haut niveau. Il se sera fait conna\u00eetre en d\u00e9barquant \u00e0 l\u2019Olympique de Marseille \u00e0 23 ans. Sous le maillot phoc\u00e9en (2008-2016 puis 2017-2022), le portier a conquis un titre de champion de France (2010), trois Coupes de la Ligue (2010, 2011, 2012) et deux Troph\u00e9es de Champions (2011, 2012). Il a \u00e9galement \u00e9t\u00e9 couronn\u00e9 meilleur gardien de L1 \u00e0 cinq reprises.<\/p>\n<p>            La suite apr\u00e8s cette publicit\u00e9<\/p>\n<p>Homme d\u2019exp\u00e9rience et leader de vestiaire, Steve Mandanda se souviendra \u00e9galement de son passage en \u00e9quipe de France (2008-2022). S\u2019il a d\u00fb jouer les doublures d\u2019Hugo Lloris, l\u2019ancien Marseillais compte tout de m\u00eame 35 s\u00e9lections et a remport\u00e9 une Coupe du Monde (2018) et une Ligue des nations (2021) avant de dire adieu aux Bleus apr\u00e8s al finale perdue du Mondial 2022 au Qatar. <\/p>\n<p>\n    Pub. le 10\/09\/2025 18:34<br \/>\n            &#8211; MAJ le 10\/09\/2025 18:59\n    <\/p>\n","protected":false},"excerpt":{"rendered":"Cet \u00e9t\u00e9, plusieurs champions du monde 2018 ont choisi de faire leur grand retour en Ligue 1. Olivier&hellip;\n","protected":false},"author":2,"featured_media":380721,"comment_status":"","ping_status":"","sticky":false,"template":"","format":"standard","meta":{"footnotes":""},"categories":[9],"tags":[1011,27,60],"class_list":{"0":"post-380720","1":"post","2":"type-post","3":"status-publish","4":"format-standard","5":"has-post-thumbnail","7":"category-sports","8":"tag-fr","9":"tag-france","10":"tag-sports"},"share_on_mastodon":{"url":"https:\/\/pubeurope.com\/@fr\/115181078801534558","error":""},"_links":{"self":[{"href":"https:\/\/www.europesays.com\/fr\/wp-json\/wp\/v2\/posts\/380720","targetHints":{"allow":["GET"]}}],"collection":[{"href":"https:\/\/www.europesays.com\/fr\/wp-json\/wp\/v2\/posts"}],"about":[{"href":"https:\/\/www.europesays.com\/fr\/wp-json\/wp\/v2\/types\/post"}],"author":[{"embeddable":true,"href":"https:\/\/www.europesays.com\/fr\/wp-json\/wp\/v2\/users\/2"}],"replies":[{"embeddable":true,"href":"https:\/\/www.europesays.com\/fr\/wp-json\/wp\/v2\/comments?post=380720"}],"version-history":[{"count":0,"href":"https:\/\/www.europesays.com\/fr\/wp-json\/wp\/v2\/posts\/380720\/revisions"}],"wp:featuredmedia":[{"embeddable":true,"href":"https:\/\/www.europesays.com\/fr\/wp-json\/wp\/v2\/media\/380721"}],"wp:attachment":[{"href":"https:\/\/www.europesays.com\/fr\/wp-json\/wp\/v2\/media?parent=380720"}],"wp:term":[{"taxonomy":"category","embeddable":true,"href":"https:\/\/www.europesays.com\/fr\/wp-json\/wp\/v2\/categories?post=380720"},{"taxonomy":"post_tag","embeddable":true,"href":"https:\/\/www.europesays.com\/fr\/wp-json\/wp\/v2\/tags?post=380720"}],"curies":[{"name":"wp","href":"https:\/\/api.w.org\/{rel}","templated":true}]}}