{"id":380722,"date":"2025-09-10T17:02:18","date_gmt":"2025-09-10T17:02:18","guid":{"rendered":"https:\/\/www.europesays.com\/fr\/380722\/"},"modified":"2025-09-10T17:02:18","modified_gmt":"2025-09-10T17:02:18","slug":"elizabeth-ii-ses-quatre-mots-dechirants-quand-on-lui-a-dit-quelle-allait-bientot-mourir","status":"publish","type":"post","link":"https:\/\/www.europesays.com\/fr\/380722\/","title":{"rendered":"Elizabeth II : ses quatre mots d\u00e9chirants quand on lui a dit qu\u2019elle allait bient\u00f4t mourir"},"content":{"rendered":"<p data-start=\"246\" data-end=\"596\">Trois ans apr\u00e8s la <a href=\"https:\/\/www.closermag.fr\/royautes\/elizabeth-ii-la-cause-veritable-de-sa-mort-remise-en-question-1670755#item=1\" target=\"_blank\" rel=\"noopener\"><br \/>\ndisparition d\u2019Elizabeth II<\/a>, de nouvelles<br \/>\n<strong>r\u00e9v\u00e9lations<\/strong> viennent \u00e9clairer les <strong>derniers<br \/>\ninstants<\/strong> de la <a href=\"https:\/\/www.closermag.fr\/royautes\/mort-delizabeth-ii-cette-question-dechirante-de-la-princesse-anne-a-harry-a-son-arrivee-trop-tardive-3477606\" target=\"_blank\" rel=\"noopener\"><br \/>\nreine d\u2019Angleterre<\/a>. Rest\u00e9e jusqu\u2019au bout une figure de<br \/>\n<strong>r\u00e9silience<\/strong> et de <strong>devoir<\/strong>, la<br \/>\nsouveraine aurait accueilli l\u2019annonce de sa<br \/>\n<strong>maladie<\/strong> avec une <strong>dignit\u00e9<br \/>\nd\u00e9sarmante<\/strong>. Fid\u00e8le \u00e0 l\u2019image qu\u2019elle a toujours incarn\u00e9e<br \/>\naupr\u00e8s de son peuple.<\/p>\n<p data-start=\"598\" data-end=\"929\">Selon des sources relay\u00e9es par<br \/>\nle Mirror, sa Majest\u00e9,<br \/>\n\u00e2g\u00e9e de 95 ans, venait d\u2019apprendre qu\u2019elle souffrait d\u2019un<br \/>\n<strong>my\u00e9lome multiple,<\/strong> un <strong>cancer de la moelle<br \/>\nosseuse<\/strong> qui ne lui laissait que peu de temps \u00e0 vivre. Un<br \/>\n<strong>diagnostic<\/strong> tomb\u00e9 seulement quelques semaines apr\u00e8s<br \/>\nla <strong>mort<\/strong> du <a href=\"https:\/\/www.closermag.fr\/royautes\/prince-philip-ce-surnom-peu-connu-que-seuls-ses-proches-et-le-personnel-royal-avaient-le-droit-dutiliser-3562326\" target=\"_blank\" rel=\"noopener\"><br \/>\nprince Philip<\/a>, son \u00e9poux en 2021.<\/p>\n<p><img loading=\"lazy\" decoding=\"async\" aria-describedby=\"caption-attachment-3573768\" itemprop=\"thumbnailUrl\" class=\"wp-image-3573768 img-responsive size-large\" src=\"https:\/\/www.europesays.com\/fr\/wp-content\/uploads\/2025\/09\/bestimage_00179912_000041-673x1024.jpg\" alt=\"Elizabeth II : ses quatre mots d\u00e9chirants quand on lui a dit qu\u2019elle allait bient\u00f4t mourir\" width=\"673\" height=\"1024\"\/> \u00a9 Bestimage<\/p>\n<p id=\"caption-attachment-3573768\" class=\"wp-caption-text\">\nElizabeth II : ses quatre mots d\u00e9chirants quand on lui a dit<br \/>\nqu\u2019elle allait bient\u00f4t mourir<\/p>\n<p>Les quatre mots \u00e9mouvants quand<br \/>\nelle savait qu\u2019elle allait mourir<\/p>\n<p data-start=\"967\" data-end=\"1379\">D\u2019apr\u00e8s Paul Burrell, ancien<br \/>\nmajordome de la <a href=\"https:\/\/www.closermag.fr\/royautes\/scandale-chez-les-windsor-beatrice-et-eugenie-ont-enfin-pris-une-decision-sur-leur-pere-3572036\" target=\"_blank\" rel=\"noopener\"><br \/>\nfamille Windsor<\/a>, les m\u00e9decins avaient pr\u00e9venu la reine qu\u2019elle<br \/>\nne <strong>survivrait probablement pas au-del\u00e0 de No\u00ebl<br \/>\n2021.<\/strong> Sa r\u00e9action fut aussi br\u00e8ve que bouleversante.<br \/>\n\u2018\u2018<strong>Eh bien, c\u2019est dommage<\/strong>.\u201d aurait-elle<br \/>\nr\u00e9pondu. Une phrase \u00e0 la fois <strong>simple<\/strong> et<br \/>\nterriblement <strong>poignante<\/strong>. Elle illustre toute la<br \/>\n<strong>retenue<\/strong> et la <strong>force int\u00e9rieure<\/strong> de<br \/>\nla souveraine.<\/p>\n<p data-start=\"1381\" data-end=\"1760\">Mais malgr\u00e9 ce<br \/>\n<strong>constat<\/strong> brutal, <a href=\"https:\/\/www.closermag.fr\/royautes\/charles-iii-et-camilla-parker-bowles-partage-une-touchante-photo-pour-lanniversaire-de-la-mort-delizabeth-ii-3578129\" target=\"_blank\" rel=\"noopener\"><br \/>\nElizabeth II<\/a> a imm\u00e9diatement exprim\u00e9 un souhait :<br \/>\n<strong>pouvoir tenir jusqu\u2019\u00e0 son jubil\u00e9 de platine,<\/strong> pr\u00e9vu<br \/>\nen 2022. \u2018\u2018Parce que l\u2019ann\u00e9e prochaine est mon jubil\u00e9 de<br \/>\nplatine et <strong>j\u2019aimerais bien y assister.<\/strong>\u2019\u2019<br \/>\naurait-elle confi\u00e9 \u00e0 ses m\u00e9decins, avant de leur demander :<br \/>\n\u2018\u2018<strong>Pouvez-vous me maintenir en vie jusque-l\u00e0<br \/>\n?<\/strong>\u201d<\/p>\n<p>Un<br \/>\ndernier combat pour le devoir<\/p>\n<p data-start=\"1806\" data-end=\"2250\">Pour r\u00e9aliser ce<br \/>\n<strong>v\u0153u<\/strong>, la reine a accept\u00e9 de <strong>nombreux<br \/>\nsacrifices.<\/strong> Selon Burrell, elle a suivi \u00e0 la lettre<br \/>\n<strong>les recommandations m\u00e9dicales,<\/strong> allant jusqu\u2019\u00e0<br \/>\nabandonner ses boissons favorites, <strong>gin, Dubonnet et<br \/>\nmartinis<\/strong>, pour les remplacer par du <strong>jus de pomme<br \/>\net du jus de tomate<\/strong> \u2018\u2018en petit plaisir du<br \/>\ndimanche.\u201d Ces efforts lui ont permis de vivre <strong>assez<br \/>\nlongtemps pour c\u00e9l\u00e9brer,<\/strong> aux c\u00f4t\u00e9s de son peuple, cet<br \/>\n<strong>anniversaire historique<\/strong> de son r\u00e8gne.<\/p>\n<p data-start=\"2252\" data-end=\"2671\">Elizabeth II s\u2019est finalement<br \/>\n<strong>\u00e9teinte \u00e0 Balmoral en septembre 2022 \u00e0 l\u2019\u00e2ge de 96<br \/>\nans<\/strong>. Fid\u00e8le \u00e0 son sens du secret, elle avait demand\u00e9 \u00e0 ses<br \/>\nproches de <strong>taire la gravit\u00e9 de sa maladie.<\/strong> Au<br \/>\npoint que m\u00eame une partie de son personnel<br \/>\n<strong>ignorait<\/strong> combien elle \u00e9tait<br \/>\n<strong>affaiblie<\/strong>. Jusqu\u2019au bout, la reine a tenu \u00e0 placer<br \/>\nson <strong>devoir<\/strong> au-dessus de sa <strong>propre<br \/>\ndouleur<\/strong> pour incarner une derni\u00e8re fois l\u2019image d\u2019une<br \/>\nmonarque <strong>in\u00e9branlable<\/strong>.<\/p>\n","protected":false},"excerpt":{"rendered":"Trois ans apr\u00e8s la disparition d\u2019Elizabeth II, de nouvelles r\u00e9v\u00e9lations viennent \u00e9clairer les derniers instants de la reine&hellip;\n","protected":false},"author":2,"featured_media":380723,"comment_status":"","ping_status":"","sticky":false,"template":"","format":"standard","meta":{"footnotes":""},"categories":[8],"tags":[548,58,20075,59,1011,27,29982],"class_list":{"0":"post-380722","1":"post","2":"type-post","3":"status-publish","4":"format-standard","5":"has-post-thumbnail","7":"category-divertissement","8":"tag-article-simple","9":"tag-divertissement","10":"tag-elizabeth-ii","11":"tag-entertainment","12":"tag-fr","13":"tag-france","14":"tag-reine-elizabeth-ii"},"share_on_mastodon":{"url":"https:\/\/pubeurope.com\/@fr\/115181082724063469","error":""},"_links":{"self":[{"href":"https:\/\/www.europesays.com\/fr\/wp-json\/wp\/v2\/posts\/380722","targetHints":{"allow":["GET"]}}],"collection":[{"href":"https:\/\/www.europesays.com\/fr\/wp-json\/wp\/v2\/posts"}],"about":[{"href":"https:\/\/www.europesays.com\/fr\/wp-json\/wp\/v2\/types\/post"}],"author":[{"embeddable":true,"href":"https:\/\/www.europesays.com\/fr\/wp-json\/wp\/v2\/users\/2"}],"replies":[{"embeddable":true,"href":"https:\/\/www.europesays.com\/fr\/wp-json\/wp\/v2\/comments?post=380722"}],"version-history":[{"count":0,"href":"https:\/\/www.europesays.com\/fr\/wp-json\/wp\/v2\/posts\/380722\/revisions"}],"wp:featuredmedia":[{"embeddable":true,"href":"https:\/\/www.europesays.com\/fr\/wp-json\/wp\/v2\/media\/380723"}],"wp:attachment":[{"href":"https:\/\/www.europesays.com\/fr\/wp-json\/wp\/v2\/media?parent=380722"}],"wp:term":[{"taxonomy":"category","embeddable":true,"href":"https:\/\/www.europesays.com\/fr\/wp-json\/wp\/v2\/categories?post=380722"},{"taxonomy":"post_tag","embeddable":true,"href":"https:\/\/www.europesays.com\/fr\/wp-json\/wp\/v2\/tags?post=380722"}],"curies":[{"name":"wp","href":"https:\/\/api.w.org\/{rel}","templated":true}]}}