{"id":380729,"date":"2025-09-10T17:07:14","date_gmt":"2025-09-10T17:07:14","guid":{"rendered":"https:\/\/www.europesays.com\/fr\/380729\/"},"modified":"2025-09-10T17:07:14","modified_gmt":"2025-09-10T17:07:14","slug":"les-images-impressionnantes-dun-immeuble-en-feu-au-coeur-de-paris-pendant-le-10-septembre","status":"publish","type":"post","link":"https:\/\/www.europesays.com\/fr\/380729\/","title":{"rendered":"Les images impressionnantes d\u2019un immeuble en feu au c\u0153ur de Paris pendant le 10-septembre"},"content":{"rendered":"<p>        <img decoding=\"async\" loading=\"lazy\" src=\"https:\/\/www.europesays.com\/fr\/wp-content\/uploads\/2025\/09\/f42ecfa_upload-1-ibwu6y3nck70-afp-20250910-742u97b-v1-highres-francepoliticssocialprotest.jpg\"  width=\"728\" height=\"485\" alt=\"Un homme tente d\u2019\u00e9teindre l\u2019incendie qui s\u2019est d\u00e9clar\u00e9 dans un restaurant du quartier des Halles ce mercredi 10\u00a0septembre.\"\/>  <\/p>\n<p>THOMAS SAMSON \/ AFP<\/p>\n<p>Un homme tente d\u2019\u00e9teindre l\u2019incendie qui s\u2019est d\u00e9clar\u00e9 dans un restaurant du quartier des Halles ce mercredi 10\u00a0septembre.<\/p>\n<p class=\"asset asset-text\">MOBILISATION &#8211; Des flammes de plusieurs m\u00e8tres de haut. La fa\u00e7ade d\u2019un immeuble situ\u00e9 dans le centre de Paris \u00e9tait en feu ce <a href=\"https:\/\/www.huffingtonpost.fr\/economie\/article\/bloquons-tout-le-10-septembre-avec-la-greve-de-la-carte-bancaire-quel-est-l-objectif-des-partisans-du-mouvement_254606.html\" target=\"_blank\" rel=\"noopener\">mercredi 10\u00a0septembre<\/a> dans l\u2019apr\u00e8s-midi, alors que des manifestants faisaient face \u00e0 des policiers \u00e0 proximit\u00e9 dans le cadre de la mobilisation<a href=\"https:\/\/www.huffingtonpost.fr\/france\/article\/bloquons-tout-le-10-septembre-a-quoi-s-attendre-pour-cette-journee-de-mobilisation_254561.html\" target=\"_blank\" rel=\"noopener\"> \u00ab\u00a0Bloquons tout\u00a0\u00bb<\/a>, ont constat\u00e9 des journalistes de l\u2019AFP.<\/p>\n<p class=\"asset asset-text\">Un important panache de fum\u00e9e s\u2019\u00e9levait peu apr\u00e8s 16\u00a0heures d\u2019une fa\u00e7ade d\u2019un immeuble l\u00e9ch\u00e9e par des flammes pr\u00e8s de la place du Ch\u00e2telet, et des pompiers s\u2019affairaient pour \u00e9teindre le feu pendant que les forces de l\u2019ordre \u00e9vacuaient les alentours, selon des images film\u00e9es par l\u2019AFP.<\/p>\n<p class=\"asset asset-text\">L\u2019incendie s\u2019est d\u00e9clar\u00e9 \u00e0 l\u2019int\u00e9rieur d\u2019un restaurant avant d\u2019atteindre une fa\u00e7ade v\u00e9g\u00e9talis\u00e9e qui est partie en fum\u00e9e. Des policiers ont d\u2019abord tent\u00e9 d\u2019\u00e9teindre les flammes dans le restaurant \u00e0 l\u2019aide d\u2019extincteurs r\u00e9cup\u00e9r\u00e9s chez des voisins, sans succ\u00e8s, selon des journalistes de l\u2019AFP. Des sapeurs-pompiers sont intervenus quelques minutes apr\u00e8s et ont rapidement ma\u00eetris\u00e9 l\u2019incendie.<\/p>\n<p> La lecture de ce contenu est susceptible d\u2019entra\u00eener un d\u00e9p\u00f4t de cookies de la part de l\u2019op\u00e9rateur tiers qui l\u2019h\u00e9berge. Compte-tenu des choix que vous avez exprim\u00e9s en mati\u00e8re de d\u00e9p\u00f4t de cookies, nous avons bloqu\u00e9 l\u2019affichage de ce contenu. Si vous souhaitez y acc\u00e9der, vous devez accepter la cat\u00e9gorie de cookies \u201cContenus tiers\u201d en cliquant sur le bouton ci-dessous. <\/p>\n<p> Lire la Vid\u00e9o           <\/p>\n<p> La lecture de ce contenu est susceptible d\u2019entra\u00eener un d\u00e9p\u00f4t de cookies de la part de l\u2019op\u00e9rateur tiers qui l\u2019h\u00e9berge. Compte-tenu des choix que vous avez exprim\u00e9s en mati\u00e8re de d\u00e9p\u00f4t de cookies, nous avons bloqu\u00e9 l\u2019affichage de ce contenu. Si vous souhaitez y acc\u00e9der, vous devez accepter la cat\u00e9gorie de cookies \u201cContenus tiers\u201d en cliquant sur le bouton ci-dessous. <\/p>\n<p> Lire la Vid\u00e9o           <\/p>\n<p> La lecture de ce contenu est susceptible d\u2019entra\u00eener un d\u00e9p\u00f4t de cookies de la part de l\u2019op\u00e9rateur tiers qui l\u2019h\u00e9berge. Compte-tenu des choix que vous avez exprim\u00e9s en mati\u00e8re de d\u00e9p\u00f4t de cookies, nous avons bloqu\u00e9 l\u2019affichage de ce contenu. Si vous souhaitez y acc\u00e9der, vous devez accepter la cat\u00e9gorie de cookies \u201cContenus tiers\u201d en cliquant sur le bouton ci-dessous. <\/p>\n<p> Lire la Vid\u00e9o        <\/p>\n<p class=\"asset asset-text\">Des manifestants ont scand\u00e9 \u00ab\u00a0bravo la police\u00a0!\u00a0\u00bb, selon des images film\u00e9es par l\u2019AFP, et ont accus\u00e9 les forces de l\u2019ordre d\u2019avoir lanc\u00e9 une grenade de gaz lacrymog\u00e8ne en direction du restaurant apr\u00e8s une charge polici\u00e8re.<\/p>\n<p> La lecture de ce contenu est susceptible d\u2019entra\u00eener un d\u00e9p\u00f4t de cookies de la part de l\u2019op\u00e9rateur tiers qui l\u2019h\u00e9berge. Compte-tenu des choix que vous avez exprim\u00e9s en mati\u00e8re de d\u00e9p\u00f4t de cookies, nous avons bloqu\u00e9 l\u2019affichage de ce contenu. Si vous souhaitez y acc\u00e9der, vous devez accepter la cat\u00e9gorie de cookies \u201cContenus tiers\u201d en cliquant sur le bouton ci-dessous. <\/p>\n<p> Lire la Vid\u00e9o        Une enqu\u00eate ouverte    <\/p>\n<p class=\"asset asset-text\">Une enqu\u00eate a \u00e9t\u00e9 ouverte \u00ab\u00a0afin de d\u00e9terminer dans quelles circonstances le feu a pris\u00a0\u00bb, a annonc\u00e9 la procureure de Paris Laure Beccuau, lors d\u2019un point presse aux alentours de 17h30. \u00ab\u00a0Il pourrait s\u2019agir d\u2019un d\u00e9part de feu involontaire li\u00e9 \u00e0 l\u2019intervention des forces de l\u2019ordre\u00a0\u00bb, a-t-elle ajout\u00e9.<\/p>\n<p class=\"asset asset-text\">L\u2019\u00e9v\u00e8nement commence \u00e0 faire r\u00e9agir la sph\u00e8re politique notamment. \u00ab\u00a0Je condamne fermement les violences et d\u00e9gradations survenues dans le quartier des Halles\u00a0\u00bb, a par exemple \u00e9crit le d\u00e9put\u00e9 Renaissance Sylvain Maillard sur X. \u00ab\u00a0Les Parisiens en ont assez de subir les m\u00e9faits des casseurs et des black blocs qui ne viennent pas manifester mais bordeliser\u00a0\u00bb, a-t-il ajout\u00e9.<\/p>\n<p class=\"asset asset-text\">Le quartier de ch\u00e2telet concentre une grande partie des manifestants parisiens ce mercredi 10\u00a0septembre. Situ\u00e9 dans cette zone, le centre commercial du Forum des Halles, l\u2019un des plus importants d\u2019Europe, a ferm\u00e9 ses portes mercredi apr\u00e8s-midi.<\/p>\n<p class=\"asset asset-text\">Les stations de m\u00e9tro et de RER Ch\u00e2telet-les-Halles \u00e9taient aussi inaccessibles mercredi apr\u00e8s-midi. La SNCF indique sur son compte X que la gare de Ch\u00e2telet-les-Halles n\u2019est plus desservie dans les deux sens en raison de \u00ab\u00a0mesures de s\u00e9curit\u00e9 demand\u00e9es par la pr\u00e9fecture de police\u00a0\u00bb. Aucune correspondance n\u2019est assur\u00e9e dans cette gare, une des plus fr\u00e9quent\u00e9es d\u2019\u00cele-de-France.<\/p>\n<p class=\"asset asset-text\">La pr\u00e9fecture de police a indiqu\u00e9 avoir recommand\u00e9 mardi aux commer\u00e7ants des Halles de renforcer leurs mesures de s\u00e9curit\u00e9 et leur a conseill\u00e9 de fermer les boutiques apr\u00e8s des appels aux pillages circulant sur les r\u00e9seaux sociaux. Certains restaurants et caf\u00e9s sont tout de m\u00eame rest\u00e9s ouverts.<\/p>\n<p class=\"asset asset-text\">La procureure de Paris a fait savoir que 199\u00a0interpellations ont eu lieu au sein la capitale, dont 99\u00a0qui ont entra\u00een\u00e9 des gardes \u00e0 vue.<\/p>\n","protected":false},"excerpt":{"rendered":"THOMAS SAMSON \/ AFP Un homme tente d\u2019\u00e9teindre l\u2019incendie qui s\u2019est d\u00e9clar\u00e9 dans un restaurant du quartier des&hellip;\n","protected":false},"author":2,"featured_media":380730,"comment_status":"","ping_status":"","sticky":false,"template":"","format":"standard","meta":{"footnotes":""},"categories":[4],"tags":[48300,11,1011,27,1310,12,626,316,25],"class_list":{"0":"post-380729","1":"post","2":"type-post","3":"status-publish","4":"format-standard","5":"has-post-thumbnail","7":"category-france","8":"tag-10-septembre","9":"tag-actualites","10":"tag-fr","11":"tag-france","12":"tag-incendie","13":"tag-news","14":"tag-paris","15":"tag-politique","16":"tag-republique-francaise"},"share_on_mastodon":{"url":"https:\/\/pubeurope.com\/@fr\/115181102297190644","error":""},"_links":{"self":[{"href":"https:\/\/www.europesays.com\/fr\/wp-json\/wp\/v2\/posts\/380729","targetHints":{"allow":["GET"]}}],"collection":[{"href":"https:\/\/www.europesays.com\/fr\/wp-json\/wp\/v2\/posts"}],"about":[{"href":"https:\/\/www.europesays.com\/fr\/wp-json\/wp\/v2\/types\/post"}],"author":[{"embeddable":true,"href":"https:\/\/www.europesays.com\/fr\/wp-json\/wp\/v2\/users\/2"}],"replies":[{"embeddable":true,"href":"https:\/\/www.europesays.com\/fr\/wp-json\/wp\/v2\/comments?post=380729"}],"version-history":[{"count":0,"href":"https:\/\/www.europesays.com\/fr\/wp-json\/wp\/v2\/posts\/380729\/revisions"}],"wp:featuredmedia":[{"embeddable":true,"href":"https:\/\/www.europesays.com\/fr\/wp-json\/wp\/v2\/media\/380730"}],"wp:attachment":[{"href":"https:\/\/www.europesays.com\/fr\/wp-json\/wp\/v2\/media?parent=380729"}],"wp:term":[{"taxonomy":"category","embeddable":true,"href":"https:\/\/www.europesays.com\/fr\/wp-json\/wp\/v2\/categories?post=380729"},{"taxonomy":"post_tag","embeddable":true,"href":"https:\/\/www.europesays.com\/fr\/wp-json\/wp\/v2\/tags?post=380729"}],"curies":[{"name":"wp","href":"https:\/\/api.w.org\/{rel}","templated":true}]}}