{"id":380738,"date":"2025-09-10T17:13:51","date_gmt":"2025-09-10T17:13:51","guid":{"rendered":"https:\/\/www.europesays.com\/fr\/380738\/"},"modified":"2025-09-10T17:13:51","modified_gmt":"2025-09-10T17:13:51","slug":"sebastien-ogier-et-vincent-landais-visent-la-place-de-leader","status":"publish","type":"post","link":"https:\/\/www.europesays.com\/fr\/380738\/","title":{"rendered":"S\u00e9bastien Ogier et Vincent Landais visent la place de leader"},"content":{"rendered":"<p>Rallye du Chili (11e manche\/14)<\/p>\n<p>De jeudi \u00e0 dimanche<\/p>\n<p>M\u00eame en prenant part au championnat de fa\u00e7on intermittente (trois rallyes de moins que ses petits camarades), S\u00e9bastien Ogier est <a href=\"https:\/\/www.estrepublicain.fr\/sport\/2025\/07\/31\/sebastien-ogier-embarque-vincent-landais-a-la-conquete-du-titre-mondial\" target=\"_blank\" rel=\"noopener\">plus que jamais \u00e0 la lutte pour un neuvi\u00e8me titre mondial<\/a>. Vainqueurs du rallye du Paraguay fin ao\u00fbt, le Haut-Alpin et <a href=\"https:\/\/www.estrepublicain.fr\/sport\/2025\/05\/28\/vincent-landais-j-espere-que-ca-va-durer-le-plus-longtemps-possible\" target=\"_blank\" rel=\"noopener\">son copilote nanc\u00e9ien Vincent Landais<\/a> sont revenus \u00e0 neuf points et \u00e0 port\u00e9e de fusil du Britannique Elfyn Evans, leader du championnat du monde, \u00e0 quatre rallyes du drapeau \u00e0 damiers.<\/p>\n<p>Ce contenu est bloqu\u00e9 car vous n&rsquo;avez pas accept\u00e9 les cookies et autres traceurs.<\/p>\n<p>En cliquant sur \u00ab J\u2019accepte \u00bb, les cookies et autres traceurs seront d\u00e9pos\u00e9s et vous pourrez visualiser les contenus  (<a href=\"\" class=\"consentModule_policy\" target=\"_blank\" title=\"Consulter la politique de protection des donn\u00e9es du fournisseur\">plus d&rsquo;informations<\/a>).<\/p>\n<p>En cliquant sur \u00ab J\u2019accepte tous les cookies \u00bb, vous autorisez des d\u00e9p\u00f4ts de cookies et autres traceurs pour le stockage de vos donn\u00e9es sur nos sites et applications \u00e0 des fins de personnalisation et de ciblage publicitaire.<\/p>\n<p class=\"consentModule_secondaryText\">Vous gardez la possibilit\u00e9 de retirer votre consentement \u00e0 tout moment en consultant notre <a href=\"https:\/\/www.estrepublicain.fr\/protection-des-donnees\" target=\"_blank\" title=\"Consulter notre politique de protection des donn\u00e9es\" rel=\"noopener\">politique de protection des donn\u00e9es<\/a>. <br \/>&#13;<br \/>\n            <a href=\"https:\/\/www.estrepublicain.fr\/sport\/2025\/09\/10\/javascript:Didomi.notice.show()\" class=\"consentModule_cmp\" target=\"_blank\" rel=\"noopener\">G\u00e9rer mes choix<\/a>&#13;\n        <\/p>\n<p>&#13;<br \/>\n                        J&rsquo;accepte&#13;<br \/>\n            J&rsquo;accepte tous les cookies&#13;\n        <\/p>\n<p>En cas de victoire ce week-end au Chili, o\u00f9 il occupera une position relativement avantageuse par rapport aux deux pilotes qui le devancent au classement (Evans et Rovanper\u00e4), l\u2019\u00e9quipage tricolore du team Toyota pourrait bien ravir la premi\u00e8re place d\u2019un classement g\u00e9n\u00e9ral tr\u00e8s serr\u00e9. \u00ab\u00a0C\u2019est le moment de prendre la t\u00eate\u00a0\u00bb, a d\u2019ailleurs d\u00e9clar\u00e9 S\u00e9bastien Ogier \u00e0 la veille du d\u00e9part.<\/p>\n<p class=\"note\"><strong>Classement\u00a0:<\/strong> 1. Evans\/Martin (GB) 198 points\u00a0; 2. Rovanper\u00e4\/Halttunen (FIN) 191\u00a0; 3. Ogier\/Landais (FRA) 189\u00a0; 4. Tanak\/J\u00e4rveoja (EST) 180\u2026<\/p>\n","protected":false},"excerpt":{"rendered":"Rallye du Chili (11e manche\/14) De jeudi \u00e0 dimanche M\u00eame en prenant part au championnat de fa\u00e7on intermittente&hellip;\n","protected":false},"author":2,"featured_media":380739,"comment_status":"","ping_status":"","sticky":false,"template":"","format":"standard","meta":{"footnotes":""},"categories":[9635],"tags":[1111,11,1976,1704,1777,674,1011,27,775,1702,1703,12,25,517,1700],"class_list":{"0":"post-380738","1":"post","2":"type-post","3":"status-publish","4":"format-standard","5":"has-post-thumbnail","7":"category-nancy","8":"tag-actu","9":"tag-actualites","10":"tag-auto-moto","11":"tag-edition-nancy-et-agglomeration","12":"tag-eu","13":"tag-europe","14":"tag-fr","15":"tag-france","16":"tag-grand-est","17":"tag-nancy","18":"tag-nancy-ville-54b","19":"tag-news","20":"tag-republique-francaise","21":"tag-sport","22":"tag-sport-lorrain"},"share_on_mastodon":{"url":"https:\/\/pubeurope.com\/@fr\/115181129793316085","error":""},"_links":{"self":[{"href":"https:\/\/www.europesays.com\/fr\/wp-json\/wp\/v2\/posts\/380738","targetHints":{"allow":["GET"]}}],"collection":[{"href":"https:\/\/www.europesays.com\/fr\/wp-json\/wp\/v2\/posts"}],"about":[{"href":"https:\/\/www.europesays.com\/fr\/wp-json\/wp\/v2\/types\/post"}],"author":[{"embeddable":true,"href":"https:\/\/www.europesays.com\/fr\/wp-json\/wp\/v2\/users\/2"}],"replies":[{"embeddable":true,"href":"https:\/\/www.europesays.com\/fr\/wp-json\/wp\/v2\/comments?post=380738"}],"version-history":[{"count":0,"href":"https:\/\/www.europesays.com\/fr\/wp-json\/wp\/v2\/posts\/380738\/revisions"}],"wp:featuredmedia":[{"embeddable":true,"href":"https:\/\/www.europesays.com\/fr\/wp-json\/wp\/v2\/media\/380739"}],"wp:attachment":[{"href":"https:\/\/www.europesays.com\/fr\/wp-json\/wp\/v2\/media?parent=380738"}],"wp:term":[{"taxonomy":"category","embeddable":true,"href":"https:\/\/www.europesays.com\/fr\/wp-json\/wp\/v2\/categories?post=380738"},{"taxonomy":"post_tag","embeddable":true,"href":"https:\/\/www.europesays.com\/fr\/wp-json\/wp\/v2\/tags?post=380738"}],"curies":[{"name":"wp","href":"https:\/\/api.w.org\/{rel}","templated":true}]}}