{"id":380742,"date":"2025-09-10T17:15:14","date_gmt":"2025-09-10T17:15:14","guid":{"rendered":"https:\/\/www.europesays.com\/fr\/380742\/"},"modified":"2025-09-10T17:15:14","modified_gmt":"2025-09-10T17:15:14","slug":"apres-lagression-dune-enseignante-dans-ce-college-de-toulon-les-profs-et-parents-reclament-plus-de-securite","status":"publish","type":"post","link":"https:\/\/www.europesays.com\/fr\/380742\/","title":{"rendered":"Apr\u00e8s l&rsquo;agression d&rsquo;une enseignante dans ce coll\u00e8ge de Toulon, les profs et parents r\u00e9clament plus de s\u00e9curit\u00e9"},"content":{"rendered":"<p>Une vingtaine d&rsquo;enseignants et de parents d&rsquo;\u00e9l\u00e8ves se sont r\u00e9unis mardi devant le coll\u00e8ge Marcel-Pagnol afin de demander plus de s\u00e9curit\u00e9 apr\u00e8s qu&rsquo;une enseignante a \u00e9t\u00e9 agress\u00e9e par un \u00e9l\u00e8ve au printemps dernier.<\/p>\n<p>Une manifestation a eu lieu ce mardi devant le coll\u00e8ge. Les professeurs et les parents d\u2019\u00e9l\u00e8ves venus apporter leur soutien demandent plus de moyens afin de renforcer la surveillance dans l\u2019\u00e9tablissement.<\/p>\n<p>Fabrice Nogueira, enseignant EPS au coll\u00e8ge et repr\u00e9sentant SNEP-FSU, d\u00e9clare: \u00ab\u00a0Nous avions, de base, 3,9 postes d\u2019assistants d\u2019\u00e9ducation et deux services civiques qui surveillaient les couloirs. On passe aujourd\u2019hui \u00e0 3,3 postes et le service civique a \u00e9t\u00e9 supprim\u00e9 pour l\u2019\u00e9ducation nationale, cela correspond \u00e0 24h30 de perdues\u00a0\u00bb.<\/p>\n<p>\u00c0 cause de ce manque de personnel, ils estiment que certains \u00e9l\u00e8ves en profitent: \u00ab\u00a0Ils ont un sentiment d\u2019impunit\u00e9, ils courent dans les couloirs, frappent aux portes des classes, se bagarrent\u00a0\u00bb, estime une professeure.<\/p>\n<p>Le rectorat a attribu\u00e9 0,2 poste suppl\u00e9mentaire, soit 8h20, ce qui reste bien en de\u00e7\u00e0 des attentes des professeurs afin de garantir une s\u00e9curit\u00e9 optimale pour les \u00e9l\u00e8ves et le personnel.<\/p>\n","protected":false},"excerpt":{"rendered":"Une vingtaine d&rsquo;enseignants et de parents d&rsquo;\u00e9l\u00e8ves se sont r\u00e9unis mardi devant le coll\u00e8ge Marcel-Pagnol afin de demander&hellip;\n","protected":false},"author":2,"featured_media":380743,"comment_status":"","ping_status":"","sticky":false,"template":"","format":"standard","meta":{"footnotes":""},"categories":[9619],"tags":[1111,11,1777,674,1011,27,12,882,25,801,2310],"class_list":{"0":"post-380742","1":"post","2":"type-post","3":"status-publish","4":"format-standard","5":"has-post-thumbnail","7":"category-toulon","8":"tag-actu","9":"tag-actualites","10":"tag-eu","11":"tag-europe","12":"tag-fr","13":"tag-france","14":"tag-news","15":"tag-provence-alpes-cote-dazur","16":"tag-republique-francaise","17":"tag-social","18":"tag-toulon"},"share_on_mastodon":{"url":"https:\/\/pubeurope.com\/@fr\/115181133708029953","error":""},"_links":{"self":[{"href":"https:\/\/www.europesays.com\/fr\/wp-json\/wp\/v2\/posts\/380742","targetHints":{"allow":["GET"]}}],"collection":[{"href":"https:\/\/www.europesays.com\/fr\/wp-json\/wp\/v2\/posts"}],"about":[{"href":"https:\/\/www.europesays.com\/fr\/wp-json\/wp\/v2\/types\/post"}],"author":[{"embeddable":true,"href":"https:\/\/www.europesays.com\/fr\/wp-json\/wp\/v2\/users\/2"}],"replies":[{"embeddable":true,"href":"https:\/\/www.europesays.com\/fr\/wp-json\/wp\/v2\/comments?post=380742"}],"version-history":[{"count":0,"href":"https:\/\/www.europesays.com\/fr\/wp-json\/wp\/v2\/posts\/380742\/revisions"}],"wp:featuredmedia":[{"embeddable":true,"href":"https:\/\/www.europesays.com\/fr\/wp-json\/wp\/v2\/media\/380743"}],"wp:attachment":[{"href":"https:\/\/www.europesays.com\/fr\/wp-json\/wp\/v2\/media?parent=380742"}],"wp:term":[{"taxonomy":"category","embeddable":true,"href":"https:\/\/www.europesays.com\/fr\/wp-json\/wp\/v2\/categories?post=380742"},{"taxonomy":"post_tag","embeddable":true,"href":"https:\/\/www.europesays.com\/fr\/wp-json\/wp\/v2\/tags?post=380742"}],"curies":[{"name":"wp","href":"https:\/\/api.w.org\/{rel}","templated":true}]}}