{"id":380748,"date":"2025-09-10T17:18:14","date_gmt":"2025-09-10T17:18:14","guid":{"rendered":"https:\/\/www.europesays.com\/fr\/380748\/"},"modified":"2025-09-10T17:18:14","modified_gmt":"2025-09-10T17:18:14","slug":"jeunes-revoltes-et-boomers-en-colere-reunis-le-temps-dune-manifestation","status":"publish","type":"post","link":"https:\/\/www.europesays.com\/fr\/380748\/","title":{"rendered":"jeunes r\u00e9volt\u00e9s et boomers en col\u00e8re r\u00e9unis le temps d&rsquo;une manifestation"},"content":{"rendered":"<p>            Par<br \/>\n        <strong><br \/>\n            <a href=\"https:\/\/actu.fr\/auteur\/julien-bouteiller\" title=\"Consulter tous les articles de Julien Bouteiller\" target=\"_blank\" rel=\"noopener\">Julien Bouteiller<\/a><br \/>\n        <\/strong><\/p>\n<p>        Publi\u00e9 le<\/p>\n<p>            10 sept. 2025 \u00e0 18h08        <\/p>\n<p><strong>\u00ab\u00a0C\u2019est la premi\u00e8re fois que je manifeste\u00a0\u00bb<\/strong>, confie Brigitte, panneau <strong>\u00ab\u00a0Boomer en col\u00e8re\u00a0\u00bb<\/strong> sur la poitrine. Elle n\u2019\u00e9tait pas la seule de cette g\u00e9n\u00e9ration \u00e0 venir manifester de fa\u00e7on in\u00e9dite <a href=\"https:\/\/actu.fr\/normandie\/rouen_76540\/en-direct-circulation-manifestations-suivez-cette-journee-du-10-septembre-a-rouen-et-au-havre_63131485.html\" target=\"_blank\" rel=\"noopener\">\u00e0 Rouen ce mercredi 10 septembre 2025<\/a>, au milieu d\u2019un <strong>public h\u00e9t\u00e9roclite aux revendications tr\u00e8s diverses<\/strong>. Reportage.<\/p>\n<p>Boomer indign\u00e9, jeunes r\u00e9volt\u00e9s<\/p>\n<p class=\" wall-content\">Pour Brigitte et son amie du sport Monique, c\u2019est clairement <a href=\"https:\/\/actu.fr\/politique\/le-confort-des-boomers-pourquoi-francois-bayrou-tacle-t-il-aussi-violemment-les-seniors_63087111.html\" target=\"_blank\" rel=\"noopener\">la phrase de Fran\u00e7ois Bayrou sur les boomers<\/a> qui a \u00e9t\u00e9 un d\u00e9clencheur. \u00ab\u00a0J\u2019ai travaill\u00e9 40 heures par semaine, pendant 40 ans,<strong> et on vient me dire que je suis une privil\u00e9gi\u00e9e<\/strong> !\u00a0\u00bb, s\u2019\u00e9nerve cette veuve qui s\u2019inqui\u00e8te pour sa pension de r\u00e9version.<\/p>\n<p class=\" wall-content\">Son look bon chic bon genre tranche avec celui des jeunes (1800 selon la pr\u00e9fecture) pour beaucoup d\u00e9j\u00e0 engag\u00e9s politiquement ou associativement. C\u2019est le cas de Ma\u00eblle (le pr\u00e9nom a \u00e9t\u00e9 chang\u00e9 \u00e0 sa demande), \u00e9tudiante et <strong>engag\u00e9e dans un mouvement antifa<\/strong>, qui veut \u00ab\u00a0dire stop \u00e0 10 ans de politique de Macron o\u00f9 seuls les riches gagnent pendant que les autres gal\u00e8rent\u00a0\u00bb. <strong>Pour elle, \u00ab\u00a0il faut vraiment tourner la page\u00a0\u00bb.<\/strong><\/p>\n<p>    <img   decoding=\"async\" loading=\"lazy\" src=\"https:\/\/www.europesays.com\/fr\/wp-content\/uploads\/2025\/09\/10-septembre-bloquons-tout-rouen-manifestation-2-960x640.jpg\" alt=\"Certains ont fait preuve d'imagination sur leurs pancartes.\" width=\"960\" height=\"640\"\/><br \/>\n    Certains ont fait preuve d\u2019imagination sur leurs pancartes. (\u00a9JB\/76actu)Un 10 septembre h\u00e9t\u00e9roclite \u00e0 Rouen<\/p>\n<p class=\" wall-content\">On trouve aussi des gens<strong> issus de la classe moyenne<\/strong>, qui n\u2019ont pas forc\u00e9ment l\u2019habitude de battre le pav\u00e9. Comme Sylvie, \u00ab\u00a027 ans dans le priv\u00e9\u00a0\u00bb, qui se sent \u00ab\u00a0trahie par Macron qui a pr\u00e9caris\u00e9 les classes moyennes comme nous\u00a0\u00bb. Ou Bertrand, se d\u00e9crivant lui-m\u00eame comme \u00ab\u00a0jeune cadre un peu bobo qui avait vot\u00e9 Macron il y a 10 ans\u00a0\u00bb.<\/p>\n<blockquote class=\"ac-article-quote wall-content\">\n<p>On nous a promis la start-up nation et finalement on a eu Barnier, Bayrou et Lecornu, qui incarnent davantage la bonne vieille aust\u00e9rit\u00e9 que le renouveau des pratiques.<\/p>\n<p>    <strong>Bertrand<\/strong><br \/>\n        manifestant \u00e0 Rouen    <\/p><\/blockquote>\n<p class=\" wall-content\">Le trentenaire assume \u00ab\u00a0ne <strong>pas me reconna\u00eetre dans tous les slogans de la manif\u2019<\/strong> : les trucs anti-flic, anarchistes et tout, ce n\u2019est pas ma came\u00a0\u00bb. Mais pour lui, il faut \u00ab\u00a0faire avec, car tout le monde vient avec son parcours et ses aspirations, mais avec un m\u00eame ras-le-bol g\u00e9n\u00e9ral\u00a0\u00bb.\u00a0<\/p>\n<p>Votre r\u00e9gion, votre actu !<\/p>\n<p>Recevez chaque jour les infos qui comptent pour vous.<\/p>\n<p>\t<a href=\"https:\/\/actu.fr\/newsletter\" class=\"ac-btn ac-btn--corner ac-btn--medium ac-btn--blue800\" target=\"_blank\" rel=\"noopener\">S&rsquo;incrire<\/a><\/p>\n<p class=\" wall-content\"><strong>Dans les rues, se c\u00f4toient des profils tr\u00e8s vari\u00e9s : de Bernard le retrait\u00e9<\/strong> qui veut \u00ab\u00a0se battre pour garder une retraite digne et pour l\u2019avenir de mes petits-enfants\u00a0\u00bb,<strong> \u00e0 Lydia, la fonctionnaire<\/strong> <strong>hospitali\u00e8re<\/strong> qui \u00ab\u00a0regrette la d\u00e9gradation des services publics\u00a0\u00bb, en passant par <strong>Malo, le jeune \u00e9tudiant<\/strong> qui scande \u00ab\u00a0free Palestine, nous sommes tous des enfants de Gaza\u00a0\u00bb <strong>ou Agathe, m\u00e8re de famille<\/strong> \u00ab\u00a0venue un peu par hasard, avec juste le sentiment qu\u2019il faut en finir avec le mandat d\u2019Emmanuel Macron\u00a0\u00bb.\u00a0<\/p>\n<p>    <img   decoding=\"async\" loading=\"lazy\" src=\"https:\/\/www.europesays.com\/fr\/wp-content\/uploads\/2025\/09\/10-septembre-bloquons-tout-rouen-manifestation-1-960x640.jpg\" alt=\"Les jeunes ont mis l'ambiance dans un cort\u00e8ge o\u00f9 certains manifestaient pour la premi\u00e8re fois.\" width=\"960\" height=\"640\"\/><br \/>\n    Les jeunes ont mis l\u2019ambiance dans un cort\u00e8ge o\u00f9 certains manifestaient pour la premi\u00e8re fois. (\u00a9JB\/76actu)<\/p>\n<p class=\" wall-content\">\u00c0 Rouen, la manifestation a r\u00e9uni <strong>2300 personnes<\/strong> <strong>selon la pr\u00e9fecture, 6000 selon la CGT.<\/strong> Reste \u00e0 voir maintenant si un nouveau rendez-vous sera pris entre toutes ces g\u00e9n\u00e9rations en col\u00e8re. Un mouvement intersyndical de gr\u00e8ve est d\u00e9j\u00e0 pr\u00e9vu pour le 18 septembre.<\/p>\n<p>Suivez l\u2019actualit\u00e9 de Rouen <a href=\"https:\/\/www.whatsapp.com\/channel\/0029VaKfnf99hXF2ddApFB1D\" target=\"_blank\" rel=\"noopener\">sur notre cha\u00eene WhatsApp<\/a> et <a href=\"https:\/\/www.tiktok.com\/@76actu.fr?lang=fr\" target=\"_blank\" rel=\"noopener\">sur notre compte TikTok<\/a><\/p>\n<p class=\" wall-content\">Personnalisez votre actualit\u00e9 en ajoutant vos villes et m\u00e9dias en favori avec <a href=\"https:\/\/moncompte.actu.fr\" title=\"D\u00e9couvez Mon Actu\" rel=\"nofollow noopener\" data-trk=\"{&quot;cta&quot;:{&quot;action&quot;:&quot;https:\\\/\\\/moncompte.actu.fr&quot;,&quot;category&quot;:&quot;mon compte&quot;,&quot;from&quot;:&quot;article footer&quot;,&quot;name&quot;:&quot;Mon actu&quot;,&quot;type&quot;:&quot;cta&quot;}}\" target=\"_blank\">Mon Actu<\/a>.<\/p>\n<p>                    <script async src=\"\/\/www.tiktok.com\/embed.js\"><\/script><\/p>\n","protected":false},"excerpt":{"rendered":"Par Julien Bouteiller Publi\u00e9 le 10 sept. 2025 \u00e0 18h08 \u00ab\u00a0C\u2019est la premi\u00e8re fois que je manifeste\u00a0\u00bb, confie&hellip;\n","protected":false},"author":2,"featured_media":380749,"comment_status":"","ping_status":"","sticky":false,"template":"","format":"standard","meta":{"footnotes":""},"categories":[9587],"tags":[1111,11,47212,1777,674,1011,27,1272,50957,12,5161,25,9590,104],"class_list":{"0":"post-380748","1":"post","2":"type-post","3":"status-publish","4":"format-standard","5":"has-post-thumbnail","7":"category-rouen","8":"tag-actu","9":"tag-actualites","10":"tag-bloquons-tout","11":"tag-eu","12":"tag-europe","13":"tag-fr","14":"tag-france","15":"tag-manifestations","16":"tag-mouvement-du-10-septembre","17":"tag-news","18":"tag-normandie","19":"tag-republique-francaise","20":"tag-rouen","21":"tag-societe"},"share_on_mastodon":{"url":"https:\/\/pubeurope.com\/@fr\/115181146190930865","error":""},"_links":{"self":[{"href":"https:\/\/www.europesays.com\/fr\/wp-json\/wp\/v2\/posts\/380748","targetHints":{"allow":["GET"]}}],"collection":[{"href":"https:\/\/www.europesays.com\/fr\/wp-json\/wp\/v2\/posts"}],"about":[{"href":"https:\/\/www.europesays.com\/fr\/wp-json\/wp\/v2\/types\/post"}],"author":[{"embeddable":true,"href":"https:\/\/www.europesays.com\/fr\/wp-json\/wp\/v2\/users\/2"}],"replies":[{"embeddable":true,"href":"https:\/\/www.europesays.com\/fr\/wp-json\/wp\/v2\/comments?post=380748"}],"version-history":[{"count":0,"href":"https:\/\/www.europesays.com\/fr\/wp-json\/wp\/v2\/posts\/380748\/revisions"}],"wp:featuredmedia":[{"embeddable":true,"href":"https:\/\/www.europesays.com\/fr\/wp-json\/wp\/v2\/media\/380749"}],"wp:attachment":[{"href":"https:\/\/www.europesays.com\/fr\/wp-json\/wp\/v2\/media?parent=380748"}],"wp:term":[{"taxonomy":"category","embeddable":true,"href":"https:\/\/www.europesays.com\/fr\/wp-json\/wp\/v2\/categories?post=380748"},{"taxonomy":"post_tag","embeddable":true,"href":"https:\/\/www.europesays.com\/fr\/wp-json\/wp\/v2\/tags?post=380748"}],"curies":[{"name":"wp","href":"https:\/\/api.w.org\/{rel}","templated":true}]}}