{"id":380752,"date":"2025-09-10T17:20:14","date_gmt":"2025-09-10T17:20:14","guid":{"rendered":"https:\/\/www.europesays.com\/fr\/380752\/"},"modified":"2025-09-10T17:20:14","modified_gmt":"2025-09-10T17:20:14","slug":"grenoble-si-les-transports-etaient-gratuits-le-week-end-jirais-plus-au-centre-ville","status":"publish","type":"post","link":"https:\/\/www.europesays.com\/fr\/380752\/","title":{"rendered":"Grenoble. \u00ab\u00a0Si les transports \u00e9taient gratuits le week-end, j\u2019irais plus au centre-ville\u00a0\u00bb"},"content":{"rendered":"<p>Ne pas payer son ticket de tramway ou de bus le week-end, Sarah en r\u00eave. \u00ab\u00a0Je vais de moins en moins en centre-ville, parce que j\u2019habite loin et je prends toujours ma voiture. Mais pour la garer, \u00e7a peut vite revenir tr\u00e8s cher. Je pr\u00e9f\u00e8re donc aller \u00e0 Neyrpic (Saint-Martin-d\u2019H\u00e8res) ou Grand\u2019Place, parce que c\u2019est plus pratique et les parkings sont gratuits\u00a0\u00bb, confie la Grenobloise, pour qui le centre-ville offre tout de m\u00eame un certain attrait. \u00ab\u00a0Il y a mon libraire pr\u00e9f\u00e9r\u00e9, et il y a un magasin de jeux de soci\u00e9t\u00e9 que&#8230;<\/p>\n","protected":false},"excerpt":{"rendered":"Ne pas payer son ticket de tramway ou de bus le week-end, Sarah en r\u00eave. \u00ab\u00a0Je vais de&hellip;\n","protected":false},"author":2,"featured_media":380753,"comment_status":"","ping_status":"","sticky":false,"template":"","format":"standard","meta":{"footnotes":""},"categories":[9566],"tags":[1111,11,2430,130,112,1777,674,107,1011,27,2731,2732,108,12,25,104,2803,800],"class_list":{"0":"post-380752","1":"post","2":"type-post","3":"status-publish","4":"format-standard","5":"has-post-thumbnail","7":"category-grenoble","8":"tag-actu","9":"tag-actualites","10":"tag-auvergne-rhone-alpes","11":"tag-consommation","12":"tag-edition-grenoble-agglomeration","13":"tag-eu","14":"tag-europe","15":"tag-fil-info","16":"tag-fr","17":"tag-france","18":"tag-grenoble","19":"tag-grenoble-bassin","20":"tag-isere","21":"tag-news","22":"tag-republique-francaise","23":"tag-societe","24":"tag-transport","25":"tag-transports"},"share_on_mastodon":{"url":"https:\/\/pubeurope.com\/@fr\/115181155552844819","error":""},"_links":{"self":[{"href":"https:\/\/www.europesays.com\/fr\/wp-json\/wp\/v2\/posts\/380752","targetHints":{"allow":["GET"]}}],"collection":[{"href":"https:\/\/www.europesays.com\/fr\/wp-json\/wp\/v2\/posts"}],"about":[{"href":"https:\/\/www.europesays.com\/fr\/wp-json\/wp\/v2\/types\/post"}],"author":[{"embeddable":true,"href":"https:\/\/www.europesays.com\/fr\/wp-json\/wp\/v2\/users\/2"}],"replies":[{"embeddable":true,"href":"https:\/\/www.europesays.com\/fr\/wp-json\/wp\/v2\/comments?post=380752"}],"version-history":[{"count":0,"href":"https:\/\/www.europesays.com\/fr\/wp-json\/wp\/v2\/posts\/380752\/revisions"}],"wp:featuredmedia":[{"embeddable":true,"href":"https:\/\/www.europesays.com\/fr\/wp-json\/wp\/v2\/media\/380753"}],"wp:attachment":[{"href":"https:\/\/www.europesays.com\/fr\/wp-json\/wp\/v2\/media?parent=380752"}],"wp:term":[{"taxonomy":"category","embeddable":true,"href":"https:\/\/www.europesays.com\/fr\/wp-json\/wp\/v2\/categories?post=380752"},{"taxonomy":"post_tag","embeddable":true,"href":"https:\/\/www.europesays.com\/fr\/wp-json\/wp\/v2\/tags?post=380752"}],"curies":[{"name":"wp","href":"https:\/\/api.w.org\/{rel}","templated":true}]}}