{"id":380756,"date":"2025-09-10T17:22:13","date_gmt":"2025-09-10T17:22:13","guid":{"rendered":"https:\/\/www.europesays.com\/fr\/380756\/"},"modified":"2025-09-10T17:22:13","modified_gmt":"2025-09-10T17:22:13","slug":"la-fete-des-confitures-un-moment-gourmand-a-vivre-en-famille","status":"publish","type":"post","link":"https:\/\/www.europesays.com\/fr\/380756\/","title":{"rendered":"La F\u00eate des confitures, un moment gourmand \u00e0 vivre en famille"},"content":{"rendered":"<p>Justine Prigent est illustratrice \u00e0 Rennes (Ille-et-Vilaine) depuis dix\u00a0ans, et ancienne Chapelloise. \u00a0J\u2019ai fait toute ma scolarit\u00e9 \u00e0 <a href=\"https:\/\/www.ouest-france.fr\/bretagne\/la-chapelle-des-fougeretz-35520\/\" rel=\"nofollow noopener\" target=\"_blank\">La Chapelle-des-Fougeretz<\/a>, et j\u2019y ai encore plein d\u2019amis. J\u2019y suis tr\u00e8s attach\u00e9e, autant que mon p\u00e8re qui \u00e9tait lui-m\u00eame tr\u00e8s impliqu\u00e9 dans la vie associative et locale\u00a0. C\u2019est Gis\u00e8le Apetoth, la pr\u00e9sidente de l\u2019association La Cord\u00e9e, organisatrice de la manifestation, qui l\u2019a contact\u00e9e pour lui proposer de r\u00e9aliser l\u2019affiche de la 28e \u00e9dition. Et c\u2019est sans h\u00e9siter que la jeune illustratrice a accept\u00e9, d\u00e9j\u00e0 tr\u00e8s inspir\u00e9e.<\/p>\n<p>Un souvenir de famille<\/p>\n<p>\u00a0Pour moi,<a href=\"https:\/\/quimper.maville.com\/actu\/actudet_-la-fete-des-confitures-a-deja-le-nez-dans-les-pots-_6-6888469_actu.Htm\" rel=\"nofollow noopener\" target=\"_blank\"> la F\u00eate des confitures<\/a>, c\u2019est un souvenir avec ma grand-m\u00e8re qui pr\u00e9parait elle-m\u00eame ses confitures.\u00a0 C\u2019est ce souvenir qui est l\u2019\u00e9l\u00e9ment central de l\u2019affiche qu\u2019elle r\u00e9alise. \u00a0J\u2019avais envie de faire une affiche traditionnelle, chaleureuse et simple, loin de ce que l\u2019intelligence artificielle apporte aujourd\u2019hui.\u00a0\u00bb<\/p>\n<p>Le souvenir d\u2019enfance, le partage, ou encore la transmission du savoir-faire sont autant de th\u00e8mes qui se d\u00e9gagent de l\u2019illustration et qui sont chers \u00e0 l\u2019artiste. \u00a0Je suis une fervente d\u00e9fenseuse de la lenteur. Et faire de la confiture, c\u2019est un moment o\u00f9 on prend le temps, qui \u00e9voque la saisonnalit\u00e9 des fruits. On sort du c\u00f4t\u00e9 moderne qui nous d\u00e9connecte les uns les autres.\u00a0La gourmandise n\u2019est pas mise de c\u00f4t\u00e9 pour autant\u00a0: Je voulais trouver un \u00e9quilibre entre le th\u00e8me de la prune, fruit mis \u00e0 l\u2019honneur cette ann\u00e9e, et le souvenir agr\u00e9able de l\u2019enfance\u00a0.<\/p>\n<p>Pr\u00e8s de 3\u00a0000\u00a0personnes attendues<\/p>\n<p>Cet \u00e9v\u00e9nement local r\u00e9unit chaque ann\u00e9e pr\u00e8s de 3\u00a0000\u00a0visiteurs. Il met en lumi\u00e8re un ma\u00eetre confiturier \u00e0 l\u2019occasion d\u2019un concours de la meilleure confiture.<\/p>\n<p>Buvette et restauration sur place. Dimanche 14\u00a0septembre 2025 \u00e0 l\u2019\u00e9tang du Matelon.<\/p>\n<p>Site internet de l\u2019illustratrice\u00a0: <strong>www.justineprigent.fr<\/strong><\/p>\n<p>\u00a0<\/p>\n","protected":false},"excerpt":{"rendered":"Justine Prigent est illustratrice \u00e0 Rennes (Ille-et-Vilaine) depuis dix\u00a0ans, et ancienne Chapelloise. \u00a0J\u2019ai fait toute ma scolarit\u00e9 \u00e0&hellip;\n","protected":false},"author":2,"featured_media":380757,"comment_status":"","ping_status":"","sticky":false,"template":"","format":"standard","meta":{"footnotes":""},"categories":[2821],"tags":[1111,11,829,51401,1777,674,652,4768,1011,27,12824,9862,12,584,25,3681],"class_list":{"0":"post-380756","1":"post","2":"type-post","3":"status-publish","4":"format-standard","5":"has-post-thumbnail","7":"category-rennes","8":"tag-actu","9":"tag-actualites","10":"tag-bretagne","11":"tag-confitures","12":"tag-eu","13":"tag-europe","14":"tag-famille","15":"tag-fete","16":"tag-fr","17":"tag-france","18":"tag-gourmand","19":"tag-moment","20":"tag-news","21":"tag-rennes","22":"tag-republique-francaise","23":"tag-vivre"},"share_on_mastodon":{"url":"","error":""},"_links":{"self":[{"href":"https:\/\/www.europesays.com\/fr\/wp-json\/wp\/v2\/posts\/380756","targetHints":{"allow":["GET"]}}],"collection":[{"href":"https:\/\/www.europesays.com\/fr\/wp-json\/wp\/v2\/posts"}],"about":[{"href":"https:\/\/www.europesays.com\/fr\/wp-json\/wp\/v2\/types\/post"}],"author":[{"embeddable":true,"href":"https:\/\/www.europesays.com\/fr\/wp-json\/wp\/v2\/users\/2"}],"replies":[{"embeddable":true,"href":"https:\/\/www.europesays.com\/fr\/wp-json\/wp\/v2\/comments?post=380756"}],"version-history":[{"count":0,"href":"https:\/\/www.europesays.com\/fr\/wp-json\/wp\/v2\/posts\/380756\/revisions"}],"wp:featuredmedia":[{"embeddable":true,"href":"https:\/\/www.europesays.com\/fr\/wp-json\/wp\/v2\/media\/380757"}],"wp:attachment":[{"href":"https:\/\/www.europesays.com\/fr\/wp-json\/wp\/v2\/media?parent=380756"}],"wp:term":[{"taxonomy":"category","embeddable":true,"href":"https:\/\/www.europesays.com\/fr\/wp-json\/wp\/v2\/categories?post=380756"},{"taxonomy":"post_tag","embeddable":true,"href":"https:\/\/www.europesays.com\/fr\/wp-json\/wp\/v2\/tags?post=380756"}],"curies":[{"name":"wp","href":"https:\/\/api.w.org\/{rel}","templated":true}]}}