{"id":380758,"date":"2025-09-10T17:23:17","date_gmt":"2025-09-10T17:23:17","guid":{"rendered":"https:\/\/www.europesays.com\/fr\/380758\/"},"modified":"2025-09-10T17:23:17","modified_gmt":"2025-09-10T17:23:17","slug":"ce-quil-faut-retenir-de-cette-journee","status":"publish","type":"post","link":"https:\/\/www.europesays.com\/fr\/380758\/","title":{"rendered":"ce qu&rsquo;il faut retenir de cette journ\u00e9e"},"content":{"rendered":"<p>            Par<br \/>\n        <strong><br \/>\n            <a href=\"https:\/\/actu.fr\/auteur\/laurene-fertin\" title=\"Consulter tous les articles de Laur\u00e8ne Fertin\" target=\"_blank\" rel=\"noopener\">Laur\u00e8ne Fertin<\/a><br \/>\n        <\/strong><\/p>\n<p>        Publi\u00e9 le<\/p>\n<p>            10 sept. 2025 \u00e0 19h10        <\/p>\n<p><strong>La journ\u00e9e<\/strong> du <strong>mercredi 10\u00a0septembre<\/strong> 2025 a \u00e9t\u00e9, pour le moins, <strong>mouvement\u00e9e<\/strong> dans la capitale bretonne. D\u00e8s 6h30, des manifestants se sont empar\u00e9s de <strong>la rocade<\/strong> afin de bloquer les voies. <strong>Un bus<\/strong> a notamment \u00e9t\u00e9 <strong>incendi\u00e9,<\/strong> <a href=\"https:\/\/actu.fr\/bretagne\/rennes_35238\/greve-du-10-septembre-le-conducteur-est-choque-ce-que-l-on-sait-du-bus-incendie-sur-la-rocade-de-rennes_63142337.html\" target=\"_blank\" rel=\"noopener\">laissant le <strong>conducteur<\/strong> passablement <\/a><strong><a href=\"https:\/\/actu.fr\/bretagne\/rennes_35238\/greve-du-10-septembre-le-conducteur-est-choque-ce-que-l-on-sait-du-bus-incendie-sur-la-rocade-de-rennes_63142337.html\" target=\"_blank\" rel=\"noopener\">choqu\u00e9<\/a>.<\/strong> Interpellations, manifestation dans le centre-ville\u2026 <strong>Voici qu\u2019il faut retenir<\/strong> de cette mobilisation \u00ab\u2009Bloquons tout\u2009\u00bb \u00e0 Rennes.<\/p>\n<p>La rocade bloqu\u00e9e<\/p>\n<p class=\" wall-content\">D\u00e8s 6h30, <strong>plusieurs tentatives de blocage<\/strong> de la rocade ont \u00e9t\u00e9 recens\u00e9es aux portes <strong>d\u2019Alma,<\/strong> de <strong>Maurepas,<\/strong> de <strong>Br\u00e9quigny<\/strong> mais aussi des <strong>Longs Champs.<\/strong><\/p>\n<p class=\" wall-content\">Sous le pont d\u2019Alma, <strong>un bus<\/strong> assurant la ligne 59 du <strong>r\u00e9seau Star<\/strong> a \u00e9t\u00e9 <strong>enti\u00e8rement br\u00fbl\u00e9<\/strong> par les flammes. Les manifestants, qui se sont introduits dans le bus, ont demand\u00e9 au chauffeur d\u2019en descendre avant <strong>d\u2019y mettre le feu<\/strong>, selon nos informations.<\/p>\n<p>    <img   decoding=\"async\" loading=\"lazy\" src=\"https:\/\/www.europesays.com\/fr\/wp-content\/uploads\/2025\/09\/whatsapp-image-2025-09-10-at-084016-960x640.jpeg\" alt=\"xxx\" width=\"960\" height=\"640\"\/><br \/>\n    Il ne restait qu\u2019une carcasse\u2009: le bus a \u00e9t\u00e9 compl\u00e8tement d\u00e9vor\u00e9 par les flammes, mercredi 10 septembre, dans la matin\u00e9e. (\u00a9 actu Rennes)<\/p>\n<p class=\" wall-content\"><strong>La circulation \u00e9tait coup\u00e9e<\/strong> dans les deux sens sur la N136 au niveau de la porte de Nantes\/Alma ainsi que dans le sens int\u00e9rieur, au niveau de la porte des Longs Champs.<\/p>\n<p class=\" wall-content\"><strong>Les v\u00e9hicules blind\u00e9s de la gendarmerie mobile<\/strong> ont repouss\u00e9 les manifestants au fur et \u00e0 mesure.<\/p>\n<p>    <img   decoding=\"async\" loading=\"lazy\" src=\"https:\/\/www.europesays.com\/fr\/wp-content\/uploads\/2025\/09\/whatsapp-image-2025-09-10-at-094530-960x640.jpeg\" alt=\"Les blind\u00e9s de la gendarmerie repoussent les manifestants vers le parking du centre commercial Alma. \" width=\"960\" height=\"640\"\/><br \/>\n    Les blind\u00e9s de la gendarmerie ont \u00e9t\u00e9 mobilis\u00e9s pour repousser les manifestants pr\u00e9sents sur la rocade, en fin de matin\u00e9e. (\u00a9 actu Rennes)<\/p>\n<p class=\" wall-content\"><strong>23\u00a0personnes interpell\u00e9es<\/strong><\/p>\n<p class=\" wall-content\">Selon la pr\u00e9fecture de Bretagne, \u00e0 17h30 mercredi, <strong>23\u00a0personnes ont \u00e9t\u00e9 interpell\u00e9es<\/strong> durant la journ\u00e9e de manifestation.<\/p>\n<p>Votre r\u00e9gion, votre actu !<\/p>\n<p>Recevez chaque jour les infos qui comptent pour vous.<\/p>\n<p>\t<a href=\"https:\/\/actu.fr\/newsletter\" class=\"ac-btn ac-btn--corner ac-btn--medium ac-btn--blue800\" target=\"_blank\" rel=\"noopener\">S&rsquo;incrire<\/a><\/p>\n<p class=\" wall-content\">Cette derni\u00e8re a par ailleurs d\u00e9plor\u00e9 l\u2019action de \u00ab<strong>\u2009divers mouvements d\u2019individus,<\/strong> commettant <strong>de graves troubles \u00e0 l\u2019ordre public<\/strong> par des violences \u00e0 l\u2019encontre des forces de l\u2019ordre\u2009\u00bb.<\/p>\n<p class=\" wall-content\">Au total, toujours selon la pr\u00e9fecture,<strong> 10\u2009400\u00a0personnes<\/strong> ont manifest\u00e9 dans les rues de Rennes, d\u00e8s 12h, au d\u00e9part de la place de la R\u00e9publique. Le syndicat SUD PTT 35, \u00e0 l\u2019initiative de la mobilisation dans le centre-ville, estime quant \u00e0 lui que <strong>15\u2009000\u00a0personnes<\/strong> ont rejoint le mouvement.<\/p>\n<p>Gaz lacrymog\u00e8ne et canon \u00e0 eau<\/p>\n<p class=\" wall-content\">Alors que la manifestation s\u2019est termin\u00e9e, en d\u00e9but d\u2019apr\u00e8s-midi, une partie du cort\u00e8ge s\u2019est dirig\u00e9e vers <strong>la place Sainte-Anne<\/strong>.<\/p>\n<p class=\" wall-content\"><strong>Un traditionnel feu de joie<\/strong> a \u00e9t\u00e9 allum\u00e9 au milieu de la place. Les manifestantes et les manifestants ont dans\u00e9 autour.<\/p>\n<p>    <img   decoding=\"async\" loading=\"lazy\" src=\"https:\/\/www.europesays.com\/fr\/wp-content\/uploads\/2025\/09\/whatsapp-image-2025-09-10-at-144252-960x640.jpeg\" alt=\"La mobilisation de poursuit place Sainte-Anne, \u00e0 Rennes, ce mercredi 10 septembre 2025, en d\u00e9but d'apr\u00e8s-midi. \" width=\"960\" height=\"640\"\/><br \/>\n    La mobilisation s\u2019est poursuivie place Sainte-Anne, \u00e0 Rennes, ce mercredi 10 septembre 2025, en d\u00e9but d\u2019apr\u00e8s-midi. (\u00a9 Brian Le Goff \/ actu Rennes)<\/p>\n<p class=\" wall-content\">Les forces de l\u2019ordre, plac\u00e9es au niveau du centre commercial La visitation, ont progress\u00e9 vers la place. Gaz lacrymog\u00e8ne, canon \u00e0 eau\u2009: la place a \u00e9t\u00e9 \u00e9vacu\u00e9e.<\/p>\n<p>    <img   decoding=\"async\" loading=\"lazy\" src=\"https:\/\/www.europesays.com\/fr\/wp-content\/uploads\/2025\/09\/whatsapp-image-2025-09-10-at-152319-960x640.jpeg\" alt=\"xxx\" width=\"960\" height=\"640\"\/><br \/>\n    La place a \u00e9t\u00e9 \u00e9vacu\u00e9e au moyen d\u2019un canon \u00e0 eau. (\u00a9 Brian Le Goff \/ actu Rennes)<\/p>\n<p class=\" wall-content\">Le cort\u00e8ge s\u2019est d\u00e9plac\u00e9 \u00e0 l\u2019angle de la rue Saint-Malo et de la rue de l\u2019H\u00f4tel-Dieu. <strong>Quelques heurts ont \u00e9clat\u00e9.<\/strong> Finalement, une poign\u00e9e de manifestants est redescendue vers la place de la R\u00e9publique, avant que la manifestation se tarisse.<\/p>\n<p class=\" wall-content\">Personnalisez votre actualit\u00e9 en ajoutant vos villes et m\u00e9dias en favori avec <a href=\"https:\/\/moncompte.actu.fr\" title=\"D\u00e9couvez Mon Actu\" rel=\"nofollow noopener\" data-trk=\"{&quot;cta&quot;:{&quot;action&quot;:&quot;https:\\\/\\\/moncompte.actu.fr&quot;,&quot;category&quot;:&quot;mon compte&quot;,&quot;from&quot;:&quot;article footer&quot;,&quot;name&quot;:&quot;Mon actu&quot;,&quot;type&quot;:&quot;cta&quot;}}\" target=\"_blank\">Mon Actu<\/a>.<\/p>\n","protected":false},"excerpt":{"rendered":"Par Laur\u00e8ne Fertin Publi\u00e9 le 10 sept. 2025 \u00e0 19h10 La journ\u00e9e du mercredi 10\u00a0septembre 2025 a \u00e9t\u00e9,&hellip;\n","protected":false},"author":2,"featured_media":380759,"comment_status":"","ping_status":"","sticky":false,"template":"","format":"standard","meta":{"footnotes":""},"categories":[2821],"tags":[1111,11,829,1777,674,1011,27,6151,1272,50957,12,584,25,104],"class_list":{"0":"post-380758","1":"post","2":"type-post","3":"status-publish","4":"format-standard","5":"has-post-thumbnail","7":"category-rennes","8":"tag-actu","9":"tag-actualites","10":"tag-bretagne","11":"tag-eu","12":"tag-europe","13":"tag-fr","14":"tag-france","15":"tag-greve","16":"tag-manifestations","17":"tag-mouvement-du-10-septembre","18":"tag-news","19":"tag-rennes","20":"tag-republique-francaise","21":"tag-societe"},"share_on_mastodon":{"url":"https:\/\/pubeurope.com\/@fr\/115181165418067809","error":""},"_links":{"self":[{"href":"https:\/\/www.europesays.com\/fr\/wp-json\/wp\/v2\/posts\/380758","targetHints":{"allow":["GET"]}}],"collection":[{"href":"https:\/\/www.europesays.com\/fr\/wp-json\/wp\/v2\/posts"}],"about":[{"href":"https:\/\/www.europesays.com\/fr\/wp-json\/wp\/v2\/types\/post"}],"author":[{"embeddable":true,"href":"https:\/\/www.europesays.com\/fr\/wp-json\/wp\/v2\/users\/2"}],"replies":[{"embeddable":true,"href":"https:\/\/www.europesays.com\/fr\/wp-json\/wp\/v2\/comments?post=380758"}],"version-history":[{"count":0,"href":"https:\/\/www.europesays.com\/fr\/wp-json\/wp\/v2\/posts\/380758\/revisions"}],"wp:featuredmedia":[{"embeddable":true,"href":"https:\/\/www.europesays.com\/fr\/wp-json\/wp\/v2\/media\/380759"}],"wp:attachment":[{"href":"https:\/\/www.europesays.com\/fr\/wp-json\/wp\/v2\/media?parent=380758"}],"wp:term":[{"taxonomy":"category","embeddable":true,"href":"https:\/\/www.europesays.com\/fr\/wp-json\/wp\/v2\/categories?post=380758"},{"taxonomy":"post_tag","embeddable":true,"href":"https:\/\/www.europesays.com\/fr\/wp-json\/wp\/v2\/tags?post=380758"}],"curies":[{"name":"wp","href":"https:\/\/api.w.org\/{rel}","templated":true}]}}