{"id":380760,"date":"2025-09-10T17:24:13","date_gmt":"2025-09-10T17:24:13","guid":{"rendered":"https:\/\/www.europesays.com\/fr\/380760\/"},"modified":"2025-09-10T17:24:13","modified_gmt":"2025-09-10T17:24:13","slug":"les-habitants-du-polygone-alertent-la-maire","status":"publish","type":"post","link":"https:\/\/www.europesays.com\/fr\/380760\/","title":{"rendered":"les habitants du Polygone alertent la maire"},"content":{"rendered":"<p>Une quarantaine de personnes ont r\u00e9pondu pr\u00e9sent au caf\u00e9 avec la maire de Strasbourg qui s\u2019est tenu mardi apr\u00e8s-midi au square Icare. \u00ab\u00a0Le Polygone est un quartier comme un autre, mais un peu \u00e0 la marge, en retrait. Nous \u0153uvrons pour le relier au reste de la ville et y am\u00e9liorer le cadre de vie. Il y a encore des choses \u00e0 faire, mais nous sommes l\u00e0 pour \u00e7a\u00a0\u00bb, introduit Lucette Tisserand, l\u2019\u00e9lue de <a href=\"https:\/\/www.dna.fr\/edition-de-strasbourg\/2019\/06\/27\/au-bout-du-voyage-les-musiciens\" target=\"_blank\" rel=\"noopener\">ce quartier qui r\u00e9sulte de la s\u00e9dentarisation de gens du voyage<\/a><\/p>\n<p>.<\/p>\n<p>Apr\u00e8s un rapide discours \u00e9voquant ses priorit\u00e9s pour le territoire (la lutte contre la pr\u00e9carit\u00e9, le droit \u00e0 la mobilit\u00e9 et des conditions de vie dignes), <a href=\"https:\/\/www.dna.fr\/p\/jeanne-barseghian\" target=\"_blank\" rel=\"noopener\">Jeanne Barseghian<\/a>, accompagn\u00e9e d\u2019\u00e9lus et de bailleurs, a \u00e9chang\u00e9 de mani\u00e8re informelle avec les habitants. Si ce caf\u00e9 a \u00e9t\u00e9 l\u2019occasion pour certains de la saluer et de prendre quelques photos avec elle, plusieurs riverains se sentant encore \u00ab\u00a0oubli\u00e9s et d\u00e9laiss\u00e9s\u00a0\u00bb ont fait part de leurs dol\u00e9ances.<\/p>\n<p>Des malfa\u00e7ons dans les logements<\/p>\n<p>Photo \u00e0 l\u2019appui, une&#8230;<\/p>\n","protected":false},"excerpt":{"rendered":"Une quarantaine de personnes ont r\u00e9pondu pr\u00e9sent au caf\u00e9 avec la maire de Strasbourg qui s\u2019est tenu mardi&hellip;\n","protected":false},"author":2,"featured_media":380761,"comment_status":"","ping_status":"","sticky":false,"template":"","format":"standard","meta":{"footnotes":""},"categories":[2820],"tags":[1111,11,2389,2649,2880,1777,674,107,1011,27,775,1908,12,316,25,104,640,2879,1631],"class_list":{"0":"post-380760","1":"post","2":"type-post","3":"status-publish","4":"format-standard","5":"has-post-thumbnail","7":"category-strasbourg","8":"tag-actu","9":"tag-actualites","10":"tag-alsace","11":"tag-bas-rhin","12":"tag-edition-strasbourg","13":"tag-eu","14":"tag-europe","15":"tag-fil-info","16":"tag-fr","17":"tag-france","18":"tag-grand-est","19":"tag-logement","20":"tag-news","21":"tag-politique","22":"tag-republique-francaise","23":"tag-societe","24":"tag-strasbourg","25":"tag-strasbourg-ville","26":"tag-vie-associative"},"share_on_mastodon":{"url":"https:\/\/pubeurope.com\/@fr\/115181170711183756","error":""},"_links":{"self":[{"href":"https:\/\/www.europesays.com\/fr\/wp-json\/wp\/v2\/posts\/380760","targetHints":{"allow":["GET"]}}],"collection":[{"href":"https:\/\/www.europesays.com\/fr\/wp-json\/wp\/v2\/posts"}],"about":[{"href":"https:\/\/www.europesays.com\/fr\/wp-json\/wp\/v2\/types\/post"}],"author":[{"embeddable":true,"href":"https:\/\/www.europesays.com\/fr\/wp-json\/wp\/v2\/users\/2"}],"replies":[{"embeddable":true,"href":"https:\/\/www.europesays.com\/fr\/wp-json\/wp\/v2\/comments?post=380760"}],"version-history":[{"count":0,"href":"https:\/\/www.europesays.com\/fr\/wp-json\/wp\/v2\/posts\/380760\/revisions"}],"wp:featuredmedia":[{"embeddable":true,"href":"https:\/\/www.europesays.com\/fr\/wp-json\/wp\/v2\/media\/380761"}],"wp:attachment":[{"href":"https:\/\/www.europesays.com\/fr\/wp-json\/wp\/v2\/media?parent=380760"}],"wp:term":[{"taxonomy":"category","embeddable":true,"href":"https:\/\/www.europesays.com\/fr\/wp-json\/wp\/v2\/categories?post=380760"},{"taxonomy":"post_tag","embeddable":true,"href":"https:\/\/www.europesays.com\/fr\/wp-json\/wp\/v2\/tags?post=380760"}],"curies":[{"name":"wp","href":"https:\/\/api.w.org\/{rel}","templated":true}]}}