{"id":380770,"date":"2025-09-10T17:29:21","date_gmt":"2025-09-10T17:29:21","guid":{"rendered":"https:\/\/www.europesays.com\/fr\/380770\/"},"modified":"2025-09-10T17:29:21","modified_gmt":"2025-09-10T17:29:21","slug":"nantes-une-agora-pour-debattre-avec-ceux-qui-ne-pouvaient-pas-se-mobiliser","status":"publish","type":"post","link":"https:\/\/www.europesays.com\/fr\/380770\/","title":{"rendered":"Nantes. Une agora pour \u00ab\u00a0d\u00e9battre avec ceux qui ne pouvaient pas se mobiliser\u00a0\u00bb"},"content":{"rendered":"<p class=\"block date\" id=\"dateEtAuteur\">Publi\u00e9 : 17h59 &#8211; Modifi\u00e9 : 18h03 Dolor\u00e8s  CHARLES <\/p>\n<p><img decoding=\"async\" class=\"\" style=\"width:100%\" src=\"https:\/\/www.europesays.com\/fr\/wp-content\/uploads\/2025\/09\/WhatsApp_Image_2025_09_10_at_15_09_55_1_1757517127570.jpeg\" alt=\"Nantes\"\/>Plusieurs milliers de personnes se sont mobilis\u00e9es ce mercredi 10 septembre dans l\u2019Ouest, dans le cadre du mouvement \u00ab\u00a0Bloquons Tout\u00a0\u00bb particuli\u00e8rement \u00e0 Rennes, Saint-Nazaire, Auray, Brest ou Nantes.  <\/p>\n<p>Dans la Cit\u00e9 des ducs, les points de blocage ou de filtrage n\u2019ont pas tenu longtemps du fait de la pr\u00e9sence de nombreux policiers, comme au plus fort des Gilets jaunes.\u00a0Aux quatre coins de la ville de Nantes, des nuages de fum\u00e9e de gaz lacrymog\u00e8ne&#8230; De quoi d\u00e9piter Justine et Yoann, rencontr\u00e9s par Tom Rossi dans l\u2019un des nombreux rassemblements de la journ\u00e9e.<\/p>\n<blockquote><p>\n\u00ab\u00a0Apr\u00e8s avoir effac\u00e9 le r\u00e9sultat des urnes, l&rsquo;id\u00e9e c&rsquo;est d&rsquo;effacer la visibilit\u00e9 des gens\u00a0\u00bb\n<\/p><\/blockquote>\n<p>\u00ab\u00a0On a manifest\u00e9, on ne nous a pas \u00e9cout\u00e9 ! On est all\u00e9s voter en masse, et on ne nous a pas \u00e9cout\u00e9 ! On a sign\u00e9 une p\u00e9tition contre la loi Duplomb, en masse et rien n&rsquo;a \u00e9t\u00e9 fait et <strong>je ne sais plus quoi faire pour faire entendre mon droit de citoyenne, donc je suis l\u00e0. <\/strong><\/p>\n<p>C&rsquo;est vrai qu&rsquo;il n&rsquo;y a pas forc\u00e9ment d&rsquo;organisation, c&rsquo;est un mouvement citoyen qui est n\u00e9 de nulle part finalement. La seule possibilit\u00e9 d&rsquo;exister c&rsquo;est de r\u00e9ussir \u00e0 manifester et de faire des blocages pour montrer notre position \u00e0 cette politique qu&rsquo;on nous impose. Il y a une r\u00e9pression imm\u00e9diate ! Apr\u00e8s avoir effac\u00e9 le r\u00e9sultat des urnes, l&rsquo;id\u00e9e c&rsquo;est d&rsquo;effacer la visibilit\u00e9 des gens sur les ronds &#8211; points, partout.<strong> Si voter ne sert plus \u00e0 rien et qu&rsquo;on ne peut plus manifester, qu&rsquo;est-ce qu&rsquo;il reste comme solution ? Qu&rsquo;est-ce qu&rsquo;on peut faire?\u00a0\u00bb\u00a0\u00a0<\/strong><\/p>\n<p>Justine et Yoann, rencontr\u00e9s par Tom RossiJustine et Yoann, rencontr\u00e9s par Tom Rossi <\/p>\n<p>A Graslin, dans un village \u00e9ph\u00e9m\u00e8re, il y avait une agora pour d\u00e9battre et permettre \u00e0 ceux qui ne pouvaient pas bloquer, de se mobiliser autrement. Sur place, Sophie recueillait les dol\u00e9ances des manifestants.<\/p>\n<blockquote><p>\n\u00ab\u00a0La nomination de ce premier ministre est encore un tr\u00e8s mauvais signal\u00a0\u00bb\n<\/p><\/blockquote>\n<p>\u00ab\u00a0Ce que j&rsquo;entends, c&rsquo;est un gros ras-le-bol et que la nomination de ce Premier ministre (S\u00e9bastien Lecornu) est un tr\u00e8s mauvais signal et un genre de provocation le jour des blocages pr\u00e9vus ! C&rsquo;est un pr\u00e9sident qui nous dit \u00ab je ne veux pas vous entendre et je fais ce que je veux \u00bb. <\/p>\n<p>Sur la suite du mouvement ? Qu&rsquo;on continue quelques temps, parce que \u00e7a permet de se rassembler, de voir qu&rsquo;on n&rsquo;est pas seul derri\u00e8re nos \u00e9crans, se mobiliser pour faire reculer les id\u00e9es d&rsquo;extr\u00eame droite qui nous divisent pour faire le jeu des \u00e9lites et prot\u00e9ger les ultrariches qui devraient d\u00e9j\u00e0 commencer par payer leurs imp\u00f4ts, plut\u00f4t que de nous faire la morale pour dire que nous cr\u00e9ons le d\u00e9sordre alors qu&rsquo;on est hyper organis\u00e9. Le d\u00e9sordre, c&rsquo;est ne pas nous qui le cr\u00e9ons.\u00a0\u00bb<\/p>\n<p>Sophie au micro de Yann LaunaySophie au micro de Yann Launay<img decoding=\"async\" class=\"\" style=\"width:100%\" src=\"https:\/\/www.europesays.com\/fr\/wp-content\/uploads\/2025\/09\/WhatsApp_Image_2025_09_10_at_15_09_551757517218992.jpeg\" alt=\"Mobilisation place Graslin \u00e0 Nantes\"\/><\/p>\n<p>Mobilisation place Graslin \u00e0 Nantes<\/p>\n<p>Cr\u00e9dit : Tom Rossi<\/p>\n<blockquote><p>\nR\u00e9fl\u00e9chir \u00e0 l\u2019apr\u00e8s 10 septembre&#8230;\n<\/p><\/blockquote>\n<p>Martin, \u00e9tudiant et Etienne, g\u00e9rant d\u2019un bar esp\u00e8rent que cela continue et surtout \u00eatre \u00ab\u00a0entendus \u00ab\u00a0en haut. <strong>Le pr\u00e9sident Emmanuel Macron \u00ab\u00a0a nomm\u00e9 un ministre en deux secondes qui ne repr\u00e9sente pas du tout la France.\u00a0\u00bb<\/strong><\/p>\n<p>Je pense que les manifestations plus classiques sont bien pour cr\u00e9er un sentiment d&rsquo;unit\u00e9, mais il faut beaucoup plus d&rsquo;actions et les blocages comme ce matin et les piquets de gr\u00e8ve sont importants parce que cela bloque le syst\u00e8me. Et si c&rsquo;est g\u00eanant c&rsquo;est tr\u00e8s bien (&#8230;) <strong>C&rsquo;<\/strong><strong>est vraiment \u00e0 travers ces actions-l\u00e0 un peu plus g\u00eanantes pour l&rsquo;Etat qu&rsquo;on peut avancer, et pas juste des manifestations o\u00f9 l&rsquo;on marche.\u00a0\u00bb<\/strong><\/p>\n<p>Martin, \u00e9tudiant et Etienne, g\u00e9rant d\u2019un bar\u00a0Martin, \u00e9tudiant et Etienne, g\u00e9rant d\u2019un bar\u00a0 <\/p>\n<p>Ce mercredi soir, la situation se tend \u00e0 <a href=\"https:\/\/www.ouest-france.fr\/societe\/manifestation\/direct-mouvement-du-10-septembre-en-loire-atlantique-plusieurs-actions-des-4-h-30-a-nantes-ec25e4fe-cca8-4c51-b53f-5a647f4af64e\" rel=\"noopener\" target=\"_blank\">Nantes <\/a>avec des CRS qui ont lanc\u00e9 des grenades de d\u00e9sencerclement \u00e0 l\u2019int\u00e9rieur des Nefs, o\u00f9 devait se tenir une assembl\u00e9e g\u00e9n\u00e9rale.<\/p>\n<p>De nombreux feux de poubelles ont \u00e9t\u00e9 allum\u00e9es sur l&rsquo;\u00eele de Nantes. Il y a eu pour l&rsquo;heure 32 interpellations.<\/p>\n","protected":false},"excerpt":{"rendered":"Publi\u00e9 : 17h59 &#8211; Modifi\u00e9 : 18h03 Dolor\u00e8s CHARLES Plusieurs milliers de personnes se sont mobilis\u00e9es ce mercredi&hellip;\n","protected":false},"author":2,"featured_media":380771,"comment_status":"","ping_status":"","sticky":false,"template":"","format":"standard","meta":{"footnotes":""},"categories":[2818],"tags":[48300,1111,11,51403,1777,674,1011,27,10234,766,12,2636,25],"class_list":{"0":"post-380770","1":"post","2":"type-post","3":"status-publish","4":"format-standard","5":"has-post-thumbnail","7":"category-nantes","8":"tag-10-septembre","9":"tag-actu","10":"tag-actualites","11":"tag-agora","12":"tag-eu","13":"tag-europe","14":"tag-fr","15":"tag-france","16":"tag-mobilisation","17":"tag-nantes","18":"tag-news","19":"tag-pays-de-la-loire","20":"tag-republique-francaise"},"share_on_mastodon":{"url":"https:\/\/pubeurope.com\/@fr\/115181189272285568","error":""},"_links":{"self":[{"href":"https:\/\/www.europesays.com\/fr\/wp-json\/wp\/v2\/posts\/380770","targetHints":{"allow":["GET"]}}],"collection":[{"href":"https:\/\/www.europesays.com\/fr\/wp-json\/wp\/v2\/posts"}],"about":[{"href":"https:\/\/www.europesays.com\/fr\/wp-json\/wp\/v2\/types\/post"}],"author":[{"embeddable":true,"href":"https:\/\/www.europesays.com\/fr\/wp-json\/wp\/v2\/users\/2"}],"replies":[{"embeddable":true,"href":"https:\/\/www.europesays.com\/fr\/wp-json\/wp\/v2\/comments?post=380770"}],"version-history":[{"count":0,"href":"https:\/\/www.europesays.com\/fr\/wp-json\/wp\/v2\/posts\/380770\/revisions"}],"wp:featuredmedia":[{"embeddable":true,"href":"https:\/\/www.europesays.com\/fr\/wp-json\/wp\/v2\/media\/380771"}],"wp:attachment":[{"href":"https:\/\/www.europesays.com\/fr\/wp-json\/wp\/v2\/media?parent=380770"}],"wp:term":[{"taxonomy":"category","embeddable":true,"href":"https:\/\/www.europesays.com\/fr\/wp-json\/wp\/v2\/categories?post=380770"},{"taxonomy":"post_tag","embeddable":true,"href":"https:\/\/www.europesays.com\/fr\/wp-json\/wp\/v2\/tags?post=380770"}],"curies":[{"name":"wp","href":"https:\/\/api.w.org\/{rel}","templated":true}]}}