{"id":380778,"date":"2025-09-10T17:33:09","date_gmt":"2025-09-10T17:33:09","guid":{"rendered":"https:\/\/www.europesays.com\/fr\/380778\/"},"modified":"2025-09-10T17:33:09","modified_gmt":"2025-09-10T17:33:09","slug":"un-acteur-local-veut-ressusciter-le-cachou-lajaunie-pepite-de-toulouse-disparue","status":"publish","type":"post","link":"https:\/\/www.europesays.com\/fr\/380778\/","title":{"rendered":"un acteur local veut ressusciter le Cachou Lajaunie, p\u00e9pite de Toulouse disparue"},"content":{"rendered":"<p>            Par<br \/>\n        <strong><br \/>\n            <a href=\"https:\/\/actu.fr\/auteur\/enzo-legros\" title=\"Consulter tous les articles de Enzo Legros\" rel=\"nofollow noopener\" target=\"_blank\">Enzo Legros<\/a><br \/>\n        <\/strong><\/p>\n<p>        Publi\u00e9 le<\/p>\n<p>            10 sept. 2025 \u00e0 19h00        <\/p>\n<p>La nouvelle a fait l\u2019effet d\u2019une onde de choc pour les plus grands amoureux du <strong>Cachou Lajaunie<\/strong>. Comme r\u00e9v\u00e9l\u00e9 <a href=\"https:\/\/actu.fr\/occitanie\/toulouse_31555\/info-actu-toulouse-fin-de-la-production-du-cachou-lajaunie-friandise-emblematique-de-la-ville-rose_63110883.html\" rel=\"nofollow noopener\" target=\"_blank\">par Actu Toulouse d\u00e9but septembre 2025<\/a>, la production de la c\u00e9l\u00e8bre friandise invent\u00e9e en 1880 dans une pharmacie au c\u0153ur de la Ville rose a \u00e9t\u00e9 stopp\u00e9e il y a un an. L\u2019actuel possesseur de cette pi\u00e8ce du patrimoine toulousain, le groupe italo-n\u00e9erlandais Perfetti Van Melle, a d\u00e9cid\u00e9 de<strong> mettre soudainement fin<\/strong> \u00e0 l\u2019histoire du bonbon de r\u00e9glisse. Contact\u00e9e, l\u2019entreprise s\u2019est exprim\u00e9e sur la situation, pendant qu\u2019un repreneur local s\u2019est distingu\u00e9. On fait le point sur l\u2019avenir de l\u2019iconique bo\u00eete jaune.<\/p>\n<p>Pas de relance rapide du Cachou Lajaunie<\/p>\n<p class=\" wall-content\">Dans <a href=\"https:\/\/www.change.org\/p\/sauvons-les-cachous-lajaunie-tr%C3%A9sor-de-notre-patrimoine-toulousain\" rel=\"nofollow noopener\" target=\"_blank\">une p\u00e9tition en ligne pour sauver la friandise<\/a>, un adorateur du Cachou Lajaunie demandait a minima des explications. Perfetti Van Melle s\u2019ex\u00e9cute aupr\u00e8s d\u2019Actu Toulouse\u2009: \u00ab\u2009Apr\u00e8s une analyse profonde de ses performances et face \u00e0 la baisse de demande, <strong>Perfetti Van Melle a pris la d\u00e9cision difficile d\u2019arr\u00eater la production<\/strong> et la distribution de la marque fran\u00e7aise Cachou Lajaunie\u2009\u00bb.<\/p>\n<p class=\" wall-content\">Actuellement, <strong>le sujet est au point mort<\/strong> dans le groupe italo-n\u00e9erlandais. \u00ab\u2009Pour le moment, Cachou est en arr\u00eat de production, mais il n\u2019est pas impossible que \u00e7a red\u00e9marre, c\u2019est en tout cas le message que nous a fait passer la direction\u2009\u00bb, nous confiait un employ\u00e9 de Perfetti Van France \u00e0 l\u2019annonce de la nouvelle. L\u2019entreprise confirme officiellement cette information :\u00a0<strong>\u00ab\u2009Il n\u2019existe actuellement aucun projet de relance \u00e0 court terme\u2009\u00bb<\/strong>, d\u00e9clare-t-elle.<\/p>\n<p>Un repreneur local se propose<\/p>\n<p class=\" wall-content\">L\u2019espoir de revoir, un jour, des bo\u00eetes de Cachou Lajaunie dans les rayons des supermarch\u00e9s n\u2019est pas encore totalement \u00e9teint. L\u2019id\u00e9e de proposer une reprise \u00e0 l\u2019\u00e9chelle locale est cit\u00e9e dans la p\u00e9tition en ligne. Elle est devenue beaucoup plus concr\u00e8te, samedi 6\u00a0septembre, lorsque <strong>R\u00e9my Groussard<\/strong>, entrepreneur occitan, <strong>s\u2019est port\u00e9 volontaire<\/strong>.<\/p>\n<p class=\" wall-content\">\u00ab\u2009Je suis profond\u00e9ment attach\u00e9 \u00e0 notre r\u00e9gion et son patrimoine sucr\u00e9\u2009\u00bb, explique le g\u00e9rant \u00e0 la t\u00eate de l\u2019Atelier de Tonton Pierrot, un producteur et distributeur de confiseries artisanales \u00e0 B\u00e9ziers, <a href=\"https:\/\/actu.fr\/occitanie\/herault_34\" rel=\"nofollow noopener\" target=\"_blank\">dans l\u2019H\u00e9rault<\/a>. \u00ab\u2009On produit des dizaines de tonnes chaque jour, c\u2019est beaucoup plus que Cachou Lajaunie\u2009\u00bb, indique <strong>R\u00e9my Groussard<\/strong>, s\u00fbr de sa capacit\u00e9 \u00e0 reprendre la marque fran\u00e7aise.<\/p>\n<p>Vid\u00e9os : en ce moment sur Actu\u00ab\u00a0Un lien \u00e9motionnel fort\u00a0\u00bb<\/p>\n<p class=\" wall-content\">Apr\u00e8s avoir rachet\u00e9 au groupe Mondelez la marque Cachou Lajaunie en 2023, Perfetti Van Melle pourrait-elle revendre l\u2019embl\u00e8me <a href=\"https:\/\/actu.fr\/toulouse\/\" rel=\"nofollow noopener\" target=\"_blank\">de Toulouse<\/a> \u00e0 un repreneur local\u2009? Interrog\u00e9e, l\u2019entreprise a seulement indiqu\u00e9 comprendre \u00ab\u2009pleinement le lien \u00e9motionnel fort que les consommateurs entretiennent avec cette marque fran\u00e7aise embl\u00e9matique, car Cachou Lajaunie occupe une place particuli\u00e8re dans le c\u0153ur de ses fid\u00e8les consommateurs depuis des g\u00e9n\u00e9rations, et son h\u00e9ritage dans la confiserie fran\u00e7aise est ind\u00e9niable\u2009\u00bb.<\/p>\n<p>Votre r\u00e9gion, votre actu !<\/p>\n<p>Recevez chaque jour les infos qui comptent pour vous.<\/p>\n<p>\t<a href=\"https:\/\/actu.fr\/newsletter\" class=\"ac-btn ac-btn--corner ac-btn--medium ac-btn--blue800\" rel=\"nofollow noopener\" target=\"_blank\">S&rsquo;incrire<\/a><br \/>\n\u00ab\u00a0Il y a urgence\u00a0\u00bb, avance le candidat \u00e0 la reprise<\/p>\n<p class=\" wall-content\">\u00ab\u2009Une ligne de production, \u00e7a s\u2019entretient pour ne pas rouiller, donc <strong>il y a urgence\u2009\u00bb<\/strong>, avance le candidat \u00e0 une reprise, qui est pr\u00eat \u00e0 racheter la machine qui produisait jusqu\u2019ici le Cachou.<\/p>\n<p class=\" wall-content\">Ce dernier a choisi de s\u2019engager dans ce projet apr\u00e8s avoir vu de nombreuses marques fran\u00e7aises \u00eatre rachet\u00e9es par des groupes \u00e9trangers, comme <strong>Lu<\/strong>, <a href=\"https:\/\/actu.fr\/pays-de-la-loire\/la-haie-fouassiere_44070\/video-pres-de-nantes-lusine-lu-sappuie-sur-son-petit-beurre-pour-grignoter-des-parts-de-marche_61942522.html\" rel=\"nofollow noopener\" target=\"_blank\">d\u00e9tenu par Mondelez depuis 2007,<\/a> apr\u00e8s plus d\u2019un si\u00e8cle sous pavillon fran\u00e7ais. \u00ab\u2009Je ne veux pas \u00eatre spectateur de cela\u2009\u00bb, conclut l\u2019entrepreneur.<\/p>\n<p class=\" wall-content\">Personnalisez votre actualit\u00e9 en ajoutant vos villes et m\u00e9dias en favori avec <a href=\"https:\/\/moncompte.actu.fr\" title=\"D\u00e9couvez Mon Actu\" rel=\"nofollow noopener\" data-trk=\"{&quot;cta&quot;:{&quot;action&quot;:&quot;https:\\\/\\\/moncompte.actu.fr&quot;,&quot;category&quot;:&quot;mon compte&quot;,&quot;from&quot;:&quot;article footer&quot;,&quot;name&quot;:&quot;Mon actu&quot;,&quot;type&quot;:&quot;cta&quot;}}\" target=\"_blank\">Mon Actu<\/a>.<\/p>\n","protected":false},"excerpt":{"rendered":"Par Enzo Legros Publi\u00e9 le 10 sept. 2025 \u00e0 19h00 La nouvelle a fait l\u2019effet d\u2019une onde de&hellip;\n","protected":false},"author":2,"featured_media":380779,"comment_status":"","ping_status":"","sticky":false,"template":"","format":"standard","meta":{"footnotes":""},"categories":[2816],"tags":[1111,11,33,1777,674,1011,27,12,2680,2551,25,2312],"class_list":{"0":"post-380778","1":"post","2":"type-post","3":"status-publish","4":"format-standard","5":"has-post-thumbnail","7":"category-toulouse","8":"tag-actu","9":"tag-actualites","10":"tag-economie","11":"tag-eu","12":"tag-europe","13":"tag-fr","14":"tag-france","15":"tag-news","16":"tag-occitanie","17":"tag-patrimoine","18":"tag-republique-francaise","19":"tag-toulouse"},"share_on_mastodon":{"url":"","error":""},"_links":{"self":[{"href":"https:\/\/www.europesays.com\/fr\/wp-json\/wp\/v2\/posts\/380778","targetHints":{"allow":["GET"]}}],"collection":[{"href":"https:\/\/www.europesays.com\/fr\/wp-json\/wp\/v2\/posts"}],"about":[{"href":"https:\/\/www.europesays.com\/fr\/wp-json\/wp\/v2\/types\/post"}],"author":[{"embeddable":true,"href":"https:\/\/www.europesays.com\/fr\/wp-json\/wp\/v2\/users\/2"}],"replies":[{"embeddable":true,"href":"https:\/\/www.europesays.com\/fr\/wp-json\/wp\/v2\/comments?post=380778"}],"version-history":[{"count":0,"href":"https:\/\/www.europesays.com\/fr\/wp-json\/wp\/v2\/posts\/380778\/revisions"}],"wp:featuredmedia":[{"embeddable":true,"href":"https:\/\/www.europesays.com\/fr\/wp-json\/wp\/v2\/media\/380779"}],"wp:attachment":[{"href":"https:\/\/www.europesays.com\/fr\/wp-json\/wp\/v2\/media?parent=380778"}],"wp:term":[{"taxonomy":"category","embeddable":true,"href":"https:\/\/www.europesays.com\/fr\/wp-json\/wp\/v2\/categories?post=380778"},{"taxonomy":"post_tag","embeddable":true,"href":"https:\/\/www.europesays.com\/fr\/wp-json\/wp\/v2\/tags?post=380778"}],"curies":[{"name":"wp","href":"https:\/\/api.w.org\/{rel}","templated":true}]}}