{"id":38078,"date":"2025-04-20T05:16:08","date_gmt":"2025-04-20T05:16:08","guid":{"rendered":"https:\/\/www.europesays.com\/fr\/38078\/"},"modified":"2025-04-20T05:16:08","modified_gmt":"2025-04-20T05:16:08","slug":"marine-tondelier-conserve-sa-veste-de-secretaire-nationale-des-ecologistes","status":"publish","type":"post","link":"https:\/\/www.europesays.com\/fr\/38078\/","title":{"rendered":"Marine Tondelier conserve sa veste de secr\u00e9taire nationale des \u00c9cologistes"},"content":{"rendered":"<p>Avec 73 % des suffrages, l&rsquo;\u00e9cologiste Marine Tondelier est reconduite d\u00e8s le premier tour au poste de secr\u00e9taire nationale du parti ce 19 avril. Les 14 000 adh\u00e9rents \u00e9taient invit\u00e9s \u00e0 voter cette semaine.<\/p>\n<p>Un tel score avec trois concurrents en face, c&rsquo;est assez rare dans la vie d\u2019un parti, se f\u00e9licite Marine Tondelier qui a donc largement convaincu malgr\u00e9 des critiques en interne. Sa concurrence lui reprochait l\u2019\u00e9chec cinglant aux \u00e9lections europ\u00e9ennes et la r\u00e9cente modification des r\u00e8gles du scrutin.<\/p>\n<p>\u00ab Ce n&rsquo;est pas moi qui voulais changer les statuts. C&rsquo;\u00e9tait un d\u00e9bat persistant dans le parti depuis dix ans. Moi, j&rsquo;ai men\u00e9 \u00e0 bien un projet qu&rsquo;on m&rsquo;avait demand\u00e9 et ce n&rsquo;est pas moi non plus qui les ait \u00e9crits. Ils ont \u00e9t\u00e9 \u00e9crits au consensus avec des gens de diverses sensibilit\u00e9s \u00bb, justifie la secr\u00e9taire nationale du parti.<\/p>\n<p>Marine Tondelier a d\u00e9sormais en ligne de mire la convention d&rsquo;investiture des \u00e9cologistes les 26 et 27 avril prochain. \u00ab Si vous attendez des scoops politiques de ma part, il faut revenir le 26 parce que c&rsquo;est l\u00e0 qu&rsquo;auront lieu mes premi\u00e8res annonces en tant que secr\u00e9taire nationale \u00bb, pr\u00e9vient Marine Tondelier.<\/p>\n<p>\u00c0 lire aussi<a href=\"https:\/\/www.rfi.fr\/fr\/podcasts\/politique-le-choix-de-la-semaine\/20250302-congr\u00e8s-affaire-bayou-les-\u00e9cologistes-dans-la-tourmente\" class=\"link \" rel=\"nofollow noopener\" target=\"_blank\" data-ylk=\"slk:Congr\u00e8s, affaire Bayou, les \u00c9cologistes dans la tourmente;elm:context_link;itc:0;sec:content-canvas\">Congr\u00e8s, affaire Bayou, les \u00c9cologistes dans la tourmente<\/a><\/p>\n<p>En qu\u00eate d&rsquo;un cadre commun pour la pr\u00e9sidentielle de 2027<\/p>\n<p>Sur la strat\u00e9gie des municipales de l\u2019an prochain, on la conna\u00eet d\u00e9j\u00e0 en partie : revendiquer de travailler avec tout le monde \u00e0 gauche.<\/p>\n<p><a href=\"https:\/\/www.rfi.fr\/fr\/france\/20250419-france-marine-tondelier-conserve-sa-veste-de-secr%C3%A9taire-nationale-des-%C3%A9cologistes\" rel=\"nofollow noopener\" target=\"_blank\" data-ylk=\"slk:Lire la suite sur RFI;elm:context_link;itc:0;sec:content-canvas\" class=\"link \">Lire la suite sur RFI<\/a><\/p>\n","protected":false},"excerpt":{"rendered":"Avec 73 % des suffrages, l&rsquo;\u00e9cologiste Marine Tondelier est reconduite d\u00e8s le premier tour au poste de secr\u00e9taire&hellip;\n","protected":false},"author":2,"featured_media":38079,"comment_status":"","ping_status":"","sticky":false,"template":"","format":"standard","meta":{"footnotes":""},"categories":[4],"tags":[11,1011,27,4729,12,25,12040],"class_list":{"0":"post-38078","1":"post","2":"type-post","3":"status-publish","4":"format-standard","5":"has-post-thumbnail","7":"category-france","8":"tag-actualites","9":"tag-fr","10":"tag-france","11":"tag-marine-tondelier","12":"tag-news","13":"tag-republique-francaise","14":"tag-secretaire"},"share_on_mastodon":{"url":"https:\/\/pubeurope.com\/@fr\/114368596220966440","error":""},"_links":{"self":[{"href":"https:\/\/www.europesays.com\/fr\/wp-json\/wp\/v2\/posts\/38078","targetHints":{"allow":["GET"]}}],"collection":[{"href":"https:\/\/www.europesays.com\/fr\/wp-json\/wp\/v2\/posts"}],"about":[{"href":"https:\/\/www.europesays.com\/fr\/wp-json\/wp\/v2\/types\/post"}],"author":[{"embeddable":true,"href":"https:\/\/www.europesays.com\/fr\/wp-json\/wp\/v2\/users\/2"}],"replies":[{"embeddable":true,"href":"https:\/\/www.europesays.com\/fr\/wp-json\/wp\/v2\/comments?post=38078"}],"version-history":[{"count":0,"href":"https:\/\/www.europesays.com\/fr\/wp-json\/wp\/v2\/posts\/38078\/revisions"}],"wp:featuredmedia":[{"embeddable":true,"href":"https:\/\/www.europesays.com\/fr\/wp-json\/wp\/v2\/media\/38079"}],"wp:attachment":[{"href":"https:\/\/www.europesays.com\/fr\/wp-json\/wp\/v2\/media?parent=38078"}],"wp:term":[{"taxonomy":"category","embeddable":true,"href":"https:\/\/www.europesays.com\/fr\/wp-json\/wp\/v2\/categories?post=38078"},{"taxonomy":"post_tag","embeddable":true,"href":"https:\/\/www.europesays.com\/fr\/wp-json\/wp\/v2\/tags?post=38078"}],"curies":[{"name":"wp","href":"https:\/\/api.w.org\/{rel}","templated":true}]}}