{"id":380780,"date":"2025-09-10T17:34:33","date_gmt":"2025-09-10T17:34:33","guid":{"rendered":"https:\/\/www.europesays.com\/fr\/380780\/"},"modified":"2025-09-10T17:34:33","modified_gmt":"2025-09-10T17:34:33","slug":"la-tres-attendue-fete-de-la-sorciere-revient-a-villeneuve-dascq-les-inscriptions-sont-ouvertes","status":"publish","type":"post","link":"https:\/\/www.europesays.com\/fr\/380780\/","title":{"rendered":"La tr\u00e8s attendue F\u00eate de la sorci\u00e8re revient \u00e0 Villeneuve-d&rsquo;Ascq : les inscriptions sont ouvertes\u00a0!"},"content":{"rendered":"<p>            Par<br \/>\n        <strong><br \/>\n            <a href=\"https:\/\/actu.fr\/auteur\/margot-nicodeme\" title=\"Consulter tous les articles de Margot Nicod\u00e8me\" rel=\"nofollow noopener\" target=\"_blank\">Margot Nicod\u00e8me<\/a><br \/>\n        <\/strong><\/p>\n<p>        Publi\u00e9 le<\/p>\n<p>            10 sept. 2025 \u00e0 17h16        <\/p>\n<p>C\u2019est chaque ann\u00e9e un franc succ\u00e8s, qui marque l\u2019arriv\u00e9e de l\u2019automne : le <b>m<\/b><b>us\u00e9e de Plein Air<\/b> de <a href=\"https:\/\/actu.fr\/hauts-de-france\/villeneuve-d-ascq_59009\" rel=\"nofollow noopener\" target=\"_blank\">Villeneuve-d\u2019Ascq<\/a> (Nord)\u2009organise en 2025<b> sa 16e F\u00eate de la sorci\u00e8re<\/b>\u2009! Halloween ne sera plus tr\u00e8s loin, puisque cette prochaine \u00e9dition se tiendra les samedi 11 et dimanche 12 octobre. Des costumes, un ballet de sorci\u00e8res et de nombreuses autres surprises attendent le public\u2026 Ne tardez pas \u00e0 prendre vos places !<\/p>\n<p>La F\u00eate de la sorci\u00e8re revient au mus\u00e9e de Plein air de Villeneuve-d\u2019Ascq les 11 et 12 octobre<br \/>\n    <img   decoding=\"async\" loading=\"lazy\" class=\"size-large\" src=\"https:\/\/www.europesays.com\/fr\/wp-content\/uploads\/2025\/09\/737d975d7a256197d975d7a250d7d9v-960x640.jpg\" alt=\"f\u00eate sorci\u00e8re\" width=\"960\" height=\"640\"\/><br \/>\n    Zo\u00e9, ici, est devenue la mascotte de l\u2019\u00e9v\u00e9nement ! \u00a9Anne-Sophie Hourdeaux\u00a0<\/p>\n<p class=\" wall-content\">Le rendez-vous est tr\u00e8s pl\u00e9biscit\u00e9 : <b>quelque 20 000 visiteurs<\/b>, amateurs de frissons et de d\u00e9cors \u00e0 couper le souffle, s\u2019y rendent d\u2019ann\u00e9e en ann\u00e9e. La f\u00eate y est d\u00e9crite par l\u2019\u00e9quipe du mus\u00e9e comme \u00ab\u00a0ensorcelante\u00a0\u00bb, avec <b>la tr\u00e8s att<\/b><b>endue Zo\u00e9 la sorci\u00e8re<\/b>\u2026 v\u00e9ritable mascotte de l\u2019\u00e9v\u00e9nement. \u00ab\u00a0Vous pourrez la d\u00e9couvrir en chair et en os, d\u00e9ambulant dans les all\u00e9es du mus\u00e9e ou dans sa chaumi\u00e8re !\u00a0\u00bb<\/p>\n<p>    <img   decoding=\"async\" loading=\"lazy\" class=\"size-large\" src=\"https:\/\/www.europesays.com\/fr\/wp-content\/uploads\/2025\/09\/7fced85d7a25683ded85d7a2557dedv-960x640.jpg\" alt=\"f\u00eate sorci\u00e8re\" width=\"960\" height=\"640\"\/><br \/>\n    Quelque 20 000 personnes s\u2019y pressent chaque ann\u00e9e. \u00a9Anne-Sophie Hourdeaux\u00a0<\/p>\n<p class=\" wall-content\">Zo\u00e9 sera aussi pr\u00e9sente sur plusieurs animations : concours de costumes, ballet des sorci\u00e8res, le \u00ab\u00a0sentier de Zo\u00e9\u00a0\u00bb, qui permettra de conna\u00eetre son histoire et d\u00e9couvrir sa chaumi\u00e8re \u00e0 l\u2019or\u00e9e du bois\u2026 De jolis myst\u00e8res y seront d\u00e9voil\u00e9s !<\/p>\n<p class=\" wall-content\">La <b>r\u00e9servation est obligatoire<\/b>, et elle est d\u2019ores et d\u00e9j\u00e0 ouverte en ligne (y compris pour les abonn\u00e9s et billets gratuits). Rendez-vous <a href=\"https:\/\/enm.lillemetropole.fr\/billetterie-du-musee-de-plein-air?fbclid=IwY2xjawMuTxFleHRuA2FlbQIxMABicmlkETF3cU92QlAxbFZhZmtJZllXAR4yNQve5AMX842t-WK2QCK27f60xIap9Ui-40MPd1Q4pW51kl_7rjoKphRZyg_aem_1BFoMHVAHjmPrSjB9XKq_A\" rel=\"nofollow noopener\" target=\"_blank\">sur le site de la M\u00e9tropole de Lille.<\/a><\/p>\n<p>La F\u00eate de la sorci\u00e8re au mus\u00e9e de Plein air \u00e0 Villeneuve-d\u2019Ascq, les 11 et 12 octobre. Il faut compter 5 \u20ac le tarif plein, 3 \u20ac le tarif r\u00e9duit (\u00e9tudiants, titulaires RSA\u2026) et c\u2019est gratuit pour les moins de 4 ans, et les enfants d\u00e9guis\u00e9s. Des tarifs pr\u00e9f\u00e9rentiels sont aussi propos\u00e9s pour les familles. Toutes les infos <a href=\"https:\/\/enm.lillemetropole.fr\/billetterie-du-musee-de-plein-air?fbclid=IwY2xjawMuTxFleHRuA2FlbQIxMABicmlkETF3cU92QlAxbFZhZmtJZllXAR4yNQve5AMX842t-WK2QCK27f60xIap9Ui-40MPd1Q4pW51kl_7rjoKphRZyg_aem_1BFoMHVAHjmPrSjB9XKq_A\" rel=\"nofollow noopener\" target=\"_blank\">en ligne<\/a>.\u00a0<\/p>\n<p class=\" wall-content\">Personnalisez votre actualit\u00e9 en ajoutant vos villes et m\u00e9dias en favori avec <a href=\"https:\/\/moncompte.actu.fr\" title=\"D\u00e9couvez Mon Actu\" rel=\"nofollow noopener\" data-trk=\"{&quot;cta&quot;:{&quot;action&quot;:&quot;https:\\\/\\\/moncompte.actu.fr&quot;,&quot;category&quot;:&quot;mon compte&quot;,&quot;from&quot;:&quot;article footer&quot;,&quot;name&quot;:&quot;Mon actu&quot;,&quot;type&quot;:&quot;cta&quot;}}\" target=\"_blank\">Mon Actu<\/a>.<\/p>\n","protected":false},"excerpt":{"rendered":"Par Margot Nicod\u00e8me Publi\u00e9 le 10 sept. 2025 \u00e0 17h16 C\u2019est chaque ann\u00e9e un franc succ\u00e8s, qui marque&hellip;\n","protected":false},"author":2,"featured_media":380781,"comment_status":"","ping_status":"","sticky":false,"template":"","format":"standard","meta":{"footnotes":""},"categories":[2815],"tags":[1111,11,1777,674,652,1011,27,20815,811,1307,1652,12,25],"class_list":{"0":"post-380780","1":"post","2":"type-post","3":"status-publish","4":"format-standard","5":"has-post-thumbnail","7":"category-lille","8":"tag-actu","9":"tag-actualites","10":"tag-eu","11":"tag-europe","12":"tag-famille","13":"tag-fr","14":"tag-france","15":"tag-halloween","16":"tag-hauts-de-france","17":"tag-lille","18":"tag-loisirs-culture","19":"tag-news","20":"tag-republique-francaise"},"share_on_mastodon":{"url":"https:\/\/pubeurope.com\/@fr\/115181208858766710","error":""},"_links":{"self":[{"href":"https:\/\/www.europesays.com\/fr\/wp-json\/wp\/v2\/posts\/380780","targetHints":{"allow":["GET"]}}],"collection":[{"href":"https:\/\/www.europesays.com\/fr\/wp-json\/wp\/v2\/posts"}],"about":[{"href":"https:\/\/www.europesays.com\/fr\/wp-json\/wp\/v2\/types\/post"}],"author":[{"embeddable":true,"href":"https:\/\/www.europesays.com\/fr\/wp-json\/wp\/v2\/users\/2"}],"replies":[{"embeddable":true,"href":"https:\/\/www.europesays.com\/fr\/wp-json\/wp\/v2\/comments?post=380780"}],"version-history":[{"count":0,"href":"https:\/\/www.europesays.com\/fr\/wp-json\/wp\/v2\/posts\/380780\/revisions"}],"wp:featuredmedia":[{"embeddable":true,"href":"https:\/\/www.europesays.com\/fr\/wp-json\/wp\/v2\/media\/380781"}],"wp:attachment":[{"href":"https:\/\/www.europesays.com\/fr\/wp-json\/wp\/v2\/media?parent=380780"}],"wp:term":[{"taxonomy":"category","embeddable":true,"href":"https:\/\/www.europesays.com\/fr\/wp-json\/wp\/v2\/categories?post=380780"},{"taxonomy":"post_tag","embeddable":true,"href":"https:\/\/www.europesays.com\/fr\/wp-json\/wp\/v2\/tags?post=380780"}],"curies":[{"name":"wp","href":"https:\/\/api.w.org\/{rel}","templated":true}]}}